{"id":26436,"date":"2026-02-10T23:30:09","date_gmt":"2026-02-10T23:30:09","guid":{"rendered":"https:\/\/bihavadis.com\/?p=26436"},"modified":"2026-02-10T23:30:09","modified_gmt":"2026-02-10T23:30:09","slug":"bitliste-kar-yagisi-100-koy-yolu-kapandi","status":"publish","type":"post","link":"https:\/\/bihavadis.com\/index.php\/2026\/02\/10\/bitliste-kar-yagisi-100-koy-yolu-kapandi\/","title":{"rendered":"Bitlis&#8217;te Kar Ya\u011f\u0131\u015f\u0131, 100 K\u00f6y Yolu Kapand\u0131"},"content":{"rendered":"<p>\n<p>B\u0130TL\u0130S&#8217;te etkili olan kar ya\u011f\u0131\u015f\u0131 nedeniyle 100 k\u00f6y ve mezra yolu ile ula\u015f\u0131m sa\u011flanam\u0131yor. Kar kal\u0131nl\u0131\u011f\u0131 y\u00fcksek kesimlerde 1 metreyi a\u015farken, ekipler kapal\u0131 yollar\u0131 a\u00e7mak i\u00e7in zorlu bir m\u00fccadele y\u00fcr\u00fct\u00fcyor.<\/p>\n<p>Meteorolojinin uyar\u0131s\u0131 sonras\u0131 Bitlis&#8217;te kar ya\u011f\u0131\u015f\u0131 etkili oldu. Kar kal\u0131nl\u0131\u011f\u0131n\u0131n y\u00fcksek kesimlerde 1 metreyi a\u015ft\u0131\u011f\u0131 ya\u011f\u0131\u015f nedeniyle kentte 100 k\u00f6y ve mezra yolu ula\u015f\u0131ma kapand\u0131. Yollar\u0131n a\u00e7\u0131lmas\u0131 i\u00e7in 70 i\u015f makinesi ve 90 personelle \u00e7al\u0131\u015fma y\u00fcr\u00fct\u00fcl\u00fcyor. Yetkililer, rak\u0131m\u0131 y\u00fcksek k\u00f6ylerde ya\u015fayan vatanda\u015flar\u0131n \u00e7\u0131\u011f riskine kar\u015f\u0131 dikkatli olmalar\u0131 uyar\u0131s\u0131nda bulundu. <\/p>\n","protected":false},"excerpt":{"rendered":"<p>Bitlis&#8217;te 1 metreyi a\u015fan kar kal\u0131nl\u0131\u011f\u0131 nedeniyle 100 k\u00f6y yolu ula\u015f\u0131ma kapand\u0131, ekipler \u00e7al\u0131\u015f\u0131yor.<\/p>\n","protected":false},"author":1,"featured_media":26437,"comment_status":"open","ping_status":"open","sticky":false,"template":"","format":"standard","meta":{"footnotes":""},"categories":[9,4,13],"tags":[297],"class_list":["post-26436","post","type-post","status-publish","format-standard","has-post-thumbnail","hentry","category-genel","category-gundem","category-son-dakika","tag-kar"],"_links":{"self":[{"href":"https:\/\/bihavadis.com\/index.php\/wp-json\/wp\/v2\/posts\/26436","targetHints":{"allow":["GET"]}}],"collection":[{"href":"https:\/\/bihavadis.com\/index.php\/wp-json\/wp\/v2\/posts"}],"about":[{"href":"https:\/\/bihavadis.com\/index.php\/wp-json\/wp\/v2\/types\/post"}],"author":[{"embeddable":true,"href":"https:\/\/bihavadis.com\/index.php\/wp-json\/wp\/v2\/users\/1"}],"replies":[{"embeddable":true,"href":"https:\/\/bihavadis.com\/index.php\/wp-json\/wp\/v2\/comments?post=26436"}],"version-history":[{"count":1,"href":"https:\/\/bihavadis.com\/index.php\/wp-json\/wp\/v2\/posts\/26436\/revisions"}],"predecessor-version":[{"id":26438,"href":"https:\/\/bihavadis.com\/index.php\/wp-json\/wp\/v2\/posts\/26436\/revisions\/26438"}],"wp:featuredmedia":[{"embeddable":true,"href":"https:\/\/bihavadis.com\/index.php\/wp-json\/wp\/v2\/media\/26437"}],"wp:attachment":[{"href":"https:\/\/bihavadis.com\/index.php\/wp-json\/wp\/v2\/media?parent=26436"}],"wp:term":[{"taxonomy":"category","embeddable":true,"href":"https:\/\/bihavadis.com\/index.php\/wp-json\/wp\/v2\/categories?post=26436"},{"taxonomy":"post_tag","embeddable":true,"href":"https:\/\/bihavadis.com\/index.php\/wp-json\/wp\/v2\/tags?post=26436"}],"curies":[{"name":"wp","href":"https:\/\/api.w.org\/{rel}","templated":true}]}}