{"id":26459,"date":"2026-02-10T23:48:07","date_gmt":"2026-02-10T23:48:07","guid":{"rendered":"https:\/\/bihavadis.com\/?p=26459"},"modified":"2026-02-10T23:48:07","modified_gmt":"2026-02-10T23:48:07","slug":"bursanin-17-ilcesinde-kadinlara-yildirim-destek","status":"publish","type":"post","link":"https:\/\/bihavadis.com\/index.php\/2026\/02\/10\/bursanin-17-ilcesinde-kadinlara-yildirim-destek\/","title":{"rendered":"Bursa&#8217;n\u0131n 17 il\u00e7esinde kad\u0131nlara &#8216;Y\u0131ld\u0131r\u0131m&#8217; destek"},"content":{"rendered":"<p>Y\u0131ld\u0131r\u0131m Belediyesi, hayat\u0131n her alan\u0131nda destekledi\u011fi kad\u0131nlara y\u00f6nelik yeni bir \u00e7al\u0131\u015fmay\u0131 daha hayata ge\u00e7irdi. Y\u0131ld\u0131r\u0131m Belediyesi Kad\u0131n Aile M\u00fcd\u00fcrl\u00fc\u011f\u00fc ve Tar\u0131m ve Orman \u0130l M\u00fcd\u00fcrl\u00fc\u011f\u00fc K\u0131rsal Kalk\u0131nma ve \u00d6rg\u00fctlenme \u015eube M\u00fcd\u00fcrl\u00fc\u011f\u00fc, kad\u0131nlar\u0131n ekonomik ve sosyal hayatta daha g\u00fc\u00e7l\u00fc yer almalar\u0131 i\u00e7in \u00f6nemli bir i\u015f birli\u011fine imza att\u0131. &#8216;Kad\u0131nlar\u0131n Kooperatifler Yoluyla G\u00fc\u00e7lendirilmesi \u0130\u015f Birli\u011fi Protokol\u00fc 2026 Porgram\u0131&#8217; kapsam\u0131nda; Bursa&#8217;n\u0131n 17 il\u00e7esi ve k\u0131rsal mahallelerinde kooperatifle\u015fmek isteyen giri\u015fimci kad\u0131nlara mentorluk deste\u011fi sunulacak.<\/p>\n<p>Y\u0131ld\u0131r\u0131m Belediyesi&#8217;nin \u00fcreten kad\u0131nlara y\u00f6nelik sa\u011flad\u0131\u011f\u0131 desteklerin yeni ad\u0131m\u0131 olan proje kapsam\u0131nda; kooperatif kurmak isteyen kad\u0131nlara yol haritas\u0131 \u00e7iziliyor, mevcut giri\u015fimcilik fikirleri s\u00fcrd\u00fcr\u00fclebilir i\u015f modellerine d\u00f6n\u00fc\u015f\u00fcyor, kad\u0131n eme\u011fi g\u00fc\u00e7lendiriliyor. Alan\u0131nda uzman e\u011fitmenler ve payda\u015flar\u0131n katk\u0131lar\u0131yla y\u00fcr\u00fct\u00fclen e\u011fitim s\u00fcrecinde; kad\u0131nlara \u00fcretimden y\u00f6netime, pazarlamadan kurumsalla\u015fmaya kadar geni\u015f bir yelpazade ment\u00f6rl\u00fck deste\u011fi sa\u011flan\u0131yor. Yerel kalk\u0131nma ve kooperatif k\u00fclt\u00fcr\u00fcn\u00fcn yayg\u0131nla\u015fmas\u0131na katk\u0131 sa\u011flayacak proje, kad\u0131n giri\u015fimciler i\u00e7in de \u00f6nemli bir f\u0131rsat olacak.<\/p>\n<p>Y\u0131ld\u0131r\u0131m Belediye Ba\u015fkan\u0131 Oktay Y\u0131lmaz, kad\u0131nlar\u0131n sosyal ve ekonomik hayatta daha g\u00fc\u00e7l\u00fc yer almalar\u0131n\u0131 \u00f6nemsediklerini belirterek, &#8220;Y\u0131ld\u0131r\u0131m Belediyesi olarak kad\u0131nlar\u0131m\u0131z\u0131 hayat\u0131n her alan\u0131nda desteklemeye devam ediyoruz. Kad\u0131nlar\u0131n \u00fcretimde, istihdamda ve giri\u015fimcilikte daha fazla yer almas\u0131, \u015fehirlerin kalk\u0131nmas\u0131na da do\u011frudan katk\u0131 sunmaktad\u0131r. Kad\u0131n eme\u011fini g\u00fc\u00e7lendiren her \u00e7al\u0131\u015fmay\u0131, kentimizin gelece\u011fine yap\u0131lan bir yat\u0131r\u0131m olarak g\u00f6r\u00fcyoruz. Bu do\u011frultuda kad\u0131nlara y\u00f6nelik desteklerimizi art\u0131rarak s\u00fcrd\u00fcrece\u011fiz&#8221; dedi. &#8211; BURSA<\/p>\n","protected":false},"excerpt":{"rendered":"<p>Y\u0131ld\u0131r\u0131m Belediyesi, kad\u0131nlar\u0131n ekonomik ve sosyal ya\u015famda daha g\u00fc\u00e7l\u00fc bir yer edinmeleri i\u00e7in &#8216;Kad\u0131nlar\u0131n Kooperatifler Yoluyla G\u00fc\u00e7lendirilmesi \u0130\u015f Birli\u011fi Protokol\u00fc&#8217; kapsam\u0131nda yeni bir projeyi hayata ge\u00e7irdi. Proje ile giri\u015fimci kad\u0131nlara kooperatif kurma s\u00fcrecinde mentorluk deste\u011fi sunulacak.<\/p>\n","protected":false},"author":1,"featured_media":26460,"comment_status":"open","ping_status":"open","sticky":false,"template":"","format":"standard","meta":{"footnotes":""},"categories":[8],"tags":[380,4351,4352],"class_list":["post-26459","post","type-post","status-publish","format-standard","has-post-thumbnail","hentry","category-ekonomi","tag-kadin","tag-kadinlara","tag-yildirim-belediye"],"_links":{"self":[{"href":"https:\/\/bihavadis.com\/index.php\/wp-json\/wp\/v2\/posts\/26459","targetHints":{"allow":["GET"]}}],"collection":[{"href":"https:\/\/bihavadis.com\/index.php\/wp-json\/wp\/v2\/posts"}],"about":[{"href":"https:\/\/bihavadis.com\/index.php\/wp-json\/wp\/v2\/types\/post"}],"author":[{"embeddable":true,"href":"https:\/\/bihavadis.com\/index.php\/wp-json\/wp\/v2\/users\/1"}],"replies":[{"embeddable":true,"href":"https:\/\/bihavadis.com\/index.php\/wp-json\/wp\/v2\/comments?post=26459"}],"version-history":[{"count":1,"href":"https:\/\/bihavadis.com\/index.php\/wp-json\/wp\/v2\/posts\/26459\/revisions"}],"predecessor-version":[{"id":26461,"href":"https:\/\/bihavadis.com\/index.php\/wp-json\/wp\/v2\/posts\/26459\/revisions\/26461"}],"wp:featuredmedia":[{"embeddable":true,"href":"https:\/\/bihavadis.com\/index.php\/wp-json\/wp\/v2\/media\/26460"}],"wp:attachment":[{"href":"https:\/\/bihavadis.com\/index.php\/wp-json\/wp\/v2\/media?parent=26459"}],"wp:term":[{"taxonomy":"category","embeddable":true,"href":"https:\/\/bihavadis.com\/index.php\/wp-json\/wp\/v2\/categories?post=26459"},{"taxonomy":"post_tag","embeddable":true,"href":"https:\/\/bihavadis.com\/index.php\/wp-json\/wp\/v2\/tags?post=26459"}],"curies":[{"name":"wp","href":"https:\/\/api.w.org\/{rel}","templated":true}]}}