{"id":26538,"date":"2026-02-11T00:48:09","date_gmt":"2026-02-11T00:48:09","guid":{"rendered":"https:\/\/bihavadis.com\/?p=26538"},"modified":"2026-02-11T00:48:09","modified_gmt":"2026-02-11T00:48:09","slug":"trakyaya-kar-yagisi-uyarisi","status":"publish","type":"post","link":"https:\/\/bihavadis.com\/index.php\/2026\/02\/11\/trakyaya-kar-yagisi-uyarisi\/","title":{"rendered":"Trakya&#8217;ya Kar Ya\u011f\u0131\u015f\u0131 Uyar\u0131s\u0131"},"content":{"rendered":"<p>\n<p>METEOROLOJ\u0130 Genel M\u00fcd\u00fcrl\u00fc\u011f\u00fc (MGM), yar\u0131n Trakya i\u00e7in kar ya\u011f\u0131\u015f\u0131 uyar\u0131s\u0131nda bulundu.<\/p>\n<p>MGM \u0130stanbul Tahmin ve Erken Uyar\u0131 Merkezi&#8217;nden yap\u0131lan a\u00e7\u0131klamada, Trakya&#8217;da ya\u011fmur \u015feklinde ba\u015flayacak ya\u011f\u0131\u015flar\u0131n, yar\u0131n sabah saatlerinden itibaren Edirne&#8217;nin g\u00fcney kesimleri ba\u015fta olmak \u00fczere il geneli, Tekirda\u011f&#8217;\u0131n kuzey ve bat\u0131 kesimleri (Saray, Kapakl\u0131, \u00c7erkezk\u00f6y, Ergene, Hayrabolu, Malkara) ile K\u0131rklareli&#8217;nin kuzey kesimlerinde (K\u0131rklareli merkez, Kofcaz, Demirk\u00f6y, Vize) kuvvetli (10-20 cm) karla kar\u0131\u015f\u0131k ya\u011fmur ve kar \u015feklinde olmas\u0131 beklendi\u011fi bildirildi. Yetkililer, ya\u011f\u0131\u015flar\u0131n ak\u015fam saatlerine kadar etkisini s\u00fcrd\u00fcrmesi beklendi\u011finden ula\u015f\u0131mda aksamalar, buzlanma ve don ile y\u00fckseklerde tipi gibi olumsuzluklara kar\u015f\u0131 dikkatli ve tedbirli olunmas\u0131 gerekti\u011fini bildirdi. <\/p>\n","protected":false},"excerpt":{"rendered":"<p>MGM, Trakya&#8217;da yar\u0131n kar ya\u011f\u0131\u015f\u0131 bekliyor, tedbirli olunmas\u0131 gerekti\u011fini duyurdu.<\/p>\n","protected":false},"author":1,"featured_media":26539,"comment_status":"open","ping_status":"open","sticky":false,"template":"","format":"standard","meta":{"footnotes":""},"categories":[9,4,13],"tags":[297],"class_list":["post-26538","post","type-post","status-publish","format-standard","has-post-thumbnail","hentry","category-genel","category-gundem","category-son-dakika","tag-kar"],"_links":{"self":[{"href":"https:\/\/bihavadis.com\/index.php\/wp-json\/wp\/v2\/posts\/26538","targetHints":{"allow":["GET"]}}],"collection":[{"href":"https:\/\/bihavadis.com\/index.php\/wp-json\/wp\/v2\/posts"}],"about":[{"href":"https:\/\/bihavadis.com\/index.php\/wp-json\/wp\/v2\/types\/post"}],"author":[{"embeddable":true,"href":"https:\/\/bihavadis.com\/index.php\/wp-json\/wp\/v2\/users\/1"}],"replies":[{"embeddable":true,"href":"https:\/\/bihavadis.com\/index.php\/wp-json\/wp\/v2\/comments?post=26538"}],"version-history":[{"count":1,"href":"https:\/\/bihavadis.com\/index.php\/wp-json\/wp\/v2\/posts\/26538\/revisions"}],"predecessor-version":[{"id":26540,"href":"https:\/\/bihavadis.com\/index.php\/wp-json\/wp\/v2\/posts\/26538\/revisions\/26540"}],"wp:featuredmedia":[{"embeddable":true,"href":"https:\/\/bihavadis.com\/index.php\/wp-json\/wp\/v2\/media\/26539"}],"wp:attachment":[{"href":"https:\/\/bihavadis.com\/index.php\/wp-json\/wp\/v2\/media?parent=26538"}],"wp:term":[{"taxonomy":"category","embeddable":true,"href":"https:\/\/bihavadis.com\/index.php\/wp-json\/wp\/v2\/categories?post=26538"},{"taxonomy":"post_tag","embeddable":true,"href":"https:\/\/bihavadis.com\/index.php\/wp-json\/wp\/v2\/tags?post=26538"}],"curies":[{"name":"wp","href":"https:\/\/api.w.org\/{rel}","templated":true}]}}