{"id":26677,"date":"2026-02-11T02:33:09","date_gmt":"2026-02-11T02:33:09","guid":{"rendered":"https:\/\/bihavadis.com\/?p=26677"},"modified":"2026-02-11T02:33:09","modified_gmt":"2026-02-11T02:33:09","slug":"slovakya-guvenlik-danismani-istifa-etti","status":"publish","type":"post","link":"https:\/\/bihavadis.com\/index.php\/2026\/02\/11\/slovakya-guvenlik-danismani-istifa-etti\/","title":{"rendered":"Slovakya G\u00fcvenlik Dan\u0131\u015fman\u0131 \u0130stifa Etti"},"content":{"rendered":"<p> Slovakya Ba\u015fbakan\u0131&#8217;n\u0131n Ulusal G\u00fcvenlik Dan\u0131\u015fman\u0131 Miroslav Lajcak, k\u0131z \u00e7ocuklar\u0131na y\u00f6nelik cinsel istismar \u015febekesi kurmakla su\u00e7lanan ABD&#8217;li milyarder Jeffrey Epstein ile yaz\u0131\u015fmalar\u0131na ili\u015fkin bilgilerin ortaya \u00e7\u0131kmas\u0131n\u0131n ard\u0131ndan g\u00f6revinden istifa etti\u011fini a\u00e7\u0131klad\u0131.<\/p>\n<p><b>BELGELER ULUSLARARASI ETK\u0130 YARATTI<\/b><\/p>\n<p>ABD Adalet Bakanl\u0131\u011f\u0131&#8217;n\u0131n k\u0131z \u00e7ocuklar\u0131na y\u00f6nelik cinsel istismar \u015febekesi kurmakla su\u00e7lanan ve cezaevinde \u00f6l\u00fc bulunan su\u00e7lu ABD&#8217;li milyarder Jeffrey Epstein&#8217;e y\u00f6nelik 30 Ocak tarihinde yay\u0131nlad\u0131\u011f\u0131 yeni belgeler uluslararas\u0131 alanda etkisini g\u00f6stermeye devam ediyor. Slovakya Ba\u015fbakan\u0131&#8217;n\u0131n Ulusal G\u00fcvenlik Dan\u0131\u015fman\u0131 ve eski D\u0131\u015fi\u015fleri Bakan\u0131 Miroslav Lajcak, s\u00f6z konusu belgelerde Epstein ile yaz\u0131\u015fmalar\u0131n\u0131n yer ald\u0131\u011f\u0131n\u0131n ortaya \u00e7\u0131kmas\u0131n\u0131n ard\u0131ndan istifa etti\u011fini bildirdi. Daha \u00f6nce yapt\u0131\u011f\u0131 a\u00e7\u0131klamalarda Epstein ile kad\u0131nlara ili\u015fkin sohbet etti\u011fini reddeden Lajcak, istifa karar\u0131n\u0131 Fico&#8217;nun siyasi imaj\u0131na zarar vermemek amac\u0131yla ald\u0131\u011f\u0131n\u0131 s\u00f6yledi.<\/p>\n<p><b>FICO&#8217;DAN LAJCAK&#8217;A \u00d6VG\u00dc VE TEPK\u0130<\/b><\/p>\n<p>Slovakya Ba\u015fbakan\u0131 Robert Fico ise olaya ili\u015fkin a\u00e7\u0131klamas\u0131nda, Fico ulusal g\u00fcvenlik dan\u0131\u015fman\u0131n\u0131n istifas\u0131n\u0131 kabul etti\u011fini bildirdi. Lajcak&#8217;\u0131 &#8220;harika bir diplomat&#8221; olarak nitelendiren Ba\u015fbakan, Slovakya&#8217;n\u0131n &#8220;diplomasi ve d\u0131\u015f politika alan\u0131nda inan\u0131lmaz bir deneyim kayna\u011f\u0131n\u0131 kaybetti\u011fini&#8221; belirtti.<\/p>\n<p>Fico ayr\u0131ca \u00fclke kamuoyunda Lajcak&#8217;\u0131n Epstein ile ili\u015fkisine y\u00f6nelik tepkileri kendisine y\u00f6nelik bir sald\u0131r\u0131 olarak de\u011ferlendirerek, &#8220;Uzun zamand\u0131r ele\u015ftirilerde bu kadar ikiy\u00fczl\u00fcl\u00fck g\u00f6rmemi\u015ftim, hem de her taraftan&#8221; dedi.<\/p>\n<p><b>&#8220;NEDEN BEN\u0130 BU OYUNLARA DAVET ETM\u0130YORSUN?&#8221;<\/b><\/p>\n<p>ABD Adalet Bakanl\u0131\u011f\u0131&#8217;ndan yay\u0131nlanan yakla\u015f\u0131k 3 milyon sayfal\u0131k belgelerde Ekim 2018 tarihinde Lajcak ve Eptstein aras\u0131nda kad\u0131nlar ve Slovak diplomat\u0131n Rusya D\u0131\u015fi\u015fleri Bakan\u0131 Sergey Lavrov ile yak\u0131n zamanda ger\u00e7ekle\u015ftirece\u011fi g\u00f6r\u00fc\u015fmeye ili\u015fkin yaz\u0131\u015fmalar yer ald\u0131. Epstein&#8217;in Lajcak&#8217;a g\u00f6nderdi\u011fi belgelerde belirtilmeyen foto\u011frafl\u0131 mesaj\u0131n ard\u0131ndan Slovak siyaset\u00e7inin, &#8220;Neden beni bu t\u00fcr oyunlara davet etmiyorsun?&#8221; diye sordu\u011fu kaydedildi.<\/p>\n<p><b>BELGELERDE ADI GE\u00c7EN D\u0130\u011eER \u0130S\u0130MLER<\/b><\/p>\n<p>S\u00f6z konusu belgelerde, 2019 y\u0131l\u0131nda cezaevinde \u00f6l\u00fc bulunan ve intihar etti\u011fi iddia edilen Epstein&#8217;in, ABD&#8217;li milyarder i\u015f insan\u0131 Elon Musk, \u0130ngiliz siyasetinin anahtar isimlerinden Lord Peter Mandelson, Microsoft \u015firketinin kurucusu Bill Gates, eski \u0130ngiltere Prensi Andrew Mountbatten-Windsor ve benzeri isimlerle ili\u015fkileri hakk\u0131nda yeni ayr\u0131nt\u0131lar\u0131 ortaya \u00e7\u0131km\u0131\u015ft\u0131.<\/p>\n","protected":false},"excerpt":{"rendered":"<p>Jeffrey Epstein ile yaz\u0131\u015fmalar\u0131 ortaya \u00e7\u0131kan Slovakya Ba\u015fbakan\u0131&#8217;n\u0131n dan\u0131\u015fman\u0131 Lajcak istifa etti.<\/p>\n","protected":false},"author":1,"featured_media":26678,"comment_status":"open","ping_status":"open","sticky":false,"template":"","format":"standard","meta":{"footnotes":""},"categories":[12],"tags":[2685,2183,1469,4376,2545],"class_list":["post-26677","post","type-post","status-publish","format-standard","has-post-thumbnail","hentry","category-siyaset","tag-belgeler","tag-epstein","tag-ettigi","tag-lajcak","tag-slovak"],"_links":{"self":[{"href":"https:\/\/bihavadis.com\/index.php\/wp-json\/wp\/v2\/posts\/26677","targetHints":{"allow":["GET"]}}],"collection":[{"href":"https:\/\/bihavadis.com\/index.php\/wp-json\/wp\/v2\/posts"}],"about":[{"href":"https:\/\/bihavadis.com\/index.php\/wp-json\/wp\/v2\/types\/post"}],"author":[{"embeddable":true,"href":"https:\/\/bihavadis.com\/index.php\/wp-json\/wp\/v2\/users\/1"}],"replies":[{"embeddable":true,"href":"https:\/\/bihavadis.com\/index.php\/wp-json\/wp\/v2\/comments?post=26677"}],"version-history":[{"count":1,"href":"https:\/\/bihavadis.com\/index.php\/wp-json\/wp\/v2\/posts\/26677\/revisions"}],"predecessor-version":[{"id":26679,"href":"https:\/\/bihavadis.com\/index.php\/wp-json\/wp\/v2\/posts\/26677\/revisions\/26679"}],"wp:featuredmedia":[{"embeddable":true,"href":"https:\/\/bihavadis.com\/index.php\/wp-json\/wp\/v2\/media\/26678"}],"wp:attachment":[{"href":"https:\/\/bihavadis.com\/index.php\/wp-json\/wp\/v2\/media?parent=26677"}],"wp:term":[{"taxonomy":"category","embeddable":true,"href":"https:\/\/bihavadis.com\/index.php\/wp-json\/wp\/v2\/categories?post=26677"},{"taxonomy":"post_tag","embeddable":true,"href":"https:\/\/bihavadis.com\/index.php\/wp-json\/wp\/v2\/tags?post=26677"}],"curies":[{"name":"wp","href":"https:\/\/api.w.org\/{rel}","templated":true}]}}