{"id":26695,"date":"2026-02-11T02:51:07","date_gmt":"2026-02-11T02:51:07","guid":{"rendered":"https:\/\/bihavadis.com\/?p=26695"},"modified":"2026-02-11T02:51:07","modified_gmt":"2026-02-11T02:51:07","slug":"bursa-adliyesinde-gerceklesen-cinayette-2-kisi-olmustu-yeni-goruntuler-ortaya-cikti","status":"publish","type":"post","link":"https:\/\/bihavadis.com\/index.php\/2026\/02\/11\/bursa-adliyesinde-gerceklesen-cinayette-2-kisi-olmustu-yeni-goruntuler-ortaya-cikti\/","title":{"rendered":"Bursa Adliyesi&#8217;nde ger\u00e7ekle\u015fen cinayette 2 ki\u015fi \u00f6lm\u00fc\u015ft\u00fc: Yeni g\u00f6r\u00fcnt\u00fcler ortaya \u00e7\u0131kt\u0131"},"content":{"rendered":"<p>Bursa Adliyesi&#8217;nde 1 bu\u00e7uk y\u0131l \u00f6nce Uzman \u00c7avu\u015f Nurettin Ya\u015far \u015fehit oldu.<\/p>\n<p>Nil\u00fcfer il\u00e7esindeki bir al\u0131\u015fveri\u015f merkezinde 23 Eyl\u00fcl 2023&#8217;te meydana gelen silahl\u0131 kavga sonras\u0131 a\u00e7\u0131lan davan\u0131n ikinci duru\u015fmas\u0131 i\u00e7in 13 Aral\u0131k 2024&#8217;te Bursa 6. A\u011f\u0131r Ceza Mahkemesine gelen Kemal Erg\u00fcn, duru\u015fma s\u0131ras\u0131nda deh\u015fet sa\u00e7t\u0131.<\/p>\n<p><strong>TEKERLEKL\u0130 SANDALYES\u0130NE G\u0130ZLED\u0130\u011e\u0130 S\u0130LAHLA DEFALARCA ATE\u015e ETT\u0130<\/strong><\/p>\n<p>Erg\u00fcn, o\u011flu Tolga Erg\u00fcn&#8217;\u00fcn tekerlekli sandalyesine gizledi\u011fi tabanca ile tutuklu san\u0131klar Mertcan Ak\u00e7a ve babas\u0131 K\u00f6ksal Ak\u00e7a&#8217;ya defalarca ate\u015f a\u00e7t\u0131.<\/p>\n<p>Yakla\u015f\u0131k 30 ki\u015finin bulundu\u011fu duru\u015fma salonunda ya\u015fanan sald\u0131r\u0131 s\u0131ras\u0131nda b\u00fcy\u00fck panik ya\u015fan\u0131rken, avukatlar ve bas\u0131n mensuplar\u0131 canlar\u0131n\u0131 kurtarmak i\u00e7in koltuklar\u0131n alt\u0131na sakland\u0131.<\/p>\n<p><img decoding=\"async\" src=\"https:\/\/bihavadis.com\/wp-content\/uploads\/2026\/02\/bursa-adliyesinde-gerceklesen-cinayette-2-kisi-olmustu-yeni-goruntuler-ortaya-cikti-0-wHmDJW86.jpg\"\/><\/p>\n<p><strong>2 K\u0130\u015e\u0130 HAYATINI KAYBETT\u0130<\/strong><\/p>\n<p>A\u00e7\u0131lan ate\u015f sonucu tutuklu san\u0131klar Mertcan Ak\u00e7a ile K\u00f6ksal Ak\u00e7a olay yerinde hayat\u0131n\u0131 kaybetti.<\/p>\n<p>Tedavi alt\u0131na al\u0131nan uzman \u00e7avu\u015f Nurettin Ya\u015far, yap\u0131lan t\u00fcm m\u00fcdahalelere ra\u011fmen kurtar\u0131lamayarak \u015fehit oldu.<\/p>\n<p>Kur\u015funlar\u0131n isabet etti\u011fi Jandarma Uzman \u00c7avu\u015flar Nurettin Ya\u015far ve U\u011fur Bulut ise a\u011f\u0131r yaral\u0131 olarak hastaneye kald\u0131r\u0131ld\u0131.<\/p>\n<p><strong>KAMERA KAYITLARI ORTAYA \u00c7IKTI<\/strong><\/p>\n<p>Sald\u0131r\u0131n\u0131n ard\u0131ndan Bursa Emniyet M\u00fcd\u00fcrl\u00fc\u011f\u00fc ekipleri adliye binas\u0131ndaki t\u00fcm kamera kay\u0131tlar\u0131n\u0131 incelemeye ald\u0131.<\/p>\n<p>G\u00f6r\u00fcnt\u00fclerde, sald\u0131r\u0131y\u0131 ger\u00e7ekle\u015ftiren Kemal Erg\u00fcn&#8217;\u00fcn, engelli o\u011flunu tekerlekli sandalye ile X-Ray cihaz\u0131n\u0131n yan\u0131ndan ge\u00e7irerek adliyeye giri\u015f yapt\u0131\u011f\u0131 anlar yer ald\u0131.<\/p>\n<p><img decoding=\"async\" src=\"https:\/\/bihavadis.com\/wp-content\/uploads\/2026\/02\/bursa-adliyesinde-gerceklesen-cinayette-2-kisi-olmustu-yeni-goruntuler-ortaya-cikti-1-1lmOpCMH.jpg\"\/><\/p>\n<p><strong>10 K\u0130\u015e\u0130 G\u00d6ZALTINA ALINDI<\/strong><\/p>\n<p>Cinayet B\u00fcro Amirli\u011fi taraf\u0131ndan y\u00fcr\u00fct\u00fclen soru\u015fturmada, olayda ihmali oldu\u011fu de\u011ferlendirilen baz\u0131 kamu g\u00f6revlilerinin de aralar\u0131nda bulundu\u011fu 10 ki\u015fi g\u00f6zalt\u0131na al\u0131nd\u0131.<\/p>\n<p>\u0130ncelemelerde kullan\u0131lan silah\u0131n kurus\u0131k\u0131dan \u00e7evrilmi\u015f oldu\u011fu belirlendi.<\/p>\n<p><img decoding=\"async\" src=\"https:\/\/bihavadis.com\/wp-content\/uploads\/2026\/02\/bursa-adliyesinde-gerceklesen-cinayette-2-kisi-olmustu-yeni-goruntuler-ortaya-cikti-2-XPzXPIgI.jpg\"\/><\/p>\n<p><strong>6 K\u0130\u015e\u0130 TUTUKLANDI, 5 SANIK BERAAT ETT\u0130<\/strong><\/p>\n<p>Olayla ilgili y\u00fcr\u00fct\u00fclen yarg\u0131lama s\u00fcrecinde Kemal Erg\u00fcn ve birlikte hareket etti\u011fi de\u011ferlendirilen baz\u0131 \u015f\u00fcpheliler tutuklan\u0131rken, iki kamu g\u00f6revlisi adli kontrol \u015fart\u0131yla serbest b\u0131rak\u0131ld\u0131.<\/p>\n<p>Bursa 2. A\u011f\u0131r Ceza Mahkemesi&#8217;nde g\u00f6r\u00fclen karar duru\u015fmas\u0131nda Kemal Erg\u00fcn&#8217;e, \u015eehit Jandarma personeline y\u00f6nelik eylemi nedeniyle a\u011f\u0131rla\u015ft\u0131r\u0131lm\u0131\u015f m\u00fcebbet, di\u011fer eylemleri nedeniyle ise toplamda uzun s\u00fcreli hapis cezalar\u0131 verildi.<\/p>\n<p>Erg\u00fcn, ifadesinde silah\u0131 o\u011flunun sandalyesindeki tuvalet b\u00f6l\u00fcm\u00fcne yerle\u015ftirdi\u011fini, ses \u00e7\u0131kmamas\u0131 i\u00e7in bez ve yatak koruyucu ile sard\u0131\u011f\u0131n\u0131 anlatt\u0131.<\/p>\n<p>Mahkeme, di\u011fer be\u015f san\u0131\u011f\u0131n beraatine h\u00fckmetti.<\/p>\n","protected":false},"excerpt":{"rendered":"<p>Bursa Adliyesi&#8217;nde 2 ki\u015finin \u00f6ld\u00fc\u011f\u00fc, 1 uzman \u00e7avu\u015fun \u015fehit oldu\u011fu kanl\u0131 sald\u0131r\u0131n\u0131n yeni g\u00f6r\u00fcnt\u00fcleri ortaya \u00e7\u0131kt\u0131. Olayla ilgili y\u00fcr\u00fct\u00fclen yarg\u0131lama s\u00fcrecinde Kemal Erg\u00fcn&#8217;e a\u011f\u0131rla\u015ft\u0131r\u0131lm\u0131\u015f m\u00fcebbet cezas\u0131 verildi.<\/p>\n","protected":false},"author":1,"featured_media":26696,"comment_status":"open","ping_status":"open","sticky":false,"template":"","format":"standard","meta":{"footnotes":""},"categories":[4,13],"tags":[4378],"class_list":["post-26695","post","type-post","status-publish","format-standard","has-post-thumbnail","hentry","category-gundem","category-son-dakika","tag-ergun"],"_links":{"self":[{"href":"https:\/\/bihavadis.com\/index.php\/wp-json\/wp\/v2\/posts\/26695","targetHints":{"allow":["GET"]}}],"collection":[{"href":"https:\/\/bihavadis.com\/index.php\/wp-json\/wp\/v2\/posts"}],"about":[{"href":"https:\/\/bihavadis.com\/index.php\/wp-json\/wp\/v2\/types\/post"}],"author":[{"embeddable":true,"href":"https:\/\/bihavadis.com\/index.php\/wp-json\/wp\/v2\/users\/1"}],"replies":[{"embeddable":true,"href":"https:\/\/bihavadis.com\/index.php\/wp-json\/wp\/v2\/comments?post=26695"}],"version-history":[{"count":1,"href":"https:\/\/bihavadis.com\/index.php\/wp-json\/wp\/v2\/posts\/26695\/revisions"}],"predecessor-version":[{"id":26700,"href":"https:\/\/bihavadis.com\/index.php\/wp-json\/wp\/v2\/posts\/26695\/revisions\/26700"}],"wp:featuredmedia":[{"embeddable":true,"href":"https:\/\/bihavadis.com\/index.php\/wp-json\/wp\/v2\/media\/26696"}],"wp:attachment":[{"href":"https:\/\/bihavadis.com\/index.php\/wp-json\/wp\/v2\/media?parent=26695"}],"wp:term":[{"taxonomy":"category","embeddable":true,"href":"https:\/\/bihavadis.com\/index.php\/wp-json\/wp\/v2\/categories?post=26695"},{"taxonomy":"post_tag","embeddable":true,"href":"https:\/\/bihavadis.com\/index.php\/wp-json\/wp\/v2\/tags?post=26695"}],"curies":[{"name":"wp","href":"https:\/\/api.w.org\/{rel}","templated":true}]}}