{"id":26753,"date":"2026-02-11T03:42:09","date_gmt":"2026-02-11T03:42:09","guid":{"rendered":"https:\/\/bihavadis.com\/?p=26753"},"modified":"2026-02-11T03:42:09","modified_gmt":"2026-02-11T03:42:09","slug":"sirnakta-odullu-kardan-adam-senligi","status":"publish","type":"post","link":"https:\/\/bihavadis.com\/index.php\/2026\/02\/11\/sirnakta-odullu-kardan-adam-senligi\/","title":{"rendered":"\u015e\u0131rnak&#8217;ta \u00d6d\u00fcll\u00fc Kardan Adam \u015eenli\u011fi"},"content":{"rendered":"<p>\n<p>\u015eIRNAK Gen\u00e7lik ve Spor \u0130l M\u00fcd\u00fcrl\u00fc\u011f\u00fc Gen\u00e7lik Merkezi taraf\u0131ndan d\u00fczenlenen &#8216;Aileler Aras\u0131 \u00d6d\u00fcll\u00fc Kardan Adam \u015eenli\u011fi&#8217;, yo\u011fun kat\u0131l\u0131mla ger\u00e7ekle\u015ftirildi.<\/p>\n<p> \u015e\u0131rnak&#8217;ta etkili olan kar ya\u011f\u0131\u015f\u0131yla birlikte beyaza b\u00fcr\u00fcnen kentte, &#8216;Aileler Aras\u0131 \u00d6d\u00fcll\u00fc Kardan Adam \u015eenli\u011fi&#8217; d\u00fczenlendi. \u015e\u0131rnak Gen\u00e7lik Merkezi \u00f6nc\u00fcl\u00fc\u011f\u00fcnde d\u00fczenlenen \u015fenlik, \u015e\u0131rnak \u015eehir Stad\u0131&#8217;nda ger\u00e7ekle\u015ftirildi. Gen\u00e7lik Merkezi kurslar\u0131na kat\u0131lan \u00f6\u011frenciler, aileleriyle birlikte etkinlik alan\u0131nda bir araya geldi. \u00d6\u011frenciler ve aileleri, en g\u00fczel kardan adam\u0131 yapmak i\u00e7in k\u0131yas\u0131ya yar\u0131\u015f\u0131rken, ortaya renkli ve e\u011flenceli g\u00f6r\u00fcnt\u00fcler \u00e7\u0131kt\u0131. Etkinlik boyunca hem \u00e7ocuklar hem de aileler keyifli anlar ya\u015fad\u0131.<\/p>\n<p>\u015eenli\u011fe kat\u0131lan Gen\u00e7lik ve Spor \u0130l M\u00fcd\u00fcr\u00fc Fedai Din, alanda \u00f6\u011frenciler ve ailelerle ilgilenerek kardan adam yap\u0131m\u0131na e\u015flik etti. Din, burada yapt\u0131\u011f\u0131 a\u00e7\u0131klamada, &#8220;Gen\u00e7lik Merkezlerimizde 15 tatilde \u00e7ocuklar\u0131m\u0131za Bakanl\u0131\u011f\u0131m\u0131z taraf\u0131ndan yap\u0131lan projeler kapsam\u0131nda k\u0131\u015f kul\u00fcpleri ad\u0131 alt\u0131nda \u00e7al\u0131\u015fmalar\u0131m\u0131za tatilde ara vermeden devam ettik. \u0130limizde de bu \u015fekilde bir kar ya\u011f\u0131\u015f\u0131 oldu\u011fu i\u00e7in stadyumda biriken karlar\u0131m\u0131z vard\u0131. Di\u011fer alanlarda karlar\u0131m\u0131z biraz erimi\u015fti. Bu kul\u00fcplerimize kat\u0131lan \u00e7ocuklar\u0131m\u0131zla birlikte ailelerimizi de davet ederek hep birlikte bir kardan adam \u015fenli\u011fi yapal\u0131m istedik. \u00c7ok anlaml\u0131 ve g\u00fczel oldu. \u00c7ocuklar\u0131m\u0131z ve aileler birlikte kat\u0131l\u0131m sa\u011flad\u0131lar. G\u00f6rd\u00fc\u011f\u00fcn\u00fcz gibi b\u00fct\u00fcn \u00e7ocuklar\u0131m\u0131z kendi ki\u015fisel yeteneklerini, becerilerini ortaya koyarak \u00e7ok g\u00fczel kardan adamlar yap\u0131yorlar&#8221; dedi.<\/p>\n<p>&#8216;MUTLU OLDUK&#8217;<\/p>\n<p>E\u015fi ve k\u0131z\u0131 ile birlikte kat\u0131lan Demet G\u00f6kkal\u0131 da &#8220;Bir anne olarak k\u0131z\u0131m ve e\u015fim ile birlikte bu etkinli\u011fe kat\u0131ld\u0131k. Burada kendi kardan adam\u0131m\u0131z\u0131 tasarl\u0131yoruz. Bizimle birlikte bir\u00e7ok aile ve \u00e7ocuklar\u0131 burada g\u00f6r\u00fcnce mutlu olduk. K\u0131z\u0131m da mutlu oldu. Bu y\u00fczden \u015e\u0131rnak Gen\u00e7lik ve Spor M\u00fcd\u00fcrl\u00fc\u011f\u00fc ailesine te\u015fekk\u00fcr ediyoruz&#8221; diye konu\u015ftu.<\/p>\n<p>Nezahat Demir ise &#8220;Bug\u00fcn b\u00f6yle g\u00fczel bir etkinli\u011fe kat\u0131lmak istedik. Hepsi \u00e7ok mutlu oldular. \u00c7ok farkl\u0131 bir etkinlik oldu bizim i\u00e7in de. Normalde yap\u0131yorlar da kardan adam, b\u00f6yle bir yar\u0131\u015fma olunca daha g\u00fczel, daha \u00e7ok \u00f6zeniyorlar onlar da. Daha mutlu oldular. Onlar mutlu olunca biz de \u00e7ok mutlu oluyoruz&#8221; ifadelerini kulland\u0131.<\/p>\n<p>Rojda Sevim de &#8220;Burada kursumuzla beraber kardan adam yap\u0131yoruz. Etkinli\u011fe kat\u0131ld\u0131k ve \u00e7ok g\u00fczel ama ayn\u0131 zamanda da \u00e7ok so\u011fuk. \u00c7ok g\u00fczel ilerliyor. Umar\u0131m kazan\u0131r\u0131z. G\u00fczel ge\u00e7iyor. \u00dc\u015f\u00fcyoruz ama g\u00fczel vakit ge\u00e7iriyoruz&#8221; dedi.<\/p>\n<p>Etkinlik, dereceye giren ailelere \u00f6d\u00fcller verilmesiyle sona erdi. <\/p>\n","protected":false},"excerpt":{"rendered":"<p>\u015e\u0131rnak&#8217;ta d\u00fczenlenen &#8216;Aileler Aras\u0131 \u00d6d\u00fcll\u00fc Kardan Adam \u015eenli\u011fi&#8217; yo\u011fun kat\u0131l\u0131mla ger\u00e7ekle\u015ftirildi.<\/p>\n","protected":false},"author":1,"featured_media":26754,"comment_status":"open","ping_status":"open","sticky":false,"template":"","format":"standard","meta":{"footnotes":""},"categories":[9,4,13],"tags":[4385,1140,1179,4386,1036],"class_list":["post-26753","post","type-post","status-publish","format-standard","has-post-thumbnail","hentry","category-genel","category-gundem","category-son-dakika","tag-aileler","tag-birlikte","tag-guzel","tag-kardan-adam","tag-mutlu"],"_links":{"self":[{"href":"https:\/\/bihavadis.com\/index.php\/wp-json\/wp\/v2\/posts\/26753","targetHints":{"allow":["GET"]}}],"collection":[{"href":"https:\/\/bihavadis.com\/index.php\/wp-json\/wp\/v2\/posts"}],"about":[{"href":"https:\/\/bihavadis.com\/index.php\/wp-json\/wp\/v2\/types\/post"}],"author":[{"embeddable":true,"href":"https:\/\/bihavadis.com\/index.php\/wp-json\/wp\/v2\/users\/1"}],"replies":[{"embeddable":true,"href":"https:\/\/bihavadis.com\/index.php\/wp-json\/wp\/v2\/comments?post=26753"}],"version-history":[{"count":1,"href":"https:\/\/bihavadis.com\/index.php\/wp-json\/wp\/v2\/posts\/26753\/revisions"}],"predecessor-version":[{"id":26755,"href":"https:\/\/bihavadis.com\/index.php\/wp-json\/wp\/v2\/posts\/26753\/revisions\/26755"}],"wp:featuredmedia":[{"embeddable":true,"href":"https:\/\/bihavadis.com\/index.php\/wp-json\/wp\/v2\/media\/26754"}],"wp:attachment":[{"href":"https:\/\/bihavadis.com\/index.php\/wp-json\/wp\/v2\/media?parent=26753"}],"wp:term":[{"taxonomy":"category","embeddable":true,"href":"https:\/\/bihavadis.com\/index.php\/wp-json\/wp\/v2\/categories?post=26753"},{"taxonomy":"post_tag","embeddable":true,"href":"https:\/\/bihavadis.com\/index.php\/wp-json\/wp\/v2\/tags?post=26753"}],"curies":[{"name":"wp","href":"https:\/\/api.w.org\/{rel}","templated":true}]}}