{"id":26959,"date":"2026-02-11T06:30:11","date_gmt":"2026-02-11T06:30:11","guid":{"rendered":"https:\/\/bihavadis.com\/?p=26959"},"modified":"2026-02-11T06:30:11","modified_gmt":"2026-02-11T06:30:11","slug":"izmirde-saganak-sonrasi-cukurlari-da-vatandas-kapatti","status":"publish","type":"post","link":"https:\/\/bihavadis.com\/index.php\/2026\/02\/11\/izmirde-saganak-sonrasi-cukurlari-da-vatandas-kapatti\/","title":{"rendered":"\u0130zmir&#8217;de sa\u011fanak sonras\u0131 \u00e7ukurlar\u0131 da vatanda\u015f kapatt\u0131"},"content":{"rendered":"<p>D\u00fcn sa\u011fanak ya\u011f\u0131\u015f \u0130zmir&#8217;i esir ald\u0131.<\/p>\n<p>Barajlardaki kurakl\u0131\u011f\u0131n ve su kesintilerinin ard\u0131ndan \u015fehre bir nebze &#8216;ila\u00e7 gibi&#8217; gelece\u011fi d\u00fc\u015f\u00fcn\u00fclen ya\u011fmur, haks\u0131z \u00e7\u0131kard\u0131.<\/p>\n<p><strong>\u0130ZM\u0130R DEN\u0130NCE AKLA \u00c7UKUR GEL\u0130YOR<\/strong><\/p>\n<p>Altyap\u0131 sorunlar\u0131yla g\u00fcndemden d\u00fc\u015fmeyen CHP&#8217;li belediyelerin ba\u015f\u0131n\u0131 \u00e7eken \u015fehirlerden olan \u0130zmir, adeta kilitlendi.<\/p>\n<p>Hal b\u00f6yleyken, \u0130zmir denilince art\u0131k ak\u0131llara gevrek, boyoz, \u00e7i\u011fdem de\u011fil; kesinti, \u00e7ukur, \u00e7amur geliyor.<\/p>\n<p><strong>YA\u011eMUR SONRASI YOL \u00c7\u00d6KT\u00dc<\/strong><\/p>\n<p>\u00d6yle ki kent sakinleri ya\u011f\u0131\u015fs\u0131z ge\u00e7en g\u00fcnlerde ya\u011fmur i\u00e7in dua ederlerken; ya\u011fmurun ard\u0131ndan kurakl\u0131k i\u00e7in dua edecek duruma geldiler.<\/p>\n<p>Ya\u011f\u0131\u015fla beraber yollar g\u00f6le d\u00f6nd\u00fc; hatta zemin \u00e7\u00f6kt\u00fc.<\/p>\n<p><img decoding=\"async\" src=\"https:\/\/bihavadis.com\/wp-content\/uploads\/2026\/02\/izmirde-saganak-sonrasi-cukurlari-da-vatandas-kapatti-0-6Xx3qtyH.jpg\"\/><\/p>\n<p><strong>YOL BAKIMI \u0130HMAL\u0130 SABIRLARI SINADI<\/strong><\/p>\n<p>Bu sorunlardan biri de Karaba\u011flar il\u00e7esinde ya\u015fand\u0131.<\/p>\n<p>\u0130l\u00e7ede yol bak\u0131m\u0131n\u0131n yap\u0131lmamas\u0131 vatanda\u015f\u0131n sabr\u0131n\u0131 ta\u015f\u0131rd\u0131.<\/p>\n<p><img decoding=\"async\" src=\"https:\/\/bihavadis.com\/wp-content\/uploads\/2026\/02\/izmirde-saganak-sonrasi-cukurlari-da-vatandas-kapatti-1-NOJ1LIuq.jpg\"\/><\/p>\n<p><strong>KEND\u0130 \u0130MKANLARIYLA YOL YAPTILAR<\/strong><\/p>\n<p>Bir bulvarda uzun s\u00fcredir kapat\u0131lmayan \u00e7ukur nedeniyle zor anlar ya\u015fayan bir vatanda\u015f, \u00e7\u00f6z\u00fcm\u00fc kendi imkanlar\u0131yla \u00fcretmeye \u00e7al\u0131\u015ft\u0131.<\/p>\n<p>Arac\u0131n\u0131n bagaj\u0131na y\u00fckledi\u011fi ta\u015flar\u0131 \u00e7ukura ta\u015f\u0131yan vatanda\u015f, yolu ge\u00e7ici olarak doldurdu.<\/p>\n<p>O anlar \u00e7evredeki ki\u015filer taraf\u0131ndan cep telefonu kameras\u0131yla kaydedildi.<\/p>\n<p><strong>&#8220;BELED\u0130YEN\u0130N \u0130\u015e\u0130N\u0130 \u0130ZM\u0130RL\u0130 \u00dcSTLEND\u0130&#8221;<\/strong><\/p>\n<p>Sosyal medyada h\u0131zla yay\u0131lan g\u00f6r\u00fcnt\u00fcler, &#8216;belediyenin i\u015fini vatanda\u015f \u00fcstlendi&#8217; yorumlar\u0131na neden oldu.<\/p>\n<p>G\u00f6r\u00fcnt\u00fclerde \u00e7ukurun derin olup ara\u00e7lar i\u00e7in ciddi risk olu\u015fturmas\u0131 dikkat \u00e7ekti.<\/p>\n<p><img decoding=\"async\" src=\"https:\/\/bihavadis.com\/wp-content\/uploads\/2026\/02\/izmirde-saganak-sonrasi-cukurlari-da-vatandas-kapatti-2-S5zHmZn8.jpg\"\/><\/p>\n","protected":false},"excerpt":{"rendered":"<p>Kentte d\u00fcn ya\u015fanan sa\u011fanak ya\u011f\u0131\u015f sonras\u0131 yollar g\u00f6le d\u00f6n\u00fcp, zemin \u00e7\u00f6kerken; g\u00fcnl\u00fck hayat adeta kilitlenmi\u015fken, \u0130zmirliler ilerleyebilmek ad\u0131na \u00e7ukurlar\u0131 da kendileri kapatarak yola devam ettiler.<\/p>\n","protected":false},"author":1,"featured_media":26960,"comment_status":"open","ping_status":"open","sticky":false,"template":"","format":"standard","meta":{"footnotes":""},"categories":[9,13],"tags":[4419,978,531],"class_list":["post-26959","post","type-post","status-publish","format-standard","has-post-thumbnail","hentry","category-genel","category-son-dakika","tag-cukur","tag-izmir","tag-yol"],"_links":{"self":[{"href":"https:\/\/bihavadis.com\/index.php\/wp-json\/wp\/v2\/posts\/26959","targetHints":{"allow":["GET"]}}],"collection":[{"href":"https:\/\/bihavadis.com\/index.php\/wp-json\/wp\/v2\/posts"}],"about":[{"href":"https:\/\/bihavadis.com\/index.php\/wp-json\/wp\/v2\/types\/post"}],"author":[{"embeddable":true,"href":"https:\/\/bihavadis.com\/index.php\/wp-json\/wp\/v2\/users\/1"}],"replies":[{"embeddable":true,"href":"https:\/\/bihavadis.com\/index.php\/wp-json\/wp\/v2\/comments?post=26959"}],"version-history":[{"count":1,"href":"https:\/\/bihavadis.com\/index.php\/wp-json\/wp\/v2\/posts\/26959\/revisions"}],"predecessor-version":[{"id":26964,"href":"https:\/\/bihavadis.com\/index.php\/wp-json\/wp\/v2\/posts\/26959\/revisions\/26964"}],"wp:featuredmedia":[{"embeddable":true,"href":"https:\/\/bihavadis.com\/index.php\/wp-json\/wp\/v2\/media\/26960"}],"wp:attachment":[{"href":"https:\/\/bihavadis.com\/index.php\/wp-json\/wp\/v2\/media?parent=26959"}],"wp:term":[{"taxonomy":"category","embeddable":true,"href":"https:\/\/bihavadis.com\/index.php\/wp-json\/wp\/v2\/categories?post=26959"},{"taxonomy":"post_tag","embeddable":true,"href":"https:\/\/bihavadis.com\/index.php\/wp-json\/wp\/v2\/tags?post=26959"}],"curies":[{"name":"wp","href":"https:\/\/api.w.org\/{rel}","templated":true}]}}