{"id":27039,"date":"2026-02-11T07:27:11","date_gmt":"2026-02-11T07:27:11","guid":{"rendered":"https:\/\/bihavadis.com\/?p=27039"},"modified":"2026-02-11T07:27:11","modified_gmt":"2026-02-11T07:27:11","slug":"bati-trakya-icin-dayanisma-yuruyusu","status":"publish","type":"post","link":"https:\/\/bihavadis.com\/index.php\/2026\/02\/11\/bati-trakya-icin-dayanisma-yuruyusu\/","title":{"rendered":"Bat\u0131 Trakya \u0130\u00e7in Dayan\u0131\u015fma Y\u00fcr\u00fcy\u00fc\u015f\u00fc"},"content":{"rendered":"<p> Bat\u0131 Trakya T\u00fcrk toplumunun hak ve \u00f6zg\u00fcrl\u00fck m\u00fccadelesinde d\u00f6n\u00fcm noktas\u0131 olarak kabul edilen &#8220;29 Ocak Toplumsal Dayan\u0131\u015fma ve Milli Direni\u015f G\u00fcn\u00fc&#8221; dolay\u0131s\u0131yla Kocaeli&#8217;de y\u00fcr\u00fcy\u00fc\u015f ve anma program\u0131 ger\u00e7ekle\u015ftirildi.<\/p>\n<p>Bat\u0131 Trakya T\u00fcrkleri Dayan\u0131\u015fma Derne\u011fince organize edilen program kapsam\u0131nda \u0130zmit il\u00e7esindeki Antikkap\u0131 D\u00fc\u011f\u00fcn Salonu&#8217;ndan Milli Kimlik ve Direni\u015f An\u0131t\u0131&#8217;na T\u00fcrk bayraklar\u0131 e\u015fli\u011finde kortej y\u00fcr\u00fcy\u00fc\u015f\u00fc yap\u0131ld\u0131.<\/p>\n<p>Y\u00fcr\u00fcy\u00fc\u015f\u00fcn ard\u0131ndan grup ad\u0131na bas\u0131n a\u00e7\u0131klamas\u0131n\u0131 okuyan Bat\u0131 Trakya T\u00fcrkleri Dayan\u0131\u015fma Derne\u011fi Genel Ba\u015fkan\u0131 Hasan K\u00fc\u00e7\u00fck, Yunanistan&#8217;\u0131n, Bat\u0131 Trakya T\u00fcrk az\u0131nl\u0131\u011f\u0131n\u0131n e\u011fitim, din \u00f6zg\u00fcrl\u00fc\u011f\u00fc, \u00f6rg\u00fctlenme, m\u00fclkiyet ve kimlik haklar\u0131n\u0131 sistematik \u015fekilde ihlal etmeyi s\u00fcrd\u00fc\u011f\u00fcn\u00fc belirterek, Avrupa \u0130nsan Haklar\u0131 Mahkemesinin (A\u0130HM) verdi\u011fi ba\u011flay\u0131c\u0131 kararlar\u0131n y\u0131llard\u0131r kas\u0131tl\u0131 olarak uygulanmad\u0131\u011f\u0131n\u0131 s\u00f6yledi.<\/p>\n<p>Uluslararas\u0131 toplumun bu ihlaller kar\u015f\u0131s\u0131ndaki sessizli\u011finin, hukuksuzlu\u011fu normalle\u015ftirdi\u011fine ve Yunanistan&#8217;\u0131 cesaretlendirdi\u011fine i\u015faret eden K\u00fc\u00e7\u00fck, &#8220;\u0130nsan haklar\u0131 konusunda uygulanan bu \u00e7ifte standart kabul edilemez. Bat\u0131 Trakya T\u00fcrk az\u0131nl\u0131\u011f\u0131n\u0131n maruz kald\u0131\u011f\u0131 ihlallere g\u00f6z yumulmas\u0131 evrensel insan haklar\u0131na a\u00e7\u0131k bir ihanettir. Bat\u0131 Trakya&#8217;daki T\u00fcrk varl\u0131\u011f\u0131 inkar edilemez bir ger\u00e7ektir. T\u00fcrk kimli\u011fini inkar eden her yakla\u015f\u0131m Lozan Bar\u0131\u015f Antla\u015fmas\u0131&#8217;na, Avrupa \u0130nsan Haklar\u0131 S\u00f6zle\u015fmesi&#8217;ne ve evrensel hukuk normlar\u0131na do\u011frudan meydan okumakt\u0131r.&#8221; ifadelerini kulland\u0131.<\/p>\n<p>K\u00fc\u00e7\u00fck, Bat\u0131 Trakya davas\u0131n\u0131 kararl\u0131l\u0131kla s\u00fcrd\u00fcrmeye devam ettiklerini, bu duru\u015fun T\u00fcrkl\u00fck onurunun, milli haf\u0131zan\u0131n ve me\u015fru m\u00fccadelenin ifadesi oldu\u011funu s\u00f6zlerine ekledi.<\/p>\n<p>Bas\u0131n a\u00e7\u0131klamas\u0131n\u0131n ard\u0131ndan \u0130ske\u00e7e M\u00fcft\u00fcs\u00fc Mustafa Trampa&#8217;n\u0131n yapt\u0131\u011f\u0131 dua sonras\u0131 &#8220;Milli Kimlik ve Direni\u015f An\u0131t\u0131&#8221;na karanfil b\u0131rak\u0131ld\u0131.<\/p>\n<p>Programa, Kocaeli Valisi \u0130lhami Akta\u015f, Kocaeli B\u00fcy\u00fck\u015fehir Belediye Ba\u015fkan\u0131 Tahir B\u00fcy\u00fckak\u0131n, \u0130zmit Kaymakam\u0131 Yusuf Ziya \u00c7elikkaya, Ba\u015fiskele Belediye Ba\u015fkan\u0131 Yasin \u00d6zl\u00fc, BBP Kocaeli \u0130l Ba\u015fkan\u0131 Metehan K\u00fcp\u00e7\u00fc, T\u00fcrk \u0130\u015fbirli\u011fi ve Koordinasyon Ajans\u0131 Ba\u015fkan Yard\u0131mc\u0131s\u0131 Yahya Co\u015fkun, Yurtd\u0131\u015f\u0131 T\u00fcrkler ve Akraba Topluluklar K\u00fclt\u00fcrel ve Sosyal \u0130\u015fler Daire Ba\u015fkan\u0131 Z\u00fclgaip Akku\u015f, Bat\u0131 Trakya T\u00fcrkleri Dayan\u0131\u015fma Derne\u011fi \u0130zmit \u015eube Ba\u015fkan\u0131 Y\u00fcksel \u00d6zt\u00fcrk ve vatanda\u015flar kat\u0131ld\u0131.<\/p>\n","protected":false},"excerpt":{"rendered":"<p>Kocaeli&#8217;de 29 Ocak dolay\u0131s\u0131yla Bat\u0131 Trakya T\u00fcrkleri i\u00e7in anma y\u00fcr\u00fcy\u00fc\u015f\u00fc ger\u00e7ekle\u015ftirildi.<\/p>\n","protected":false},"author":1,"featured_media":27040,"comment_status":"open","ping_status":"open","sticky":false,"template":"","format":"standard","meta":{"footnotes":""},"categories":[9,4,13],"tags":[986,1693,517],"class_list":["post-27039","post","type-post","status-publish","format-standard","has-post-thumbnail","hentry","category-genel","category-gundem","category-son-dakika","tag-baskani","tag-hak","tag-turk"],"_links":{"self":[{"href":"https:\/\/bihavadis.com\/index.php\/wp-json\/wp\/v2\/posts\/27039","targetHints":{"allow":["GET"]}}],"collection":[{"href":"https:\/\/bihavadis.com\/index.php\/wp-json\/wp\/v2\/posts"}],"about":[{"href":"https:\/\/bihavadis.com\/index.php\/wp-json\/wp\/v2\/types\/post"}],"author":[{"embeddable":true,"href":"https:\/\/bihavadis.com\/index.php\/wp-json\/wp\/v2\/users\/1"}],"replies":[{"embeddable":true,"href":"https:\/\/bihavadis.com\/index.php\/wp-json\/wp\/v2\/comments?post=27039"}],"version-history":[{"count":1,"href":"https:\/\/bihavadis.com\/index.php\/wp-json\/wp\/v2\/posts\/27039\/revisions"}],"predecessor-version":[{"id":27041,"href":"https:\/\/bihavadis.com\/index.php\/wp-json\/wp\/v2\/posts\/27039\/revisions\/27041"}],"wp:featuredmedia":[{"embeddable":true,"href":"https:\/\/bihavadis.com\/index.php\/wp-json\/wp\/v2\/media\/27040"}],"wp:attachment":[{"href":"https:\/\/bihavadis.com\/index.php\/wp-json\/wp\/v2\/media?parent=27039"}],"wp:term":[{"taxonomy":"category","embeddable":true,"href":"https:\/\/bihavadis.com\/index.php\/wp-json\/wp\/v2\/categories?post=27039"},{"taxonomy":"post_tag","embeddable":true,"href":"https:\/\/bihavadis.com\/index.php\/wp-json\/wp\/v2\/tags?post=27039"}],"curies":[{"name":"wp","href":"https:\/\/api.w.org\/{rel}","templated":true}]}}