{"id":27052,"date":"2026-02-11T07:36:08","date_gmt":"2026-02-11T07:36:08","guid":{"rendered":"https:\/\/bihavadis.com\/?p=27052"},"modified":"2026-02-11T07:36:08","modified_gmt":"2026-02-11T07:36:08","slug":"emmanuel-agbadou-sergen-yalcin-bana-planlarindan-bahsetti","status":"publish","type":"post","link":"https:\/\/bihavadis.com\/index.php\/2026\/02\/11\/emmanuel-agbadou-sergen-yalcin-bana-planlarindan-bahsetti\/","title":{"rendered":"Emmanuel Agbadou: Sergen Yal\u00e7\u0131n bana planlar\u0131ndan bahsetti"},"content":{"rendered":"<p>Be\u015fikta\u015f&#8217;\u0131n yeni transferlerinden Emmanuel\u00a0Agbadou, siyah-beyazl\u0131 kul\u00fcb\u00fcn ABD merkezli YouTube kanal\u0131na a\u00e7\u0131klamalarda bulundu.<\/p>\n<p>Transfer s\u00fcrecine de\u011finen Agbadou, Be\u015fikta\u015f ve Wolverhampton\u2019a te\u015fekk\u00fcr ederek, g\u00f6r\u00fc\u015fmelerin uzun s\u00fcrd\u00fc\u011f\u00fcn\u00fc ancak bunun futbolun do\u011fas\u0131nda oldu\u011funu ifade etti.<\/p>\n<p>Profesyonel bir \u015fekilde hareket edilmesi gerekti\u011fini vurgulayan Agbadou, her iki kul\u00fcb\u00fcn de transferin ger\u00e7ekle\u015fmesi i\u00e7in b\u00fcy\u00fck \u00e7aba g\u00f6sterdi\u011fini dile getirdi.<\/p>\n<p>T\u00fcrkiye\u2019ye geldi\u011fi andan itibaren olumlu bir atmosferle kar\u015f\u0131la\u015ft\u0131\u011f\u0131n\u0131 belirten 28 ya\u015f\u0131ndaki futbolcu, insanlar\u0131n enerjisinin ve s\u0131cakkanl\u0131l\u0131\u011f\u0131n\u0131n kendisini etkiledi\u011fini s\u00f6yledi.<\/p>\n<p><strong>&#8220;TRANSFER\u0130M UZUN S\u00dcRD\u00dc AMA FUTBOLDA B\u00d6YLE \u015eEYLER OLUR&#8221;<\/strong><\/p>\n<p>Menajerinin T\u00fcrkiye hakk\u0131nda kendisine detayl\u0131 bilgiler verdi\u011fini aktaran Agbadou, Be\u015fikta\u015f gibi k\u00f6kl\u00fc bir kul\u00fcbe gelmenin kariyeri a\u00e7\u0131s\u0131ndan \u00f6nemli bir ad\u0131m oldu\u011funu ifade etti.<\/p>\n<p>Agbadou, <b><em>&#8220;\u0130ki taraf da transferin ger\u00e7ekle\u015fmesi i\u00e7in b\u00fcy\u00fck \u00e7aba harcad\u0131. Evet uzun s\u00fcrd\u00fc ama futbolda b\u00f6yle \u015feyler oluyor. Herkes i\u00e7in en iyi olan \u015fartlar ger\u00e7ekle\u015fene kadar beklemek gerekebiliyor. Profesyonel olman\u0131z gerekiyor. Yani bir g\u00fcn ayr\u0131lmak istedi\u011finizde kul\u00fcpten herkes i\u00e7in iyi \u015fartlarda ayr\u0131lmak gerekir. \u0130ki kul\u00fcbe ve ba\u015fkanlar\u0131na te\u015fekk\u00fcr etmek istiyorum. \u00c7\u00fcnk\u00fc \u015fu an istedi\u011fimiz \u015feye sahibiz. Be\u015fikta\u015f teknik heyetine de ayr\u0131ca te\u015fekk\u00fcr etmek istiyorum. \u00c7\u00fcnk\u00fc bana fazlas\u0131yla ilgi g\u00f6sterdiler. Bir oyuncu olarak bu benim ho\u015fuma giden bir durum. Bu y\u00fczden hepsine destekleri i\u00e7in te\u015fekk\u00fcr etmek istiyorum.&#8221;<\/em><\/b> diye konu\u015ftu.<\/p>\n<p><strong>&#8220;T\u00dcRK\u0130YE&#8217;DE DE \u0130NSANLAR AFR\u0130KA&#8217;DA OLDU\u011eU G\u0130B\u0130 SICAKKANLI&#8221;<\/strong><\/p>\n<p>Emmanuel Agbadou, T\u00fcrkiye&#8217;ye geldi\u011finde \u00e7ok iyi bir enerji hissetti\u011fini belirterek, \u015funlar\u0131 kaydetti:<\/p>\n<p>&#8220;\u00c7ok \u015fa\u015f\u0131rd\u0131\u011f\u0131m bir \u015fey olmad\u0131. \u00c7\u00fcnk\u00fc menajerim bana T\u00fcrkiye konusunda bir\u00e7ok \u015fey anlatm\u0131\u015ft\u0131. \u0130nsanlar\u0131n ne kadar enerjik ve sevgi dolu oldu\u011fundan bahsetmi\u015fti. Buraya gelir gelmez de bunu hissettim. \u0130nsanlarla hemen etkile\u015fim kurabildim. Bu benim sevdi\u011fim bir durum. \u00c7\u00fcnk\u00fc ben Afrikal\u0131y\u0131m. Benim \u00fclkemdeki insanlar da b\u00f6yle s\u0131cakkanl\u0131. Buraya gelmemdeki en b\u00fcy\u00fck fakt\u00f6r menajerimdi. \u00c7\u00fcnk\u00fc menajerim bir T\u00fcrk. Bana T\u00fcrkiye hakk\u0131nda \u00e7ok \u015fey anlatt\u0131. T\u00fcrkiye&#8217;ye mutlaka gelmem gerekti\u011finden, bu \u00fclkeyi mutlaka ziyaret etmem gerekti\u011finden ve burada \u00e7ok mutlu olaca\u011f\u0131mdan bahsetti. Tabii ki Be\u015fikta\u015f gibi b\u00fcy\u00fck ve k\u00f6kl\u00fc bir kul\u00fcbe gelecek olma fikri beni cezbetti. Bunun kariyerim i\u00e7in iyi bir ad\u0131m olaca\u011f\u0131n\u0131 d\u00fc\u015f\u00fcnd\u00fcm. Bu y\u00fczden buraya gelmek i\u00e7in \u00e7ok mutlu ve hevesliydim. Buraya gelmek ve bu meydan okumay\u0131 kendime ya\u015fatmak istedim. Bu kul\u00fcple kupalar kazanmak istiyorum. Avrupa Ligi&#8217;nde oynama \u015fans\u0131 bulmak istiyorum. Bu y\u00fczden buraday\u0131m. \u00c7\u00fcnk\u00fc meydan okumalar\u0131 severim.&#8221;<\/p>\n<p><img decoding=\"async\" src=\"https:\/\/bihavadis.com\/wp-content\/uploads\/2026\/02\/emmanuel-agbadou-sergen-yalcin-bana-planlarindan-bahsetti-0-YwGQkMgJ.jpg\"\/><\/p>\n<p><strong>&#8220;SERGEN HOCA&#8217;YLA KONU\u015eMAM \u00c7OK \u0130Y\u0130 GE\u00c7T\u0130&#8221;<\/strong><\/p>\n<p>Siyah-beyazl\u0131 tak\u0131m\u0131n teknik direkt\u00f6r\u00fc Sergen Yal\u00e7\u0131n&#8217;\u0131n \u00e7ok iyi bir insan oldu\u011funu d\u00fc\u015f\u00fcnd\u00fc\u011f\u00fcn\u00fc dile getiren 28 ya\u015f\u0131ndaki oyuncu, <b><em>&#8220;Bir oyuncu olarak ise seni en iyi \u015fekilde haz\u0131rlayacak bir ko\u00e7la \u00e7al\u0131\u015facak oldu\u011funu bilmek iyi hissettiriyor. Ko\u00e7la konu\u015fmam \u00e7ok iyi ge\u00e7ti. Bana fazlas\u0131yla ilgi g\u00f6sterdi, nas\u0131l bir oyun plan\u0131na sahip oldu\u011fundan ve neler planlad\u0131\u011f\u0131ndan bahsetti. Bu benim ho\u015fuma gitti. \u00c7\u00fcnk\u00fc benim oynamak istedi\u011fim stil tam olarak bu. Bu benim kimli\u011fim. Bu y\u00fczden buraya gelme fikri beni cezbetti.&#8221;<\/em><\/b> ifadelerini kulland\u0131.<\/p>\n<p><strong>&#8220;BE\u015e\u0130KTA\u015e&#8217;LA \u0130LG\u0130L\u0130 5 K\u0130\u015e\u0130YLE KONU\u015eTUM&#8221;<\/strong><\/p>\n<p>Agbadou, Be\u015fikta\u015f&#8217;a gelmeden \u00f6nce konu\u015ftu\u011fu herkesin g\u00fczel \u015feyler s\u00f6yledi\u011fini aktararak, <b><em>&#8220;El Bilal Toure ile konu\u015ftum. T\u00fcrkiye deneyimi olan neredeyse 5 ki\u015fiyle konu\u015ftum. Ald\u0131\u011f\u0131m geri d\u00f6n\u00fc\u015flerin hepsi olumluydu. Bu y\u00fczden buraya gelmek istedim. Yeni bir meydan okuma i\u00e7in haz\u0131r oldu\u011fumu hissettim. Burada b\u00fcy\u00fck bir atmosfer oldu\u011funu hissediyorum. Sevdi\u011fim \u015fey de tam olarak bu. Avrupa&#8217;daki b\u00fcy\u00fck organizasyonlar\u0131n heyecan verici atmosferini and\u0131r\u0131yor. Ma\u00e7a \u00e7\u0131kt\u0131\u011f\u0131n\u0131zda taraftar size \u00e7ok b\u00fcy\u00fck bir enerji veriyor. Ger\u00e7ekten \u00e7ok b\u00fcy\u00fck bir enerji. Ben bunu seviyorum.&#8221;<\/em><\/b> de\u011ferlendirmesinde bulundu.<\/p>\n<p><strong>&#8220;TAKIMIM \u0130\u00c7\u0130N SAVA\u015eIRIM&#8221;<\/strong><\/p>\n<p>Sahada bir lider gibi oynamay\u0131 sevdi\u011fini vurgulayan Agbadou, <b><em>&#8220;Sahada tak\u0131m\u0131m i\u00e7in sava\u015f\u0131r\u0131m. Oynad\u0131\u011f\u0131m her ma\u00e7ta tak\u0131m\u0131m i\u00e7in y\u00fczde y\u00fcz\u00fcm\u00fc vermek isterim. Her zaman en iyisini vermek i\u00e7in \u00e7abalar\u0131m. Ayr\u0131ca tak\u0131m arkada\u015flar\u0131ma hep iyi enerji vermek i\u00e7in u\u011fra\u015f\u0131r\u0131m. \u00c7\u00fcnk\u00fc bence bu en \u00f6nemli \u015feylerden biri. Bel\u00e7ika&#8217;da, Fransa&#8217;da ve \u0130ngiltere&#8217;de oynad\u0131m. Hepsi farkl\u0131 deneyimler sundu. \u015eimdi de yeni bir deneyime ba\u015flamak i\u00e7in heyecanl\u0131y\u0131m. Buras\u0131, daha \u00f6nce edindi\u011fim tecr\u00fcbelerden farkl\u0131 olacak.&#8221;<\/em><\/b> dedi.<\/p>\n<p><img decoding=\"async\" src=\"https:\/\/bihavadis.com\/wp-content\/uploads\/2026\/02\/emmanuel-agbadou-sergen-yalcin-bana-planlarindan-bahsetti-1-VhcPZ2Cu.jpg\"\/><\/p>\n<p><strong>&#8220;GEREKT\u0130\u011e\u0130NDE \u00d6N PLANA \u00c7IKMAYI SEVER\u0130M&#8221;<\/strong><\/p>\n<p>Fildi\u015fi Sahilli futbolcu, liderlik \u00f6zelli\u011fiyle tak\u0131ma katk\u0131 sa\u011flayabilece\u011fini belirterek \u015f\u00f6yle konu\u015ftu:<\/p>\n<p>&#8220;Oyunu ba\u015flatmay\u0131 seviyorum. Sahada gerekti\u011finde \u00f6n plana \u00e7\u0131kmay\u0131 severim. Bence oyunun kontrol\u00fcn\u00fc elinizde tutmak istiyorsan\u0131z geriden iyi bir ba\u015flang\u0131\u00e7 yapman\u0131z gerekir. Bu benim oyun kimli\u011fim ve tak\u0131ma katk\u0131 sa\u011flayaca\u011f\u0131m y\u00f6n de bu olacak. Elimden gelenin en iyisini yapaca\u011f\u0131m ve tak\u0131m\u0131n da bana yard\u0131mc\u0131 olaca\u011f\u0131na inan\u0131yorum. \u00c7\u00fcnk\u00fc benim i\u00e7in yeni bir lig ve yeni bir deneyim olacak. H\u0131zl\u0131ca adapte olmam gerekiyor \u00e7\u00fcnk\u00fc futbolda zaman\u0131n\u0131z olmuyor. Oyunda birebir m\u00fccadelelerimi kazanmaya ve partnerime g\u00fcven vermeye \u00e7al\u0131\u015faca\u011f\u0131m. Tak\u0131m arkada\u015flar\u0131m da ayn\u0131 \u015fekilde m\u00fccadele g\u00f6sterecektir.&#8221;<\/p>\n<p><strong>&#8220;KADROMUZ GAYET \u0130Y\u0130, BU Y\u00dcZDEN BE\u015e\u0130KTA\u015e&#8217;A GELMEK \u0130STED\u0130M&#8221;<\/strong><\/p>\n<p>Emmanuel Agbadou, <b><em>&#8220;Sezon sonunda \u00fclkeni D\u00fcnya Kupas\u0131&#8217;nda temsil edeceksin. Bu transfer, D\u00fcnya Kupas\u0131 hedeflerin do\u011frultusunda senin i\u00e7in ne ifade ediyor?&#8221;<\/em><\/b> sorusu \u00fczerine, <b><em>&#8220;Bence bu benim i\u00e7in \u00e7ok iyi bir f\u0131rsat. \u00c7\u00fcnk\u00fc d\u00fczenli olarak oynayarak geli\u015fimimi s\u00fcrd\u00fcrmem gerekiyor. Geli\u015fmeye devam etmek i\u00e7in oynaman\u0131z gerekir. Milli tak\u0131m kariyerim i\u00e7in de bu \u00f6nemli \u00e7\u00fcnk\u00fc \u00e7ok rekabet var. \u00c7ok iyi bir kadroya sahibiz. B\u00f6yle iyi bir tak\u0131m\u0131n d\u0131\u015f\u0131nda kalmak ger\u00e7ekten \u00fcz\u00fcc\u00fc olurdu. Bu y\u00fczden buraya gelmeye karar verdim. B\u00fcy\u00fck bir tak\u0131mda m\u00fccadele ederek kendimi g\u00f6stermek istedim. \u0130ngiltere&#8217;de oldu\u011fu gibi burada da insanlar\u0131n beni yak\u0131ndan takip edece\u011fini biliyorum.&#8221;<\/em><\/b> ifadelerini kulland\u0131.<\/p>\n<p><strong>&#8220;\u0130Y\u0130 B\u0130R EK\u0130BE VE ENERJ\u0130YE SAH\u0130B\u0130Z&#8221;<\/strong><\/p>\n<p>Agbadou, siyah-beyazl\u0131 taraftarlar\u0131n tak\u0131m\u0131 desteklemeye devam etmesini istedi\u011fini vurgulayarak, <b><em>&#8220;\u00c7\u00fcnk\u00fc bu tak\u0131mla birlikte g\u00fczel \u015feyler yapmak istiyoruz. \u0130yi bir ekibe sahip oldu\u011fumuzu d\u00fc\u015f\u00fcn\u00fcyorum. \u0130yi bir enerjiye sahibiz. Tak\u0131m i\u00e7in bu \u00f6nemli. Bu y\u00fczden taraftara, bizi desteklemeye devam etmelerini s\u00f6yleyebilirim. Onlar\u0131n deste\u011fiyle birlikte \u00e7ok daha iyi yerlere gelece\u011fiz.&#8221;<\/em><\/b> \u015feklinde g\u00f6r\u00fc\u015f belirtti.<\/p>\n<p><img decoding=\"async\" src=\"https:\/\/bihavadis.com\/wp-content\/uploads\/2026\/02\/emmanuel-agbadou-sergen-yalcin-bana-planlarindan-bahsetti-2-pctQ4E3P.jpg\"\/><\/p>\n","protected":false},"excerpt":{"rendered":"<p>Be\u015fikta\u015f&#8217;\u0131n \u0130ngiliz ekibi Wolverhampton&#8217;dan transfer etti\u011fi Fildi\u015fi Sahilli savunma oyuncusu Emmanuel Agbadou, transfer s\u00fcreci, Sergen Yal\u00e7\u0131n ile g\u00f6r\u00fc\u015fmesi ve hedefleri hakk\u0131nda konu\u015ftu. Agbadou, &#8220;Ko\u00e7la konu\u015fmam \u00e7ok iyi ge\u00e7ti. Bana fazlas\u0131yla ilgi g\u00f6sterdi, nas\u0131l bir oyun plan\u0131na sahip oldu\u011fundan ve neler planlad\u0131\u011f\u0131ndan bahsetti.&#8221; dedi.<\/p>\n","protected":false},"author":1,"featured_media":27053,"comment_status":"open","ping_status":"open","sticky":false,"template":"","format":"standard","meta":{"footnotes":""},"categories":[14],"tags":[4426,651,4425,366,197],"class_list":["post-27052","post","type-post","status-publish","format-standard","has-post-thumbnail","hentry","category-spor","tag-agbadou","tag-besiktas","tag-cunku","tag-takim","tag-turkiye"],"_links":{"self":[{"href":"https:\/\/bihavadis.com\/index.php\/wp-json\/wp\/v2\/posts\/27052","targetHints":{"allow":["GET"]}}],"collection":[{"href":"https:\/\/bihavadis.com\/index.php\/wp-json\/wp\/v2\/posts"}],"about":[{"href":"https:\/\/bihavadis.com\/index.php\/wp-json\/wp\/v2\/types\/post"}],"author":[{"embeddable":true,"href":"https:\/\/bihavadis.com\/index.php\/wp-json\/wp\/v2\/users\/1"}],"replies":[{"embeddable":true,"href":"https:\/\/bihavadis.com\/index.php\/wp-json\/wp\/v2\/comments?post=27052"}],"version-history":[{"count":1,"href":"https:\/\/bihavadis.com\/index.php\/wp-json\/wp\/v2\/posts\/27052\/revisions"}],"predecessor-version":[{"id":27057,"href":"https:\/\/bihavadis.com\/index.php\/wp-json\/wp\/v2\/posts\/27052\/revisions\/27057"}],"wp:featuredmedia":[{"embeddable":true,"href":"https:\/\/bihavadis.com\/index.php\/wp-json\/wp\/v2\/media\/27053"}],"wp:attachment":[{"href":"https:\/\/bihavadis.com\/index.php\/wp-json\/wp\/v2\/media?parent=27052"}],"wp:term":[{"taxonomy":"category","embeddable":true,"href":"https:\/\/bihavadis.com\/index.php\/wp-json\/wp\/v2\/categories?post=27052"},{"taxonomy":"post_tag","embeddable":true,"href":"https:\/\/bihavadis.com\/index.php\/wp-json\/wp\/v2\/tags?post=27052"}],"curies":[{"name":"wp","href":"https:\/\/api.w.org\/{rel}","templated":true}]}}