{"id":27096,"date":"2026-02-11T08:06:06","date_gmt":"2026-02-11T08:06:06","guid":{"rendered":"https:\/\/bihavadis.com\/?p=27096"},"modified":"2026-02-11T08:06:06","modified_gmt":"2026-02-11T08:06:06","slug":"fifadan-cuneyt-cakira-gorev-2026-dunya-kupasinda-yer-alacak","status":"publish","type":"post","link":"https:\/\/bihavadis.com\/index.php\/2026\/02\/11\/fifadan-cuneyt-cakira-gorev-2026-dunya-kupasinda-yer-alacak\/","title":{"rendered":"FIFA&#8217;dan C\u00fcneyt \u00c7ak\u0131r&#8217;a g\u00f6rev: 2026 D\u00fcnya Kupas\u0131&#8217;nda yer alacak"},"content":{"rendered":"<p>Eski FIFA Hakemi ve G\u00fcrcistan Merkez Hakem Kurulu Ba\u015fkan\u0131 C\u00fcneyt \u00c7ak\u0131r, &#8220;Milliyet ile Futbol G\u00fcndemi&#8221; oturumunda \u00f6nemli a\u00e7\u0131klamalarda bulundu.<\/p>\n<p>\u00c7ak\u0131r, ABD, Kanada ve Meksika&#8217;n\u0131n ortakla\u015fa d\u00fczenleyecekleri 2026 D\u00fcnya Kupas\u0131&#8217;nda y\u00f6neticilik yapaca\u011f\u0131n\u0131 s\u00f6yledi.<\/p>\n<p><strong>&#8220;D\u00dcNYA KUPASI&#8217;NDA Y\u00d6NET\u0130C\u0130 OLACA\u011eIM&#8221;<\/strong><\/p>\n<p>49 ya\u015f\u0131ndaki \u00c7ak\u0131r, <b><em>&#8220;Bug\u00fcn bana bir telefon geldi. D\u00fcnya Kupas\u0131&#8217;nda y\u00f6netici olarak g\u00f6revlendirildi\u011fimi s\u00f6ylediler. Hakemli\u011fi b\u0131rakt\u0131ktan sonra en b\u00fcy\u00fck hayallerimden biri buydu. Bu hayalime kavu\u015ftu\u011fum i\u00e7in \u00e7ok mutluyum. \u0130lk defa bir T\u00fcrk b\u00fcy\u00fck organizasyonda y\u00f6neticilik yapacak&#8221;<\/em><\/b> diye konu\u015ftu.<\/p>\n<p><img decoding=\"async\" src=\"https:\/\/bihavadis.com\/wp-content\/uploads\/2026\/02\/fifadan-cuneyt-cakira-gorev-2026-dunya-kupasinda-yer-alacak-0-9N5Gxqgt.jpg\"\/><\/p>\n<p><strong>\u0130LKLER\u0130N HAKEM\u0130YD\u0130<\/strong><\/p>\n<p>2014 FIFA D\u00fcnya Kupas\u0131&#8217;nda d\u00fcd\u00fck \u00e7alan \u00c7ak\u0131r, 6 Haziran 2015&#8217;te \u015eampiyonlar Ligi Finali&#8217;nde Barcelona-Juventus ma\u00e7\u0131n\u0131 y\u00f6neterek bu arenada finalde g\u00f6rev yapan ilk T\u00fcrk hakem olmu\u015ftu.<\/p>\n<p>C\u00fcneyt \u00c7ak\u0131r, D\u00fcnya Kupas\u0131 organizasyonunda da ilk defa bir T\u00fcrk y\u00f6netici olacak.<\/p>\n<p><img decoding=\"async\" src=\"https:\/\/bihavadis.com\/wp-content\/uploads\/2026\/02\/fifadan-cuneyt-cakira-gorev-2026-dunya-kupasinda-yer-alacak-1-GqkdViAZ.jpg\"\/><\/p>\n","protected":false},"excerpt":{"rendered":"<p>Eski FIFA Hakemi ve G\u00fcrcistan Merkez Hakem Kurulu Ba\u015fkan\u0131 C\u00fcneyt \u00c7ak\u0131r, 2026 D\u00fcnya Kupas\u0131&#8217;nda y\u00f6netici olarak yer alaca\u011f\u0131n\u0131 a\u00e7\u0131klad\u0131.<\/p>\n","protected":false},"author":1,"featured_media":27097,"comment_status":"open","ping_status":"open","sticky":false,"template":"","format":"standard","meta":{"footnotes":""},"categories":[14],"tags":[2566,3066,1919,1451],"class_list":["post-27096","post","type-post","status-publish","format-standard","has-post-thumbnail","hentry","category-spor","tag-cakir","tag-dunya-kupasi","tag-hakem","tag-yonetici"],"_links":{"self":[{"href":"https:\/\/bihavadis.com\/index.php\/wp-json\/wp\/v2\/posts\/27096","targetHints":{"allow":["GET"]}}],"collection":[{"href":"https:\/\/bihavadis.com\/index.php\/wp-json\/wp\/v2\/posts"}],"about":[{"href":"https:\/\/bihavadis.com\/index.php\/wp-json\/wp\/v2\/types\/post"}],"author":[{"embeddable":true,"href":"https:\/\/bihavadis.com\/index.php\/wp-json\/wp\/v2\/users\/1"}],"replies":[{"embeddable":true,"href":"https:\/\/bihavadis.com\/index.php\/wp-json\/wp\/v2\/comments?post=27096"}],"version-history":[{"count":1,"href":"https:\/\/bihavadis.com\/index.php\/wp-json\/wp\/v2\/posts\/27096\/revisions"}],"predecessor-version":[{"id":27100,"href":"https:\/\/bihavadis.com\/index.php\/wp-json\/wp\/v2\/posts\/27096\/revisions\/27100"}],"wp:featuredmedia":[{"embeddable":true,"href":"https:\/\/bihavadis.com\/index.php\/wp-json\/wp\/v2\/media\/27097"}],"wp:attachment":[{"href":"https:\/\/bihavadis.com\/index.php\/wp-json\/wp\/v2\/media?parent=27096"}],"wp:term":[{"taxonomy":"category","embeddable":true,"href":"https:\/\/bihavadis.com\/index.php\/wp-json\/wp\/v2\/categories?post=27096"},{"taxonomy":"post_tag","embeddable":true,"href":"https:\/\/bihavadis.com\/index.php\/wp-json\/wp\/v2\/tags?post=27096"}],"curies":[{"name":"wp","href":"https:\/\/api.w.org\/{rel}","templated":true}]}}