{"id":27127,"date":"2026-02-11T08:27:06","date_gmt":"2026-02-11T08:27:06","guid":{"rendered":"https:\/\/bihavadis.com\/?p=27127"},"modified":"2026-02-11T08:27:06","modified_gmt":"2026-02-11T08:27:06","slug":"bodrumda-firtina-feribot-seferi-iptal","status":"publish","type":"post","link":"https:\/\/bihavadis.com\/index.php\/2026\/02\/11\/bodrumda-firtina-feribot-seferi-iptal\/","title":{"rendered":"Bodrum&#8217;da F\u0131rt\u0131na: Feribot Seferi \u0130ptal"},"content":{"rendered":"<p>\n<p>MU\u011eLA&#8217;n\u0131n Bodrum il\u00e7esinde etkili olan f\u0131rt\u0131na nedeniyle tekneler karaya oturdu, Bodrum- \u0130stank\u00f6y aras\u0131 yap\u0131lmas\u0131 planlanan feribot seferi iptal edildi.<\/p>\n<p>Meteoroloji 4&#8217;\u00fcnc\u00fc B\u00f6lge M\u00fcd\u00fcrl\u00fc\u011f\u00fc Bodrum- Ka\u015f aras\u0131nda denizlerde f\u0131rt\u0131na uyar\u0131s\u0131 yapt\u0131. Bu kapsamda, sabah saatlerinden itibaren il\u00e7ede f\u0131rt\u0131na etkili oldu. Saatteki h\u0131z\u0131 80 kilometreye ula\u015fan f\u0131rt\u0131na nedeniyle Bodrum- \u0130stank\u00f6y aras\u0131 feribot seferi iptal edildi. G\u00fcmbet Sahili&#8217;nde 2 yelkenli tekne, 2 motoryat, 2 bal\u0131k\u00e7\u0131 teknesi ve \u015fi\u015fme bot karaya oturdu. Tekne sahipleri b\u00f6lgeye gelerek teknelerini emniyete ald\u0131. \u00d6te yandan, yakla\u015f\u0131k 20 metre uzunlu\u011fundaki motoryat sahilden 50 metre a\u00e7\u0131kta karaya oturdu.<\/p>\n<p>F\u0131rt\u0131nan\u0131n yar\u0131n \u00f6\u011fle saatlerine kadar s\u00fcrmesi bekleniyor. <\/p>\n","protected":false},"excerpt":{"rendered":"<p>Bodrum&#8217;da f\u0131rt\u0131na nedeniyle feribot seferi iptal edildi, bir\u00e7ok tekne karaya oturdu.<\/p>\n","protected":false},"author":1,"featured_media":27128,"comment_status":"open","ping_status":"open","sticky":false,"template":"","format":"standard","meta":{"footnotes":""},"categories":[9,4,13],"tags":[2600,2759],"class_list":["post-27127","post","type-post","status-publish","format-standard","has-post-thumbnail","hentry","category-genel","category-gundem","category-son-dakika","tag-firtina","tag-tekne"],"_links":{"self":[{"href":"https:\/\/bihavadis.com\/index.php\/wp-json\/wp\/v2\/posts\/27127","targetHints":{"allow":["GET"]}}],"collection":[{"href":"https:\/\/bihavadis.com\/index.php\/wp-json\/wp\/v2\/posts"}],"about":[{"href":"https:\/\/bihavadis.com\/index.php\/wp-json\/wp\/v2\/types\/post"}],"author":[{"embeddable":true,"href":"https:\/\/bihavadis.com\/index.php\/wp-json\/wp\/v2\/users\/1"}],"replies":[{"embeddable":true,"href":"https:\/\/bihavadis.com\/index.php\/wp-json\/wp\/v2\/comments?post=27127"}],"version-history":[{"count":1,"href":"https:\/\/bihavadis.com\/index.php\/wp-json\/wp\/v2\/posts\/27127\/revisions"}],"predecessor-version":[{"id":27129,"href":"https:\/\/bihavadis.com\/index.php\/wp-json\/wp\/v2\/posts\/27127\/revisions\/27129"}],"wp:featuredmedia":[{"embeddable":true,"href":"https:\/\/bihavadis.com\/index.php\/wp-json\/wp\/v2\/media\/27128"}],"wp:attachment":[{"href":"https:\/\/bihavadis.com\/index.php\/wp-json\/wp\/v2\/media?parent=27127"}],"wp:term":[{"taxonomy":"category","embeddable":true,"href":"https:\/\/bihavadis.com\/index.php\/wp-json\/wp\/v2\/categories?post=27127"},{"taxonomy":"post_tag","embeddable":true,"href":"https:\/\/bihavadis.com\/index.php\/wp-json\/wp\/v2\/tags?post=27127"}],"curies":[{"name":"wp","href":"https:\/\/api.w.org\/{rel}","templated":true}]}}