{"id":27130,"date":"2026-02-11T08:30:06","date_gmt":"2026-02-11T08:30:06","guid":{"rendered":"https:\/\/bihavadis.com\/?p=27130"},"modified":"2026-02-11T08:30:06","modified_gmt":"2026-02-11T08:30:06","slug":"sirp-lider-dodikten-abdde-de-ayrilikci-cikis","status":"publish","type":"post","link":"https:\/\/bihavadis.com\/index.php\/2026\/02\/11\/sirp-lider-dodikten-abdde-de-ayrilikci-cikis\/","title":{"rendered":"S\u0131rp lider Dodik\u2019ten ABD\u2019de de ayr\u0131l\u0131k\u00e7\u0131 \u00e7\u0131k\u0131\u015f"},"content":{"rendered":"<p>Bosna Hersek\u2019te ayr\u0131l\u0131k\u00e7\u0131 a\u00e7\u0131klamalar\u0131yla s\u0131k s\u0131k tart\u0131\u015fma konusu olan S\u0131rp lider Milorad Dodik, \u0130srail temaslar\u0131n\u0131n ard\u0131ndan ABD\u2019de yapt\u0131\u011f\u0131 a\u00e7\u0131klamalarda da RS\u2019nin Bosna Hersek\u2019ten ayr\u0131lmas\u0131 gerekti\u011fini savundu.<\/p>\n<p><strong>ABD TEMASLARINDAN &#8220;BA\u011eIMSIZLIK&#8221; VURGUSU<\/strong><\/p>\n<p>Bosna Hersek Devlet Ba\u015fkanl\u0131\u011f\u0131 Konseyi\u2019nin S\u0131rp \u00fcyesi Zeljka Cvijanovic, RS Ge\u00e7ici Ba\u015fkan\u0131 Ana Trisic-Babic ve Ba\u011f\u0131ms\u0131z Sosyal Demokratlar Birli\u011fi (SNSD) lideri Dodik\u2019ten olu\u015fan heyet, ABD\u2019de \u00e7e\u015fitli temaslarda bulundu. Dodik, Amerikan medyas\u0131na yapt\u0131\u011f\u0131 de\u011ferlendirmelerde RS\u2019nin \u201cba\u011f\u0131ms\u0131zl\u0131k\u201d iddias\u0131n\u0131 bir kez daha dile getirdi.<\/p>\n<p>ABD Ba\u015fkan\u0131 Donald Trump\u2019tan destek istedi\u011fini s\u00f6yleyen Dodik, Trump i\u00e7in <b><em>\u201cinsanl\u0131\u011f\u0131n umudu\u201d<\/em><\/b> ifadesini kulland\u0131.<\/p>\n<p><strong>M\u00dcSL\u00dcMAN BO\u015eNAKLARA Y\u00d6NEL\u0130K SU\u00c7LAMALAR<\/strong><\/p>\n<p>RS\u2019nin Bosna Hersek\u2019ten ayr\u0131lmas\u0131n\u0131n daha istikrarl\u0131 bir yap\u0131 sa\u011flayaca\u011f\u0131n\u0131 \u00f6ne s\u00fcren Dodik, S\u0131rplar\u0131n \u00e7o\u011funlu\u011fu M\u00fcsl\u00fcman olan bir \u00e7evrede az\u0131nl\u0131k haline getirilmeye \u00e7al\u0131\u015f\u0131ld\u0131\u011f\u0131n\u0131 iddia etti. A\u00e7\u0131klamalar\u0131nda Bo\u015fnaklara y\u00f6nelik sert ve tart\u0131\u015fmal\u0131 ifadeler kullanan Dodik, ge\u00e7mi\u015fe ili\u015fkin su\u00e7lamalarla ayr\u0131l\u0131k\u00e7\u0131 s\u00f6ylemini s\u00fcrd\u00fcrd\u00fc.<\/p>\n<p><strong>\u0130SRA\u0130L Z\u0130YARET\u0130NDE DE AYNI MESAJLAR<\/strong><\/p>\n<p>Dodik ve RS Ge\u00e7ici Ba\u015fkan\u0131 Trisic-Babic, 29 Ocak\u2019ta \u0130srail\u2019i ziyaret ederek Ba\u015fbakan Binyamin Netanyahu ve D\u0131\u015fi\u015fleri Bakan\u0131 Gideon Saar ile g\u00f6r\u00fc\u015fm\u00fc\u015ft\u00fc. Dodik, bu g\u00f6r\u00fc\u015fmelerde de RS\u2019nin ba\u011f\u0131ms\u0131zl\u0131\u011f\u0131na ili\u015fkin taleplerini g\u00fcndeme getirdi\u011fini a\u00e7\u0131klam\u0131\u015ft\u0131.<\/p>\n<p><img decoding=\"async\" src=\"https:\/\/bihavadis.com\/wp-content\/uploads\/2026\/02\/sirp-lider-dodikten-abdde-de-ayrilikci-cikis-0-Ey1lwPDz.jpg\"\/><\/p>\n<p><strong>RS&#8217;DE TARTI\u015eMALI SANDIKLARDA SE\u00c7\u0130M TEKRARI<\/strong><\/p>\n<p>\u00d6te yandan RS\u2019de, 23 Kas\u0131m 2025\u2019te yap\u0131lan erken ba\u015fkanl\u0131k se\u00e7iminde sonu\u00e7lar\u0131 ge\u00e7ersiz say\u0131lan 136 sand\u0131kta yar\u0131n yeniden oy kullan\u0131lacak. Bosna Hersek Merkez Se\u00e7im Komisyonu (CIK), bu sand\u0131klarda 84 bin 474 se\u00e7menin oy kullanma hakk\u0131 bulundu\u011funu duyurdu.<\/p>\n<p>Tekrarlanacak se\u00e7imde, SNSD\u2019nin destekledi\u011fi RS Bilim, Teknoloji ve Y\u00fcksek \u00d6\u011frenim Bakan\u0131 Sinisa Karan ile S\u0131rp Demokrat Partisi aday\u0131 Branko Blanusa\u2019n\u0131n en g\u00fc\u00e7l\u00fc adaylar oldu\u011fu belirtiliyor. Resmi olmayan ilk sonu\u00e7lar\u0131n gece yar\u0131s\u0131ndan \u00f6nce a\u00e7\u0131klanmas\u0131 bekleniyor.<\/p>\n<p><strong>DODIK&#8217;\u0130N G\u00d6REVDEN ALINMA S\u00dcREC\u0130<\/strong><\/p>\n<p>Ayr\u0131l\u0131k\u00e7\u0131 s\u00f6ylemleri nedeniyle uzun s\u00fcredir ele\u015ftirilen Dodik, Dayton Bar\u0131\u015f Antla\u015fmas\u0131\u2019yla kurulan Y\u00fcksek Temsilcilik Ofisi\u2019ni (OHR) ve Y\u00fcksek Temsilci Christian Schmidt\u2019i tan\u0131mad\u0131\u011f\u0131n\u0131 a\u00e7\u0131klam\u0131\u015ft\u0131. Bu tutumunun ard\u0131ndan hakk\u0131nda dava a\u00e7\u0131lan Dodik\u2019e 1 y\u0131l hapis ve 6 y\u0131l siyasi yasak cezas\u0131 verilmi\u015f, hapis cezas\u0131 daha sonra para cezas\u0131na \u00e7evrilmi\u015fti.<\/p>\n<p>Bosna Hersek Merkez Se\u00e7im Komisyonu ise siyasi yasak karar\u0131n\u0131 gerek\u00e7e g\u00f6stererek Dodik\u2019i oy birli\u011fiyle RS Ba\u015fkanl\u0131\u011f\u0131 g\u00f6revinden alm\u0131\u015ft\u0131.<\/p>\n<p><img decoding=\"async\" src=\"https:\/\/bihavadis.com\/wp-content\/uploads\/2026\/02\/sirp-lider-dodikten-abdde-de-ayrilikci-cikis-1-1hL8wEYM.jpg\"\/><\/p>\n","protected":false},"excerpt":{"rendered":"<p>Bosna Hersek\u2019te g\u00f6revden al\u0131nan S\u0131rp lider Milorad Dodik, \u0130srail ziyaretinin ard\u0131ndan gitti\u011fi ABD\u2019de de S\u0131rp Cumhuriyeti\u2019nin (RS) ba\u011f\u0131ms\u0131zl\u0131\u011f\u0131na ili\u015fkin s\u00f6ylemlerini tekrarlad\u0131.<\/p>\n","protected":false},"author":1,"featured_media":27131,"comment_status":"open","ping_status":"open","sticky":false,"template":"","format":"standard","meta":{"footnotes":""},"categories":[6],"tags":[4433,4432,2020],"class_list":["post-27130","post","type-post","status-publish","format-standard","has-post-thumbnail","hentry","category-dunya","tag-bosna-hersek","tag-dodik","tag-secim"],"_links":{"self":[{"href":"https:\/\/bihavadis.com\/index.php\/wp-json\/wp\/v2\/posts\/27130","targetHints":{"allow":["GET"]}}],"collection":[{"href":"https:\/\/bihavadis.com\/index.php\/wp-json\/wp\/v2\/posts"}],"about":[{"href":"https:\/\/bihavadis.com\/index.php\/wp-json\/wp\/v2\/types\/post"}],"author":[{"embeddable":true,"href":"https:\/\/bihavadis.com\/index.php\/wp-json\/wp\/v2\/users\/1"}],"replies":[{"embeddable":true,"href":"https:\/\/bihavadis.com\/index.php\/wp-json\/wp\/v2\/comments?post=27130"}],"version-history":[{"count":1,"href":"https:\/\/bihavadis.com\/index.php\/wp-json\/wp\/v2\/posts\/27130\/revisions"}],"predecessor-version":[{"id":27134,"href":"https:\/\/bihavadis.com\/index.php\/wp-json\/wp\/v2\/posts\/27130\/revisions\/27134"}],"wp:featuredmedia":[{"embeddable":true,"href":"https:\/\/bihavadis.com\/index.php\/wp-json\/wp\/v2\/media\/27131"}],"wp:attachment":[{"href":"https:\/\/bihavadis.com\/index.php\/wp-json\/wp\/v2\/media?parent=27130"}],"wp:term":[{"taxonomy":"category","embeddable":true,"href":"https:\/\/bihavadis.com\/index.php\/wp-json\/wp\/v2\/categories?post=27130"},{"taxonomy":"post_tag","embeddable":true,"href":"https:\/\/bihavadis.com\/index.php\/wp-json\/wp\/v2\/tags?post=27130"}],"curies":[{"name":"wp","href":"https:\/\/api.w.org\/{rel}","templated":true}]}}