{"id":27182,"date":"2026-02-11T09:00:36","date_gmt":"2026-02-11T09:00:36","guid":{"rendered":"https:\/\/bihavadis.com\/?p=27182"},"modified":"2026-02-11T09:00:36","modified_gmt":"2026-02-11T09:00:36","slug":"baskan-palancioglu-berat-iyilige-ulasmak-icin-bir-mujdedir","status":"publish","type":"post","link":"https:\/\/bihavadis.com\/index.php\/2026\/02\/11\/baskan-palancioglu-berat-iyilige-ulasmak-icin-bir-mujdedir\/","title":{"rendered":"Ba\u015fkan Palanc\u0131o\u011flu: &#8220;Berat; iyili\u011fe ula\u015fmak i\u00e7in bir m\u00fcjdedir&#8221;"},"content":{"rendered":"<p>Melikgazi Belediye Ba\u015fkan\u0131 Do\u00e7. Dr. Mustafa Palanc\u0131o\u011flu; Berat Kandili dolay\u0131s\u0131yla bir mesaj yay\u0131mlayarak Berat Kandili&#8217;nin t\u00fcm insanl\u0131\u011fa bar\u0131\u015f, huzur getirmesini temenni etti.<\/p>\n<p>Mesaj\u0131nda Berat Kandili&#8217;nin kurtulu\u015fun, ar\u0131nman\u0131n, manevi huzurun gecesi oldu\u011funa dikkat \u00e7eken Ba\u015fkan Palanc\u0131o\u011flu, bu m\u00fcbarek gecenin birlik ve beraberli\u011fi peki\u015ftirmeye vesile olmas\u0131n\u0131 dileyerek \u015funlar\u0131 ifade etti; &#8220;On Bir Ay\u0131n Sultan\u0131 m\u00fcbarek Ramazan Ay\u0131 yakla\u015f\u0131yor. Bu \u00f6nemli zamanlar aff\u0131n, kurtulu\u015fun m\u00fcjdecisi, dua kap\u0131lar\u0131n\u0131n ard\u0131na kadar a\u00e7\u0131ld\u0131\u011f\u0131 m\u00fcstesna anlar. Berat Kandili&#8217;ni idrak ediyor olman\u0131n sevincini ya\u015f\u0131yoruz. Berat, Yaradan&#8217;\u0131n aff\u0131na eri\u015febilme, g\u00fcnahlardan ar\u0131nma, k\u00fcsl\u00fckleri giderme g\u00fcn\u00fcd\u00fcr. Birlik ve beraberli\u011fin, karde\u015flik duygular\u0131n\u0131n peki\u015fmesine vesile olan bu gece, iyili\u011fe ula\u015fmak i\u00e7in bir m\u00fcjdedir. Berat Kandili&#8217;ni en kalbi duygular\u0131mla tebrik ediyor; bu m\u00fcbarek gecenin g\u00f6n\u00fcllerimize huzur, il\u00e7emize, \u015fehrimize, \u00fclkemize hay\u0131rlar getirmesini temenni ediyorum. Hepimizin Berat Kandili m\u00fcbarek olsun.&#8221; &#8211; KAYSER\u0130<\/p>\n","protected":false},"excerpt":{"rendered":"<p>Melikgazi Belediye Ba\u015fkan\u0131 Do\u00e7. Dr. Mustafa Palanc\u0131o\u011flu, Berat Kandili dolay\u0131s\u0131yla yay\u0131mlad\u0131\u011f\u0131 mesajda geceye ili\u015fkin iyi dileklerde bulunarak, bar\u0131\u015f ve huzur temenni etti.<\/p>\n","protected":false},"author":1,"featured_media":27183,"comment_status":"open","ping_status":"open","sticky":false,"template":"","format":"standard","meta":{"footnotes":""},"categories":[12],"tags":[2390],"class_list":["post-27182","post","type-post","status-publish","format-standard","has-post-thumbnail","hentry","category-siyaset","tag-berat-kandili"],"_links":{"self":[{"href":"https:\/\/bihavadis.com\/index.php\/wp-json\/wp\/v2\/posts\/27182","targetHints":{"allow":["GET"]}}],"collection":[{"href":"https:\/\/bihavadis.com\/index.php\/wp-json\/wp\/v2\/posts"}],"about":[{"href":"https:\/\/bihavadis.com\/index.php\/wp-json\/wp\/v2\/types\/post"}],"author":[{"embeddable":true,"href":"https:\/\/bihavadis.com\/index.php\/wp-json\/wp\/v2\/users\/1"}],"replies":[{"embeddable":true,"href":"https:\/\/bihavadis.com\/index.php\/wp-json\/wp\/v2\/comments?post=27182"}],"version-history":[{"count":1,"href":"https:\/\/bihavadis.com\/index.php\/wp-json\/wp\/v2\/posts\/27182\/revisions"}],"predecessor-version":[{"id":27184,"href":"https:\/\/bihavadis.com\/index.php\/wp-json\/wp\/v2\/posts\/27182\/revisions\/27184"}],"wp:featuredmedia":[{"embeddable":true,"href":"https:\/\/bihavadis.com\/index.php\/wp-json\/wp\/v2\/media\/27183"}],"wp:attachment":[{"href":"https:\/\/bihavadis.com\/index.php\/wp-json\/wp\/v2\/media?parent=27182"}],"wp:term":[{"taxonomy":"category","embeddable":true,"href":"https:\/\/bihavadis.com\/index.php\/wp-json\/wp\/v2\/categories?post=27182"},{"taxonomy":"post_tag","embeddable":true,"href":"https:\/\/bihavadis.com\/index.php\/wp-json\/wp\/v2\/tags?post=27182"}],"curies":[{"name":"wp","href":"https:\/\/api.w.org\/{rel}","templated":true}]}}