{"id":27242,"date":"2026-02-11T09:42:36","date_gmt":"2026-02-11T09:42:36","guid":{"rendered":"https:\/\/bihavadis.com\/?p=27242"},"modified":"2026-02-11T09:42:36","modified_gmt":"2026-02-11T09:42:36","slug":"refah-sinir-kapisi-kismen-acildi","status":"publish","type":"post","link":"https:\/\/bihavadis.com\/index.php\/2026\/02\/11\/refah-sinir-kapisi-kismen-acildi\/","title":{"rendered":"Refah S\u0131n\u0131r Kap\u0131s\u0131 K\u0131smen A\u00e7\u0131ld\u0131"},"content":{"rendered":"<p>\u0130srail ordusuna ba\u011fl\u0131 Filistin Topraklar\u0131ndaki H\u00fck\u00fcmet Aktivitelerini Koordinasyon Birimi&#8217;nden yap\u0131lan a\u00e7\u0131klamada, M\u0131s\u0131r ile Gazze \u015eeridi aras\u0131ndaki Refah S\u0131n\u0131r Kap\u0131s\u0131&#8217;n\u0131n k\u0131smi olarak a\u00e7\u0131ld\u0131\u011f\u0131n\u0131 bildirilirken, &#8220;Bug\u00fcn s\u0131n\u0131r kap\u0131s\u0131n\u0131n i\u015fleyi\u015fini de\u011ferlendirmek i\u00e7in bir pilot uygulama y\u00fcr\u00fct\u00fcl\u00fcyor. B\u00f6lge halk\u0131n\u0131n \u00e7ift y\u00f6nde ge\u00e7i\u015flerine yar\u0131n ba\u015flanmas\u0131 bekleniyor&#8221; denildi.<\/p>\n<p>\u0130srail ordusuna ba\u011fl\u0131 Filistin Topraklar\u0131ndaki H\u00fck\u00fcmet Aktivitelerini Koordinasyon Birimi (COGAT), M\u0131s\u0131r ile Gazze \u015eeridi aras\u0131ndaki Refah S\u0131n\u0131r Kap\u0131s\u0131&#8217;n\u0131n k\u0131smi olarak a\u00e7\u0131ld\u0131\u011f\u0131n\u0131 bildirdi. COGAT&#8217;\u0131n a\u00e7\u0131klamas\u0131nda, &#8220;Refah S\u0131n\u0131r Kap\u0131s\u0131 sadece yaya ge\u00e7i\u015fine a\u00e7\u0131ld\u0131. Bug\u00fcn, s\u0131n\u0131r kap\u0131s\u0131n\u0131n i\u015fleyi\u015fini test etmek ve de\u011ferlendirmek i\u00e7in bir pilot uygulama y\u00fcr\u00fct\u00fcl\u00fcyor. B\u00f6lge halk\u0131n\u0131n Gazze&#8217;ye giri\u015f ve \u00e7\u0131k\u0131\u015f olmak \u00fczere \u00e7ift y\u00f6nde ge\u00e7i\u015flerine yar\u0131n ba\u015flanmas\u0131 bekleniyor&#8221; denildi.<\/p>\n<p>Filistinli yetkililer b\u00f6lgeye geldi<\/p>\n<p>K\u0131smi a\u00e7\u0131lma nedeniyle s\u0131n\u0131r kap\u0131s\u0131 yak\u0131n\u0131ndaki b\u00f6lgelerde hareketlilik ya\u015fand\u0131. Filistin Sa\u011fl\u0131k Bakanl\u0131\u011f\u0131&#8217;ndan bir yetkili, Filistin Y\u00f6netimi&#8217;ni temsil eden yetkililerin s\u0131n\u0131r kap\u0131s\u0131n\u0131n M\u0131s\u0131r taraf\u0131ndan ge\u00e7erek giri\u015f-\u00e7\u0131k\u0131\u015flar\u0131 denetleyen Avrupa Birli\u011fi (AB) misyonuna kat\u0131lmak \u00fczere Filistin kap\u0131s\u0131na do\u011fru ilerledi\u011fini bildirdi.<\/p>\n<p>Yerel kaynaklar, hen\u00fcz s\u0131n\u0131rdan giri\u015f ve \u00e7\u0131k\u0131\u015f\u0131na izin verilecek Filistinlilerin tam say\u0131s\u0131na ili\u015fkin bir anla\u015fman\u0131n sa\u011flanmad\u0131\u011f\u0131n\u0131 bildirirken, M\u0131s\u0131r&#8217;\u0131n \u0130srail&#8217;in b\u00f6lgeden ayr\u0131lmas\u0131na izin verece\u011fi b\u00fct\u00fcn ki\u015fileri kabul etmeye haz\u0131r oldu\u011funu \u00f6ne s\u00fcrd\u00fc.<\/p>\n<p>Refah S\u0131n\u0131r Kap\u0131s\u0131 yakla\u015f\u0131k 2 y\u0131ld\u0131r kapal\u0131<\/p>\n<p>Gazze&#8217;deki halk ve b\u00f6lgeye ula\u015ft\u0131r\u0131lmas\u0131 gereken insani yard\u0131m malzemeleri i\u00e7in hayati \u00f6neme sahip olan Refah S\u0131n\u0131r Kap\u0131s\u0131, \u0130srail&#8217;in Gazze&#8217;ye y\u00f6nelik sald\u0131r\u0131lar\u0131n\u0131 ba\u015flatt\u0131\u011f\u0131 7 Ekim 2023 tarihinin ard\u0131ndan i\u015fgal g\u00fc\u00e7lerinin May\u0131s 2024&#8217;te kontrol\u00fc ele ge\u00e7irmesinden bu yana kapal\u0131 tutuluyordu.<\/p>\n<p>\u0130srail ile Hamas aras\u0131nda 10 Ekim 2025 tarihinde y\u00fcr\u00fcrl\u00fc\u011fe ate\u015fkes uyar\u0131nca taraflar aras\u0131ndaki rehine takaslar\u0131n\u0131n tamamlanmas\u0131n\u0131n ard\u0131ndan \u0130srail&#8217;in b\u00f6lgeye giri\u015f-\u00e7\u0131k\u0131\u015flar\u0131n sa\u011fland\u0131\u011f\u0131 Refah S\u0131n\u0131r Kap\u0131s\u0131&#8217;n\u0131 yeniden \u00e7ift y\u00f6nde ge\u00e7i\u015flere a\u00e7mas\u0131 bekleniyor. &#8211; TEL AV\u0130V<\/p>\n","protected":false},"excerpt":{"rendered":"<p>Refah S\u0131n\u0131r Kap\u0131s\u0131&#8217;nda yaya ge\u00e7i\u015fleri i\u00e7in pilot uygulama ba\u015flat\u0131ld\u0131, ge\u00e7i\u015fler yar\u0131n ba\u015flayacak.<\/p>\n","protected":false},"author":1,"featured_media":27243,"comment_status":"open","ping_status":"open","sticky":false,"template":"","format":"standard","meta":{"footnotes":""},"categories":[12],"tags":[510,414,792,1290,2703],"class_list":["post-27242","post","type-post","status-publish","format-standard","has-post-thumbnail","hentry","category-siyaset","tag-bolge","tag-filistin","tag-israil","tag-kapisi","tag-refah-sinir-kapisi"],"_links":{"self":[{"href":"https:\/\/bihavadis.com\/index.php\/wp-json\/wp\/v2\/posts\/27242","targetHints":{"allow":["GET"]}}],"collection":[{"href":"https:\/\/bihavadis.com\/index.php\/wp-json\/wp\/v2\/posts"}],"about":[{"href":"https:\/\/bihavadis.com\/index.php\/wp-json\/wp\/v2\/types\/post"}],"author":[{"embeddable":true,"href":"https:\/\/bihavadis.com\/index.php\/wp-json\/wp\/v2\/users\/1"}],"replies":[{"embeddable":true,"href":"https:\/\/bihavadis.com\/index.php\/wp-json\/wp\/v2\/comments?post=27242"}],"version-history":[{"count":1,"href":"https:\/\/bihavadis.com\/index.php\/wp-json\/wp\/v2\/posts\/27242\/revisions"}],"predecessor-version":[{"id":27244,"href":"https:\/\/bihavadis.com\/index.php\/wp-json\/wp\/v2\/posts\/27242\/revisions\/27244"}],"wp:featuredmedia":[{"embeddable":true,"href":"https:\/\/bihavadis.com\/index.php\/wp-json\/wp\/v2\/media\/27243"}],"wp:attachment":[{"href":"https:\/\/bihavadis.com\/index.php\/wp-json\/wp\/v2\/media?parent=27242"}],"wp:term":[{"taxonomy":"category","embeddable":true,"href":"https:\/\/bihavadis.com\/index.php\/wp-json\/wp\/v2\/categories?post=27242"},{"taxonomy":"post_tag","embeddable":true,"href":"https:\/\/bihavadis.com\/index.php\/wp-json\/wp\/v2\/tags?post=27242"}],"curies":[{"name":"wp","href":"https:\/\/api.w.org\/{rel}","templated":true}]}}