{"id":27245,"date":"2026-02-11T09:45:09","date_gmt":"2026-02-11T09:45:09","guid":{"rendered":"https:\/\/bihavadis.com\/?p=27245"},"modified":"2026-02-11T09:45:09","modified_gmt":"2026-02-11T09:45:09","slug":"diyarbakirda-ogrencinin-bayrak-hassasiyeti-kamerada","status":"publish","type":"post","link":"https:\/\/bihavadis.com\/index.php\/2026\/02\/11\/diyarbakirda-ogrencinin-bayrak-hassasiyeti-kamerada\/","title":{"rendered":"Diyarbak\u0131r&#8217;da \u00f6\u011frencinin bayrak hassasiyeti kamerada"},"content":{"rendered":"<p>3 \u015eubat\u2019ta Diyarbak\u0131r&#8217;In Sur il\u00e7esindeki Sur Alpaslan \u0130mam Hatip Ortaokulu\u2019nda duygu dolu anlar ya\u015fand\u0131.<\/p>\n<p>Okulda g\u00f6revli \u00f6\u011fretmenler Serap Sar\u0131 ve arkada\u015flar\u0131, \u00f6\u011frencilerin fark\u0131ndal\u0131\u011f\u0131n\u0131 art\u0131rmak amac\u0131yla okul koridorundaki koruma filesine\u00a0 T\u00fcrk bayra\u011f\u0131n\u0131 katlayarak ast\u0131.<\/p>\n<p><strong>KATLANMI\u015e BAYRA\u011eI A\u00c7TI <\/strong><\/p>\n<p>5\u2019inci s\u0131n\u0131f \u00f6\u011frencisi ve s\u0131n\u0131f ba\u015fkan\u0131 K\u00fcbra Temiz, yaramazl\u0131k yapan arkada\u015flar\u0131n\u0131 m\u00fcd\u00fcr yard\u0131mc\u0131s\u0131 Mahsum Esmer\u2019e bildirmeye giderken, koridorda katlanm\u0131\u015f haldeki T\u00fcrk bayra\u011f\u0131n\u0131 fark etti.<\/p>\n<p>Temiz, ard\u0131ndan bayra\u011f\u0131 d\u00fczg\u00fcn \u015fekilde a\u00e7t\u0131. O anlar, okulun g\u00fcvenlik kameras\u0131na yans\u0131d\u0131. Temiz&#8217;in bu davran\u0131\u015f\u0131 takdir toplad\u0131.<\/p>\n<p><img decoding=\"async\" src=\"https:\/\/bihavadis.com\/wp-content\/uploads\/2026\/02\/diyarbakirda-ogrencinin-bayrak-hassasiyeti-kamerada-0-6KH3X1bW.jpg\"\/><\/p>\n<p><strong>&#8220;\u00d6\u011eRETMEN\u0130M\u0130Z BAYRA\u011eIN NE KADAR DE\u011eERL\u0130 OLDU\u011eUNU ANLATTI&#8221;<\/strong><\/p>\n<p>K\u00fcbra Temiz, <em><b>\u201cBen s\u0131n\u0131f ba\u015fkan\u0131 olarak \u00f6\u011frenciler susmad\u0131\u011f\u0131 i\u00e7in m\u00fcd\u00fcr yard\u0131mc\u0131s\u0131n\u0131n yan\u0131na gidiyordum. Oraya giderken bayra\u011f\u0131n katland\u0131\u011f\u0131n\u0131 g\u00f6rd\u00fcm. Orada bir arkada\u015f\u0131m ge\u00e7iyordu. Onun d\u00fczeltece\u011fini sand\u0131m. Benim i\u00e7ime sinmedi. \u00d6\u011fretmenimizin bize bayra\u011f\u0131n ne kadar de\u011ferli oldu\u011funu anlatt\u0131\u011f\u0131 s\u00f6zleri hat\u0131rlad\u0131m. O bayra\u011f\u0131 sevgiyle d\u00fczeltim. <\/b><\/em><\/p>\n<p>diye konu\u015ftu.<\/p>\n<p><img decoding=\"async\" src=\"https:\/\/bihavadis.com\/wp-content\/uploads\/2026\/02\/diyarbakirda-ogrencinin-bayrak-hassasiyeti-kamerada-1-IZ96LIDu.jpg\"\/><\/p>\n<p><strong>&#8220;\u00d6\u011eRENC\u0130LER\u0130M\u0130Z\u0130N TEPK\u0130S\u0130N\u0130 G\u00d6RMEK \u0130STED\u0130K&#8221;<\/strong><\/p>\n<p>Sur Alpaslan \u0130mam Hatip Ortaokulu M\u00fcd\u00fcr Yard\u0131mc\u0131s\u0131 Mahsum Esmer, \u00f6\u011frencilerin bayrak hassasiyetini g\u00f6rmek i\u00e7in fark\u0131ndal\u0131k etkinli\u011fi yapt\u0131klar\u0131n\u0131 belirterek,<em><b> \u201cBakanl\u0131\u011f\u0131m\u0131z taraf\u0131ndan ilk dersimiz \u2018Bayrak\u2019 temas\u0131yla okullarda baz\u0131 etkinliklerin d\u00fczenlemesi istenmi\u015fti. Biz de \u00f6\u011frencilerimizin bayrak hassasiyetini g\u00f6rmek istedik ve b\u00f6yle bir \u00e7al\u0131\u015fma yapt\u0131k. Bayra\u011f\u0131m\u0131z\u0131 katlayarak ast\u0131k. Teneff\u00fcse \u00e7\u0131kacak \u00f6\u011frencilerimizin tepkisini g\u00f6rmek istedik. Teneff\u00fcse gerek kalmadan \u00f6\u011frencimiz bayra\u011f\u0131 g\u00f6rd\u00fc ve hemen d\u00fczeltti. Bu da sevindirici oldu ve bizi \u015fa\u015f\u0131rtmad\u0131\u201d<\/b><\/em> dedi.\u00a0<\/p>\n<p><img decoding=\"async\" src=\"https:\/\/bihavadis.com\/wp-content\/uploads\/2026\/02\/diyarbakirda-ogrencinin-bayrak-hassasiyeti-kamerada-2-ranK8qiQ.jpg\"\/><\/p>\n<p><img decoding=\"async\" src=\"https:\/\/bihavadis.com\/wp-content\/uploads\/2026\/02\/diyarbakirda-ogrencinin-bayrak-hassasiyeti-kamerada-3-5dfcRls7.jpg\"\/><\/p>\n<p><img decoding=\"async\" src=\"https:\/\/bihavadis.com\/wp-content\/uploads\/2026\/02\/diyarbakirda-ogrencinin-bayrak-hassasiyeti-kamerada-4-cz4KPc2Y.jpg\"\/><\/p>\n","protected":false},"excerpt":{"rendered":"<p>Sur il\u00e7esinde bir ortaokulda \u00f6\u011fretmenlerinin fark\u0131ndal\u0131k amac\u0131yla katlayarak fileye ast\u0131\u011f\u0131 T\u00fcrk bayra\u011f\u0131n\u0131, 5&#8217;inci s\u0131n\u0131f \u00f6\u011frencisi K\u00fcbra Temiz g\u00f6r\u00fcp d\u00fczeltti.<\/p>\n","protected":false},"author":1,"featured_media":27246,"comment_status":"open","ping_status":"open","sticky":false,"template":"","format":"standard","meta":{"footnotes":""},"categories":[4,13],"tags":[1902,1002],"class_list":["post-27245","post","type-post","status-publish","format-standard","has-post-thumbnail","hentry","category-gundem","category-son-dakika","tag-bayragi","tag-ogrenciler"],"_links":{"self":[{"href":"https:\/\/bihavadis.com\/index.php\/wp-json\/wp\/v2\/posts\/27245","targetHints":{"allow":["GET"]}}],"collection":[{"href":"https:\/\/bihavadis.com\/index.php\/wp-json\/wp\/v2\/posts"}],"about":[{"href":"https:\/\/bihavadis.com\/index.php\/wp-json\/wp\/v2\/types\/post"}],"author":[{"embeddable":true,"href":"https:\/\/bihavadis.com\/index.php\/wp-json\/wp\/v2\/users\/1"}],"replies":[{"embeddable":true,"href":"https:\/\/bihavadis.com\/index.php\/wp-json\/wp\/v2\/comments?post=27245"}],"version-history":[{"count":1,"href":"https:\/\/bihavadis.com\/index.php\/wp-json\/wp\/v2\/posts\/27245\/revisions"}],"predecessor-version":[{"id":27252,"href":"https:\/\/bihavadis.com\/index.php\/wp-json\/wp\/v2\/posts\/27245\/revisions\/27252"}],"wp:featuredmedia":[{"embeddable":true,"href":"https:\/\/bihavadis.com\/index.php\/wp-json\/wp\/v2\/media\/27246"}],"wp:attachment":[{"href":"https:\/\/bihavadis.com\/index.php\/wp-json\/wp\/v2\/media?parent=27245"}],"wp:term":[{"taxonomy":"category","embeddable":true,"href":"https:\/\/bihavadis.com\/index.php\/wp-json\/wp\/v2\/categories?post=27245"},{"taxonomy":"post_tag","embeddable":true,"href":"https:\/\/bihavadis.com\/index.php\/wp-json\/wp\/v2\/tags?post=27245"}],"curies":[{"name":"wp","href":"https:\/\/api.w.org\/{rel}","templated":true}]}}