{"id":27263,"date":"2026-02-11T09:54:05","date_gmt":"2026-02-11T09:54:05","guid":{"rendered":"https:\/\/bihavadis.com\/?p=27263"},"modified":"2026-02-11T09:54:05","modified_gmt":"2026-02-11T09:54:05","slug":"musk-ile-epstein-arasindaki-yazismalar-ortaya-cikti-25-yas-ustu-kimse-yok-hepsi-cok-tatli","status":"publish","type":"post","link":"https:\/\/bihavadis.com\/index.php\/2026\/02\/11\/musk-ile-epstein-arasindaki-yazismalar-ortaya-cikti-25-yas-ustu-kimse-yok-hepsi-cok-tatli\/","title":{"rendered":"Musk ile Epstein aras\u0131ndaki yaz\u0131\u015fmalar ortaya \u00e7\u0131kt\u0131: 25 ya\u015f \u00fcst\u00fc kimse yok, hepsi \u00e7ok tatl\u0131"},"content":{"rendered":"<p>ABD Adalet Bakanl\u0131\u011f\u0131&#8217;n\u0131n Jeffrey Epstein&#8217;a ait kapsaml\u0131 belge k\u00fcmesini kamuoyuna a\u00e7mas\u0131n\u0131n ard\u0131ndan ortaya \u00e7\u0131kan e-posta yaz\u0131\u015fmalar\u0131nda, Elon Musk ile Epstein aras\u0131nda 2012 ve 2013 y\u0131llar\u0131nda bir dizi ileti\u015fim bulundu\u011fu g\u00f6r\u00fcld\u00fc. Yaz\u0131\u015fmalarda Musk&#8217;\u0131n, Epstein&#8217;\u0131n Karayipler&#8217;deki \u00f6zel adas\u0131na ziyaret plan\u0131, parti tarihleri ve konuk listeleri hakk\u0131nda konu\u015ftu\u011fu belirlendi.<\/p>\n<p><b>&#8220;PART\u0130 PLANI&#8221; SORUSU SKANDAL YARATTI<\/b><\/p>\n<p>Belgelerde yer alan bir e-postada Musk&#8217;\u0131n, Epstein&#8217;a &#8220;Helikopterle adaya ka\u00e7 ki\u015fi geleceksiniz?&#8221; diye sormas\u0131n\u0131n ard\u0131ndan &#8220;Adandaki en \u00e7\u0131lg\u0131n parti hangi g\u00fcn\/nokta?&#8221; \u015feklinde bir ifade kulland\u0131\u011f\u0131 tespit edildi. Musk&#8217;\u0131n bu mesaj\u0131, daha \u00f6nce Epstein ile hi\u00e7bir yak\u0131nl\u0131k kurmad\u0131\u011f\u0131n\u0131 iddia etmesine ra\u011fmen dosyalarda yer almas\u0131yla \u00e7eli\u015fti.<\/p>\n<p><b>GEN\u0130\u015e YANKI UYANDIRAN DETAYLAR<\/b><\/p>\n<p>2012 ve 2013 e-postalar\u0131, sadece bir kerelik bilgi al\u0131\u015fveri\u015fi de\u011fil, Musk&#8217;\u0131n o d\u00f6nemki e\u015fi Talulah Riley ile birlikte adaya ne zaman gitmeyi planlad\u0131\u011f\u0131 ve y\u0131lba\u015f\u0131 d\u00f6neminde ziyaret zamanlamas\u0131yla ilgili g\u00f6r\u00fc\u015fmeler i\u00e7eriyor. Belirtilen tarihler aras\u0131nda planlanan ziyaretlerin baz\u0131lar\u0131n\u0131n iptal edildi\u011fi belirtilse de, haz\u0131rl\u0131k ve planlama a\u015famas\u0131ndaki yaz\u0131\u015fmalar kamuoyunda b\u00fcy\u00fck yank\u0131 uyand\u0131rd\u0131.<\/p>\n<p><b>&#8220;25 YA\u015e \u00dcST\u00dc K\u0130MSE YOK VE HEPS\u0130 \u00c7OK TATLI&#8221;<\/b><\/p>\n<p>Belgelere g\u00f6re,Jeffrey Epstein 2013 y\u0131l\u0131nda New York&#8217;ta Birle\u015fmi\u015f Milletler Genel Kurulu d\u00f6nemi yapt\u0131\u011f\u0131 planlar hakk\u0131nda Elon Musk ile ileti\u015fime ge\u00e7ti. Epstein, &#8220;New York i\u00e7in herhangi bir plan\u0131n var m\u0131? Genel Kurul a\u00e7\u0131l\u0131\u015f\u0131nda eve gelen \u00e7ok say\u0131da ilgin\u00e7 isim var&#8221; diye yazd\u0131\u011f\u0131 g\u00f6r\u00fcld\u00fc.<\/p>\n<p>Musk ise birka\u00e7 saat sonra daveti reddederek \u015fu yan\u0131t\u0131 veriyor: &#8220;\u0130ki karma\u015f\u0131k \u015firketin hem y\u00f6netimini hem de \u00fcr\u00fcn tasar\u0131m\u0131\/m\u00fchendisli\u011fini y\u00fcr\u00fct\u00fcyorum. Ayr\u0131ca SpaceX, muhtemelen tarihin en geli\u015fmi\u015f roketini f\u0131rlatmak \u00fczere. BM diplomatlar\u0131n\u0131n hi\u00e7bir \u015fey yapmad\u0131\u011f\u0131n\u0131 izlemek i\u00e7in New York&#8217;a u\u00e7mak zaman\u0131n ak\u0131ll\u0131ca bir kullan\u0131m\u0131 olmaz&#8221;.<\/p>\n<p>Epstein Musk&#8217;a yan\u0131t olarak davetini netle\u015ftirerek \u015fu ifadeleri kullan\u0131yor: &#8220;\u015eaka yap\u0131yorum, 25 ya\u015f \u00fcst\u00fc kimse yok ve hepsi \u00e7ok tatl\u0131.&#8221; Bu konu\u015fmada e-posta zinciri burada sona eriyor; sonras\u0131nda herhangi bir yan\u0131t ya da kat\u0131l\u0131ma dair bir bilgi bulunmuyor.<\/p>\n<p><b>MUSK&#8217;TAN \u00c7EL\u0130\u015eK\u0130L\u0130 A\u00c7IKLAMALAR<\/b><\/p>\n<p>Musk, yeni yay\u0131nlanan belgelerle ilgili olarak X platformunda yapt\u0131\u011f\u0131 a\u00e7\u0131klamada, bu dosyalar\u0131n dikkat da\u011f\u0131tma ama\u00e7l\u0131 oldu\u011funu ileri s\u00fcrd\u00fc ve yanl\u0131\u015f ili\u015fkilendirmelere kar\u015f\u0131 \u00e7\u0131kt\u0131\u011f\u0131n\u0131 savundu. Daha \u00f6nce Epstein&#8217;\u0131n davetlerini reddetti\u011fini s\u00f6yleyen Musk, yaln\u0131zca Epstein&#8217;\u0131n Manhattan&#8217;daki evinde k\u0131sa s\u00fcreli bir kar\u015f\u0131la\u015fma ya\u015fad\u0131\u011f\u0131n\u0131 \u00f6ne s\u00fcrd\u00fc.<\/p>\n<p><b>DOSYALAR ORTALI\u011eI KARI\u015eTIRDI<\/b><\/p>\n<p>En k\u00fc\u00e7\u00fc\u011f\u00fc 14 olmak \u00fczere 18 ya\u015f alt\u0131ndaki onlarca k\u0131z \u00e7ocu\u011funa cinsel istismarda bulunmak ve fuhu\u015f a\u011f\u0131 olu\u015fturmak su\u00e7lamas\u0131yla yarg\u0131lanan Epstein, tutuklu oldu\u011fu New York Manhattan Metropolitan Merkez Hapishanesi&#8217;ndeki h\u00fccresinde 10 A\u011fustos 2019&#8217;da \u00f6l\u00fc bulunmu\u015ftu.<\/p>\n<p>A\u00e7\u0131klanan Epstein dava dosyalar\u0131nda Prens Andrew, ABD Ba\u015fkan\u0131 Trump, eski ABD Ba\u015fkan\u0131 Bill Clinton, eski \u0130srail Ba\u015fbakan\u0131 Ehud Barak, eski ABD Ba\u015fkan Yard\u0131mc\u0131s\u0131 Al Gore, akt\u00f6r Kevin Spacey, \u015fark\u0131c\u0131 Michael Jackson, ill\u00fczyonist David Copperfield, avukat Alan Dershowitz ve eski New Mexico Valisi Bill Richardson gibi \u00fcnl\u00fc isimler yer alm\u0131\u015ft\u0131.<\/p>\n<p>ABD Federal Soru\u015fturma B\u00fcrosu (FBI) da ABD Adalet Bakanl\u0131\u011f\u0131 ile yapt\u0131\u011f\u0131 inceleme sonucunda, \u00fcnl\u00fc isimlerden olu\u015fan &#8220;m\u00fc\u015fteri listesi&#8221;nin tutuldu\u011funa dair herhangi bir kan\u0131ta ula\u015f\u0131lamad\u0131\u011f\u0131n\u0131, aralar\u0131nda h\u00fck\u00fcmet yetkilileri, \u00fcnl\u00fcler ve i\u015f insanlar\u0131n\u0131n da bulundu\u011fu ki\u015filerin su\u00e7una ortak oldu\u011fu gerek\u00e7esiyle \u00f6rtbas amac\u0131yla \u00f6ld\u00fcr\u00fcld\u00fc\u011f\u00fc \u00f6ne s\u00fcr\u00fclen Epstein&#8217;in ise asl\u0131nda h\u00fccresinde intihar etti\u011fi sonucuna var\u0131ld\u0131\u011f\u0131n\u0131 a\u00e7\u0131klam\u0131\u015ft\u0131.<\/p>\n","protected":false},"excerpt":{"rendered":"<p>ABD Adalet Bakanl\u0131\u011f\u0131&#8217;n\u0131n cinsel istismar ve fuhu\u015f a\u011f\u0131 y\u00f6neticisi Jeffrey Epstein hakk\u0131ndaki federal soru\u015fturmaya ait yay\u0131nlanan dosyalar\u0131n son b\u00f6l\u00fcm\u00fcnde Epstein ile ABD&#8217;li milyarder i\u015f insan\u0131 Elon Musk aras\u0131nda 2012 ve 2014 y\u0131llar\u0131 aras\u0131nda ger\u00e7ekle\u015fen konu\u015fmalar ortaya \u00e7\u0131kt\u0131. Epstein&#8217;\u0131n Musk&#8217;a y\u00f6nelik bir davet \u00fczerinden &#8220;\u015eaka yap\u0131yorum, 25 ya\u015f \u00fcst\u00fc kimse yok ve hepsi \u00e7ok tatl\u0131&#8221; ifadelerini kulland\u0131\u011f\u0131 g\u00f6r\u00fcl\u00fcyor.<\/p>\n","protected":false},"author":1,"featured_media":27264,"comment_status":"open","ping_status":"open","sticky":false,"template":"","format":"standard","meta":{"footnotes":""},"categories":[6],"tags":[272,2183,2282,3980],"class_list":["post-27263","post","type-post","status-publish","format-standard","has-post-thumbnail","hentry","category-dunya","tag-abd","tag-epstein","tag-musk","tag-new"],"_links":{"self":[{"href":"https:\/\/bihavadis.com\/index.php\/wp-json\/wp\/v2\/posts\/27263","targetHints":{"allow":["GET"]}}],"collection":[{"href":"https:\/\/bihavadis.com\/index.php\/wp-json\/wp\/v2\/posts"}],"about":[{"href":"https:\/\/bihavadis.com\/index.php\/wp-json\/wp\/v2\/types\/post"}],"author":[{"embeddable":true,"href":"https:\/\/bihavadis.com\/index.php\/wp-json\/wp\/v2\/users\/1"}],"replies":[{"embeddable":true,"href":"https:\/\/bihavadis.com\/index.php\/wp-json\/wp\/v2\/comments?post=27263"}],"version-history":[{"count":1,"href":"https:\/\/bihavadis.com\/index.php\/wp-json\/wp\/v2\/posts\/27263\/revisions"}],"predecessor-version":[{"id":27265,"href":"https:\/\/bihavadis.com\/index.php\/wp-json\/wp\/v2\/posts\/27263\/revisions\/27265"}],"wp:featuredmedia":[{"embeddable":true,"href":"https:\/\/bihavadis.com\/index.php\/wp-json\/wp\/v2\/media\/27264"}],"wp:attachment":[{"href":"https:\/\/bihavadis.com\/index.php\/wp-json\/wp\/v2\/media?parent=27263"}],"wp:term":[{"taxonomy":"category","embeddable":true,"href":"https:\/\/bihavadis.com\/index.php\/wp-json\/wp\/v2\/categories?post=27263"},{"taxonomy":"post_tag","embeddable":true,"href":"https:\/\/bihavadis.com\/index.php\/wp-json\/wp\/v2\/tags?post=27263"}],"curies":[{"name":"wp","href":"https:\/\/api.w.org\/{rel}","templated":true}]}}