{"id":27271,"date":"2026-02-11T10:00:05","date_gmt":"2026-02-11T10:00:05","guid":{"rendered":"https:\/\/bihavadis.com\/?p=27271"},"modified":"2026-02-11T10:00:05","modified_gmt":"2026-02-11T10:00:05","slug":"mubadiller-103-yil-anma-programi-duzenledi","status":"publish","type":"post","link":"https:\/\/bihavadis.com\/index.php\/2026\/02\/11\/mubadiller-103-yil-anma-programi-duzenledi\/","title":{"rendered":"M\u00fcbadiller 103. Y\u0131l Anma Program\u0131 D\u00fczenledi"},"content":{"rendered":"<p> Samsun&#8217;da, T\u00fcrkiye Yunanistan n\u00fcfus m\u00fcbadelesinin 103. y\u0131l\u0131nda, m\u00fcbadiller anma program\u0131 d\u00fczenledi.<\/p>\n<p>Samsun&#8217;da ya\u015fayan m\u00fcbadiller, Kurtulu\u015f Yolu&#8217;nda, Band\u0131rma Vapuru&#8217;nun Samsun&#8217;a geli\u015fini simgeleyen T\u00fct\u00fcn \u0130skelesi&#8217;nde topland\u0131.<\/p>\n<p>Lozan M\u00fcbadilleri Vakf\u0131 ve Samsun M\u00fcbadele Derne\u011fince d\u00fczenlenen programda, m\u00fcbadiller sayg\u0131 duru\u015funda bulunup \u0130stiklal Mar\u015f\u0131 okudu.<\/p>\n<p>Samsun M\u00fcbadele Derne\u011fi Y\u00f6netim Kurulu \u00dcyesi \u00d6zlem Dan\u0131\u015fman, ya\u015fanan sava\u015flardan dolay\u0131 g\u00f6\u00e7 yollar\u0131nda ya\u015famlar\u0131n\u0131 yitiren atalar\u0131n\u0131 sayg\u0131 ve rahmetle and\u0131klarn\u0131 s\u00f6yledi. M\u00fcbadiller olarak Yunanistan&#8217;a gitmenin kendileri i\u00e7in turistik bir faaliyet olmad\u0131\u011f\u0131n\u0131 dile getiren Dan\u0131\u015fman, &#8220;Atalar\u0131m\u0131z\u0131n do\u011fdu\u011fu topraklara, t\u00fcten bacalar\u0131na, b\u0131rakt\u0131klar\u0131 ibadethanelerine ve mezarlara yapt\u0131\u011f\u0131m\u0131z bir ziyaret, vicdan\u0131m\u0131za ve \u00f6zlemlerimize yap\u0131lan kutsal bir yolculuktur. D\u00fczenledi\u011fimiz konserler, sergiler ve kurdu\u011fumuz ortak sofralarla, s\u0131n\u0131rlar\u0131n ay\u0131ramad\u0131\u011f\u0131 k\u00fclt\u00fcr birli\u011fimizi t\u00fcm d\u00fcnyaya g\u00f6steriyoruz. Bizler iki yaka aras\u0131nda sadece an\u0131lar\u0131 de\u011fil bar\u0131\u015f\u0131n nefesini ta\u015f\u0131yoruz.&#8221; dedi.<\/p>\n<p>M\u00fcbadiller olarak sadece ge\u00e7mi\u015fin ac\u0131lar\u0131n\u0131 anmakla kalmad\u0131klar\u0131n\u0131, gelece\u011fin tehlikelerine kar\u015f\u0131 da sessiz kalmayacaklar\u0131n\u0131 vurgulayan Dan\u0131\u015fman, \u015funlar\u0131 kaydetti: <\/p>\n<p>&#8220;M\u00fcbadelenin 103. y\u0131l\u0131nda denizlere b\u0131rakt\u0131\u011f\u0131m\u0131z karanfiller sadece yitirdi\u011fimiz canlar i\u00e7in de\u011fil, ayn\u0131 zamanda s\u0131n\u0131rlar\u0131n insanlar\u0131 ay\u0131rmad\u0131\u011f\u0131, emperyalist planlar\u0131n can almad\u0131\u011f\u0131 bir d\u00fcnya \u00f6zlemi i\u00e7indir. Atalar\u0131m\u0131z\u0131n h\u00fcz\u00fcnl\u00fc hikayesinden ald\u0131\u011f\u0131m\u0131z dersle bir kez daha hayk\u0131r\u0131yoruz &#8216;Yurtta sulh, cihanda sulh'&#8221;<\/p>\n<p>Anma program\u0131nda m\u00fcbadiller, &#8220;Vardar Ovas\u0131&#8221; t\u00fcrk\u00fcs\u00fc e\u015fli\u011finde Karadeniz&#8217;e karanfil b\u0131rakt\u0131.<\/p>\n<p>Programa, Samsun Valisi Orhan Tavl\u0131, AK Parti Samsun Milletvekili \u00c7i\u011fdem Karaaslan, Samsun B\u00fcy\u00fck\u015fehir Belediye Ba\u015fkan\u0131 Halit Do\u011fan, dernek \u00fcyeleri, protokol \u00fcyeleri, m\u00fcbadiller ve vatanda\u015flar kat\u0131ld\u0131.<\/p>\n","protected":false},"excerpt":{"rendered":"<p>Samsun&#8217;da m\u00fcbadiller, 103. y\u0131l anma program\u0131yla atalar\u0131n\u0131 and\u0131, bar\u0131\u015f mesajlar\u0131 verdi.<\/p>\n","protected":false},"author":1,"featured_media":0,"comment_status":"open","ping_status":"open","sticky":false,"template":"","format":"standard","meta":{"footnotes":""},"categories":[9,4,13],"tags":[4441,385],"class_list":["post-27271","post","type-post","status-publish","format-standard","hentry","category-genel","category-gundem","category-son-dakika","tag-mubadiller","tag-samsun"],"_links":{"self":[{"href":"https:\/\/bihavadis.com\/index.php\/wp-json\/wp\/v2\/posts\/27271","targetHints":{"allow":["GET"]}}],"collection":[{"href":"https:\/\/bihavadis.com\/index.php\/wp-json\/wp\/v2\/posts"}],"about":[{"href":"https:\/\/bihavadis.com\/index.php\/wp-json\/wp\/v2\/types\/post"}],"author":[{"embeddable":true,"href":"https:\/\/bihavadis.com\/index.php\/wp-json\/wp\/v2\/users\/1"}],"replies":[{"embeddable":true,"href":"https:\/\/bihavadis.com\/index.php\/wp-json\/wp\/v2\/comments?post=27271"}],"version-history":[{"count":1,"href":"https:\/\/bihavadis.com\/index.php\/wp-json\/wp\/v2\/posts\/27271\/revisions"}],"predecessor-version":[{"id":27272,"href":"https:\/\/bihavadis.com\/index.php\/wp-json\/wp\/v2\/posts\/27271\/revisions\/27272"}],"wp:attachment":[{"href":"https:\/\/bihavadis.com\/index.php\/wp-json\/wp\/v2\/media?parent=27271"}],"wp:term":[{"taxonomy":"category","embeddable":true,"href":"https:\/\/bihavadis.com\/index.php\/wp-json\/wp\/v2\/categories?post=27271"},{"taxonomy":"post_tag","embeddable":true,"href":"https:\/\/bihavadis.com\/index.php\/wp-json\/wp\/v2\/tags?post=27271"}],"curies":[{"name":"wp","href":"https:\/\/api.w.org\/{rel}","templated":true}]}}