{"id":27308,"date":"2026-02-11T10:24:07","date_gmt":"2026-02-11T10:24:07","guid":{"rendered":"https:\/\/bihavadis.com\/?p=27308"},"modified":"2026-02-11T10:24:07","modified_gmt":"2026-02-11T10:24:07","slug":"abdi-ipekci-47-yilinda-anildi","status":"publish","type":"post","link":"https:\/\/bihavadis.com\/index.php\/2026\/02\/11\/abdi-ipekci-47-yilinda-anildi\/","title":{"rendered":"Abdi \u0130pek\u00e7i 47. Y\u0131l\u0131nda An\u0131ld\u0131"},"content":{"rendered":"<p>\n<p>U\u011frad\u0131\u011f\u0131 silahl\u0131 sald\u0131r\u0131 sonucu 47 y\u0131l \u00f6nce hayat\u0131n\u0131 kaybeden Milliyet Gazetesi Genel Yay\u0131n Y\u00f6netmeni Abdi \u0130pek\u00e7i, \u00f6nce Zincirlikuyu Mezarl\u0131\u011f\u0131&#8217;ndaki kabri ba\u015f\u0131nda ard\u0131ndan da Ni\u015fanta\u015f\u0131&#8217;nda bulunan Abdi \u0130pek\u00e7i An\u0131t\u0131&#8217;n\u0131n \u00f6n\u00fcnde d\u00fczenlenen t\u00f6renlerle an\u0131ld\u0131. <\/p>\n<p>Abdi \u0130pek\u00e7i i\u00e7in Zincirlikuyu&#8217;daki mezar\u0131 ba\u015f\u0131nda d\u00fczenlenen anma t\u00f6reni saat 11.00&#8217;de ba\u015flad\u0131. T\u00f6rene, Abdi \u0130pek\u00e7i&#8217;nin k\u0131z\u0131 N\u00fckhet \u0130pek\u00e7i, Abbas G\u00fc\u00e7l\u00fc, Milliyet Gazetesi K\u00f6\u015fe Yazar\u0131 Tuncay Bengin, Milliyet Gazetesi Genel Yay\u0131n Y\u00f6netmeni \u00d6zay \u015eendir, H\u00fcrriyet Gazetesi K\u00f6\u015fe yazar\u0131 Sedat Ergin, T\u00fcrkiye Gazeteciler Cemiyeti Genel Sekreteri Sibel G\u00fcne\u015f, eski \u00e7al\u0131\u015fma arkada\u015flar\u0131 ve sevenleri kat\u0131ld\u0131.<\/p>\n<p>&#8216;KE\u015eKE B\u0130Z CANI ALINANLAR DA B\u0130RL\u0130K OLUP O D\u0130RAYET\u0130 G\u00d6STEREB\u0130LSEK&#8217;<\/p>\n<p>Abdi \u0130pek\u00e7i&#8217;nin k\u0131z\u0131 N\u00fckhet \u0130pek\u00e7i, &#8220;Can alanlar, \u015fiddetten yana her t\u00fcrl\u00fc etkinli\u011fi yapanlar kadar ke\u015fke biz can\u0131 al\u0131nanlar da birlik olup o dirayeti g\u00f6sterebilsek. Onlar\u0131n aralar\u0131ndaki dayan\u0131\u015fma kadar dayan\u0131\u015fmay\u0131 somut ad\u0131mlar atabilecek d\u00fczeyde g\u00f6sterebilsek&#8221; dedi.<\/p>\n<p>&#8216;DA\u0130M\u0130 GENEL YAYIN Y\u00d6NETMEN\u0130M\u0130Z ABD\u0130 \u0130PEK\u00c7\u0130&#8217;Y\u0130 ANMAK \u0130\u00c7\u0130N Y\u0130NE BURADAYIZ&#8217;<\/p>\n<p>Milliyet Gazetesi Genel Yay\u0131n Y\u00f6netmeni \u00d6zay \u015eendir, &#8220;Her \u015feyin haf\u0131zas\u0131n\u0131n 30 saniye oldu\u011fu, her \u015feyin kayd\u0131r\u0131ld\u0131\u011f\u0131 bir d\u00fcnyada 47 y\u0131ld\u0131r Abdi Bey&#8217;i an\u0131yor olmak; bu hem Abdi Bey&#8217;in de\u011feri a\u00e7\u0131s\u0131ndan hem de bu mesle\u011fin son kalan ku\u015fa\u011f\u0131n\u0131n ne kadar vefal\u0131 oldu\u011funu g\u00f6rmek a\u00e7\u0131s\u0131ndan son derece k\u0131ymetli. T\u00fcrkiye&#8217;de katillerin magazin arac\u0131 haline gelmemesi gerekiyor. 2025 bu anlamda k\u00f6t\u00fc ge\u00e7ti. Medya a\u00e7\u0131s\u0131ndan ba\u015far\u0131s\u0131z bir seneydi. Ama \u015funu s\u00f6ylemekte fayda var: Bir g\u00fcn burada ne zaman ki ileti\u015fim, hukuk, t\u0131p fak\u00fcltesi \u00f6\u011frencilerini g\u00f6rece\u011fiz. Onlar hi\u00e7 g\u00f6rmedikleri ayn\u0131 d\u00f6nemde ya\u015famad\u0131klar\u0131 Abdi Bey&#8217;in T\u00fcrk medyas\u0131na neler katt\u0131\u011f\u0131n\u0131 \u00f6\u011frenecekler ve o zaman \u00e7ok daha iyi bir hayat\u0131m\u0131z olacak. Ama biz en az\u0131ndan iki ku\u015fak aras\u0131nda k\u00f6pr\u00fc olabilir miyiz diye bakaca\u011f\u0131z. Daimi genel yay\u0131n y\u00f6netmenimiz Abdi \u0130pek\u00e7i&#8217;yi anmak i\u00e7in yine buraday\u0131z&#8221; diye konu\u015ftu.<\/p>\n<p>&#8216;ABD\u0130 \u0130PEK\u00c7\u0130 T\u00dcRK BASINININ EN \u00d6NEML\u0130 TEMEL TA\u015eLARINDAN B\u0130R\u0130S\u0130YD\u0130&#8217;<\/p>\n<p>Milliyet Gazetesi k\u00f6\u015fe yazar Abbas G\u00fc\u00e7l\u00fc, &#8220;Abdi \u0130pek\u00e7i T\u00fcrk bas\u0131n\u0131n\u0131n en \u00f6nemli temel ta\u015flar\u0131ndan birisiydi. \u00c7a\u011fda\u015f bas\u0131n\u0131n olu\u015fmas\u0131nda, bir d\u00f6n\u00fc\u015f\u00fcm a\u015famas\u0131nda \u00e7ok \u00f6nemli g\u00f6revler \u00fcstlenen bir isimdi. Gazetecilere moral ve motivasyon sa\u011flayan ve objektif gazetecili\u011fin, evrensel gazetecili\u011fin ne oldu\u011funu \u00e7ok \u00e7ok iyi anlatan bir isimdi. Bug\u00fcn Abdi \u0130pek\u00e7i ya\u015f\u0131yor olsayd\u0131 bug\u00fcn\u00fcn T\u00fcrkiye&#8217;sini nas\u0131l yorumlard\u0131? Ne yapard\u0131? Onu \u00e7ok \u00e7ok merak edenlere \u015funu s\u00f6ylemek isterdim; her \u015feyden \u00f6nce bar\u0131\u015f derdi. Bar\u0131\u015f\u0131n sadece T\u00fcrkiye i\u00e7in de\u011fil d\u00fcnya i\u00e7in \u00e7ok \u00f6nemli oldu\u011funu her zaman vurgulard\u0131. Gazetecili\u011fi bir meslek olarak se\u00e7ip bunun da onurlu bir meslek oldu\u011funu hepimize \u00f6rnek olarak g\u00f6sterdi. \u0130leride bir gazeteci nas\u0131l olunmas\u0131 diye bir soru soruldu\u011fu zaman i\u015fte Abdi \u0130pek\u00e7i ekol\u00fc denir, Abdi \u0130pek\u00e7i tarz\u0131 denir, Abdi \u0130pek\u00e7i gibi tarafs\u0131z ve \u00f6zg\u00fcr olmak denir. K\u0131sa s\u00fcrede \u00e7ok b\u00fcy\u00fck i\u015fler ba\u015fard\u0131&#8221; dedi.<\/p>\n<p>&#8216;B\u00dcT\u00dcN GEN\u00c7 ARKADA\u015eLARIMIZA TAVS\u0130YEM\u0130Z ABD\u0130 BEY&#8217;\u0130N GAZETEC\u0130L\u0130\u011e\u0130N\u0130 \u0130Y\u0130 \u00d6\u011eRENS\u0130NLER&#8217;<\/p>\n<p>Milliyet Gazetesi K\u00f6\u015fe Yazar\u0131 Tunca Bengin, &#8220;Biz her sene Abdi Bey&#8217;i anmaya buraya geliyoruz. Fakat \u00fcz\u00fcc\u00fc olan \u015fu; tabii hala ayd\u0131nlanmam\u0131\u015f bir cinayetten, katliamdan s\u00f6z ediyoruz. Abdi Bey, T\u00fcrk bas\u0131n camias\u0131n\u0131n en \u00f6nemli ismiydi. Halen bulunmam\u0131\u015f olmas\u0131 \u00e7ok ac\u0131 bir durum. Abdi Bey dendi\u011fi zaman T\u00fcrk medyas\u0131n\u0131n en \u00f6nemli kutup y\u0131ld\u0131z\u0131yd\u0131, kilit ta\u015f\u0131yd\u0131. Hepimiz gazetecili\u011fi kendisinden \u00f6\u011frendik. Halen de onun ilkelerini ya\u015fatmaya \u00e7al\u0131\u015f\u0131yoruz. B\u00fct\u00fcn gen\u00e7 arkada\u015flar\u0131m\u0131za da \u00f6zellikle tavsiyemiz, temennimiz Abdi Bey&#8217;i iyi okusunlar. Ger\u00e7ekten Abdi Bey&#8217;in gazetecili\u011fini iyi \u00f6\u011frensinler. Gazetecili\u011fin ne demek oldu\u011funu o zaman \u00e7ok daha iyi anlayacaklard\u0131r&#8221; ifadelerini kuland\u0131.<\/p>\n<p>ANITI&#8217;NDA T\u00d6REN D\u00dcZENLEND\u0130<\/p>\n<p>Ni\u015fanta\u015f\u0131&#8217;nda Abdi \u0130pek\u00e7i&#8217;nin sald\u0131r\u0131ya u\u011frayarak hayat\u0131n\u0131 kaybetti\u011fi noktada bulunan Abdi \u0130pek\u00e7i An\u0131t\u0131&#8217;n\u0131n \u00f6n\u00fcnde de anma t\u00f6reni ger\u00e7ekle\u015ftirildi. T\u00f6rene; T\u00fcrkiye Gazeteciler Sendikas\u0131 \u0130stanbul \u015eube Ba\u015fkan\u0131 \u00d6zg\u00fcr Deniz Kaya ve gazeteciler ile \u0130pek\u00e7i&#8217;nin sevenleri kat\u0131ld\u0131. T\u00f6rene kat\u0131lanlar Abdi \u0130pek\u00e7i An\u0131t\u0131&#8217;na karanfil b\u0131rak\u0131ld\u0131.<\/p>\n<p>&#8216;ONUN KALEM\u0130NDE NEFRETE YER YOKTU&#8217;<\/p>\n<p>T\u00fcrkiye Gazeteciler Sendikas\u0131 \u0130stanbul \u015eube Ba\u015fkan\u0131 \u00d6zg\u00fcr Deniz Kaya, &#8220;Onun kaleminde nefrete yer yoktu, diyalog i\u00e7erisindeydi ve toplumda \u00e7ok seslili\u011fi savunan bir isimdi. Milliyet gazetesindeki k\u00f6\u015fesinin ad\u0131 &#8216;Durum&#8217;du. O T\u00fcrkiye&#8217;nin durumunu yaz\u0131lar\u0131yla yay\u0131nlarken bir yandan da gazetecili\u011fin durumunu hi\u00e7e sayanlarla m\u00fccadele etti. Abdi ba\u015fkan\u0131m\u0131za, asl\u0131nda halk\u0131n haber alma hakk\u0131na s\u0131k\u0131lan bu kur\u015fun elbette unutulmayacak. Ancak biz o kur\u015fundan daha g\u00fc\u00e7l\u00fc itirazlar\u0131 olan gazetecileriz. Ya\u015fas\u0131n bas\u0131n \u00f6zg\u00fcrl\u00fc\u011f\u00fc diyoruz&#8221; dedi. <\/p>\n","protected":false},"excerpt":{"rendered":"<p>Abdi \u0130pek\u00e7i, mezar\u0131 ve an\u0131t\u0131 \u00f6n\u00fcnde d\u00fczenlenen t\u00f6renlerle an\u0131ld\u0131, gazetecilik de\u011ferleri vurguland\u0131.<\/p>\n","protected":false},"author":1,"featured_media":27309,"comment_status":"open","ping_status":"open","sticky":false,"template":"","format":"standard","meta":{"footnotes":""},"categories":[9,4,13],"tags":[4442,4443,2168,197,367],"class_list":["post-27308","post","type-post","status-publish","format-standard","has-post-thumbnail","hentry","category-genel","category-gundem","category-son-dakika","tag-abdi-ipekci","tag-milliyet-gazetesi","tag-toren","tag-turkiye","tag-zaman"],"_links":{"self":[{"href":"https:\/\/bihavadis.com\/index.php\/wp-json\/wp\/v2\/posts\/27308","targetHints":{"allow":["GET"]}}],"collection":[{"href":"https:\/\/bihavadis.com\/index.php\/wp-json\/wp\/v2\/posts"}],"about":[{"href":"https:\/\/bihavadis.com\/index.php\/wp-json\/wp\/v2\/types\/post"}],"author":[{"embeddable":true,"href":"https:\/\/bihavadis.com\/index.php\/wp-json\/wp\/v2\/users\/1"}],"replies":[{"embeddable":true,"href":"https:\/\/bihavadis.com\/index.php\/wp-json\/wp\/v2\/comments?post=27308"}],"version-history":[{"count":1,"href":"https:\/\/bihavadis.com\/index.php\/wp-json\/wp\/v2\/posts\/27308\/revisions"}],"predecessor-version":[{"id":27310,"href":"https:\/\/bihavadis.com\/index.php\/wp-json\/wp\/v2\/posts\/27308\/revisions\/27310"}],"wp:featuredmedia":[{"embeddable":true,"href":"https:\/\/bihavadis.com\/index.php\/wp-json\/wp\/v2\/media\/27309"}],"wp:attachment":[{"href":"https:\/\/bihavadis.com\/index.php\/wp-json\/wp\/v2\/media?parent=27308"}],"wp:term":[{"taxonomy":"category","embeddable":true,"href":"https:\/\/bihavadis.com\/index.php\/wp-json\/wp\/v2\/categories?post=27308"},{"taxonomy":"post_tag","embeddable":true,"href":"https:\/\/bihavadis.com\/index.php\/wp-json\/wp\/v2\/tags?post=27308"}],"curies":[{"name":"wp","href":"https:\/\/api.w.org\/{rel}","templated":true}]}}