{"id":27333,"date":"2026-02-11T10:42:05","date_gmt":"2026-02-11T10:42:05","guid":{"rendered":"https:\/\/bihavadis.com\/?p=27333"},"modified":"2026-02-11T10:42:05","modified_gmt":"2026-02-11T10:42:05","slug":"jeffrey-epstein-hayatta-mi-oyun-platformu-iddialara-yanit-verdi","status":"publish","type":"post","link":"https:\/\/bihavadis.com\/index.php\/2026\/02\/11\/jeffrey-epstein-hayatta-mi-oyun-platformu-iddialara-yanit-verdi\/","title":{"rendered":"Jeffrey Epstein hayatta m\u0131? Oyun platformu iddialara yan\u0131t verdi"},"content":{"rendered":"<p>ABD\u2019de re\u015fit olmayan k\u0131z \u00e7ocuklar\u0131na y\u00f6nelik cinsel istismar ve fuhu\u015f a\u011f\u0131 kurmakla su\u00e7lanan, yarg\u0131land\u0131\u011f\u0131 s\u0131rada cezaevinde \u00f6l\u00fc bulunan milyarder Jeffrey Epstein\u2019a ili\u015fkin her g\u00fcn yeni bir iddia ortaya at\u0131l\u0131yor.<\/p>\n<p>Son olarak sosyal medya platformlar\u0131nda, Jeffrey Epstein&#8217;e ait oldu\u011fu iddia edilen bir Fortnite hesab\u0131n\u0131n aktif olarak kullan\u0131ld\u0131\u011f\u0131na dair g\u00f6r\u00fcnt\u00fcler kullan\u0131c\u0131lar taraf\u0131ndan payla\u015f\u0131lmaya ba\u015fland\u0131.<\/p>\n<p><strong>PLATFORMDAN A\u00c7IKLAMA YAPILDI<\/strong><\/p>\n<p>Epstein\u2019in hayatta oldu\u011funa dair iddialara dayanak g\u00f6sterilen <b><em>\u201clittlestjeff1\u201d<\/em><\/b> adl\u0131 Fortnite hesab\u0131yla ilgili de a\u00e7\u0131klama yap\u0131ld\u0131.<\/p>\n<p>Fortnite\u2019\u0131n X platformundaki resmi hesab\u0131ndan yap\u0131lan a\u00e7\u0131klamada, s\u00f6z konusu kullan\u0131c\u0131 ad\u0131n\u0131n bir oyuncu taraf\u0131ndan sonradan de\u011fi\u015ftirildi\u011fi ve iddialar\u0131n ger\u00e7e\u011fi yans\u0131tmad\u0131\u011f\u0131 belirtildi.<\/p>\n<p>A\u00e7\u0131klamada, <b><em>\u201cBu bir hileydi. Fortnite Tracker yaln\u0131zca mevcut kullan\u0131c\u0131 ad\u0131n\u0131 g\u00f6sterir. Epstein ile ili\u015fkilendirilen e-posta adreslerine dair sistemimizde herhangi bir kay\u0131t yoktur\u201d<\/em><\/b> denildi.<\/p>\n<p><img decoding=\"async\" src=\"https:\/\/bihavadis.com\/wp-content\/uploads\/2026\/02\/jeffrey-epstein-hayatta-mi-oyun-platformu-iddialara-yanit-verdi-0-eiuwpH5c.jpg\"\/><\/p>\n<p><strong>EPSTE\u0130N \u0130LE TEMAS KURAN YEN\u0130 \u0130S\u0130MLER ORTAYA \u00c7IKTI<\/strong><\/p>\n<p>ABD Adalet Bakanl\u0131\u011f\u0131 taraf\u0131ndan yay\u0131mlanan Epstein dosyalar\u0131nda, eski Beyaz Saray Dan\u0131\u015fman\u0131 ve avukat Kathy Ruemmler\u2019in de isminin yer ald\u0131\u011f\u0131 g\u00f6r\u00fcld\u00fc. Belgelerde, Epstein\u2019in yak\u0131n \u00e7evresiyle yapt\u0131\u011f\u0131 e-posta yaz\u0131\u015fmalar\u0131 ve temaslar\u0131 ayr\u0131nt\u0131lar\u0131yla yer ald\u0131.<\/p>\n<p>Dosyalardaki 19 Eyl\u00fcl 2014 tarihli bir e-postada, Epstein\u2019in uzun y\u0131llar asistanl\u0131\u011f\u0131n\u0131 yapan Lesley Groff\u2019un, Ruemmler\u2019in 24-25 Eyl\u00fcl tarihlerinde New York\u2019ta olaca\u011f\u0131n\u0131 ve eski Norve\u00e7 Ba\u015fbakan\u0131 Thorbjorn Jagland ile eski \u0130srail Ba\u015fbakan\u0131 Ehud Barak\u2019la planlanan toplant\u0131lara kat\u0131lmaktan memnuniyet duydu\u011funu Epstein\u2019e bildirdi\u011fi g\u00f6r\u00fcld\u00fc.<\/p>\n<p>15 Temmuz 2014 tarihli ba\u015fka bir e-postada ise Groff\u2019un,<b><em> \u201cKathy Ruemmler 18 Temmuz Cuma g\u00fcn\u00fc 12.30\u2019da \u00f6\u011fle yeme\u011fine gelecek\u201d<\/em><\/b> ifadesini kulland\u0131\u011f\u0131 yer ald\u0131.<\/p>\n<p>22 Nisan 2015 tarihli ayr\u0131 bir yaz\u0131\u015fmada da, ismi belirtilmeyen bir ki\u015finin Jojo Fontanilla\u2019ya g\u00f6nderdi\u011fi e-postada, <b><em>\u201cJeffrey\u2019nin Kathy Ruemmler\u2019a g\u00f6t\u00fcrmeni istedi\u011fi bir hediyesi var\u201d<\/em><\/b> mesaj\u0131 dikkat \u00e7ekti.<\/p>\n<p><img decoding=\"async\" src=\"https:\/\/bihavadis.com\/wp-content\/uploads\/2026\/02\/jeffrey-epstein-hayatta-mi-oyun-platformu-iddialara-yanit-verdi-1-5THtrsHN.jpg\"\/><\/p>\n<p><strong>NEW YORK G\u0130ANTS BA\u015eKANI \u0130LE M\u00dcSTEHCEN YAZI\u015eMALAR<\/strong><\/p>\n<p>Dosyalarda, NFL tak\u0131m\u0131 New York Giants\u2019\u0131n ba\u015fkan\u0131 olan i\u015f insan\u0131 Steve Tisch ile Epstein aras\u0131nda ge\u00e7en e-posta konu\u015fmalar\u0131 da yer ald\u0131.<\/p>\n<p>26 Nisan 2013 tarihli yaz\u0131\u015fmada Tisch\u2019in Epstein\u2019e, <b><em>\u201cAz \u00f6nce asistan\u0131n\u0131n arkada\u015f\u0131yla \u00f6\u011fle yeme\u011fi yedim. \u00c7ok tatl\u0131 bir k\u0131z. Onun hakk\u0131nda bir \u015fey biliyor musun?\u201d <\/em><\/b>diye sordu\u011fu g\u00f6r\u00fcld\u00fc.<\/p>\n<p>Epstein\u2019in bu ki\u015fiyi tan\u0131mad\u0131\u011f\u0131n\u0131 s\u00f6yledi\u011fi ancak ba\u015fka bir kad\u0131n hakk\u0131nda m\u00fcstehcen ifadeler kulland\u0131\u011f\u0131 yaz\u0131\u015fmalara yans\u0131d\u0131.<\/p>\n<p>Tisch\u2019in ise Epstein\u2019a, bahsi ge\u00e7en ki\u015fi i\u00e7in<b><em> \u201cProfesyonel mi yoksa sivil mi?\u201d<\/em><\/b> sorusunu y\u00f6neltti\u011fi kaydedildi.<\/p>\n<p><img decoding=\"async\" src=\"https:\/\/bihavadis.com\/wp-content\/uploads\/2026\/02\/jeffrey-epstein-hayatta-mi-oyun-platformu-iddialara-yanit-verdi-2-fCfbcai1.jpg\"\/><\/p>\n<p><strong>SU\u00c7UNU KABUL ETT\u0130KTEN SONRA DA TEMAS S\u00dcRD\u00dc<\/strong><\/p>\n<p>The Wall Street Journal\u2019\u0131n dosyalar \u00fczerine yapt\u0131\u011f\u0131 analizde, Epstein\u2019in Haziran 2008\u2019de su\u00e7unu kabul etmesinin ard\u0131ndan da bir\u00e7ok tan\u0131nm\u0131\u015f isimle ileti\u015fimini s\u00fcrd\u00fcrd\u00fc\u011f\u00fc tespit edildi.<\/p>\n<p>Bu isimler aras\u0131nda dilbilimci Noam Chomsky, Next Models\u2019\u0131n kurucusu Faith Kates, avukat David Schoen, eski \u0130ngiltere Washington B\u00fcy\u00fckel\u00e7isi Peter Mandelson, bilim insan\u0131 Stephen Kosslyn, Prens Andrew, i\u015f insan\u0131 Richard Branson, eski Beyaz Saray Dan\u0131\u015fman\u0131 Kathy Ruemmler ve Donald Trump\u2019\u0131n eski dan\u0131\u015fman\u0131 Steve Bannon yer ald\u0131.<\/p>\n<p><img decoding=\"async\" src=\"https:\/\/bihavadis.com\/wp-content\/uploads\/2026\/02\/jeffrey-epstein-hayatta-mi-oyun-platformu-iddialara-yanit-verdi-3-9Y1mbs6z.jpg\"\/><\/p>\n","protected":false},"excerpt":{"rendered":"<p>Tutuklu bulundu\u011fu h\u00fccrede \u00f6l\u00fc bulunan Epstein&#8217;in hayatta oldu\u011funa dair komplo teorilerine her ge\u00e7en g\u00fcn bir yenisi ekleniyor. Online oyun platformundan, Epstein&#8217;e ait oldu\u011fu iddia edilen hesapla ilgili a\u00e7\u0131klama yap\u0131ld\u0131.<\/p>\n","protected":false},"author":1,"featured_media":27334,"comment_status":"open","ping_status":"open","sticky":false,"template":"","format":"standard","meta":{"footnotes":""},"categories":[6],"tags":[1597,2183,1123],"class_list":["post-27333","post","type-post","status-publish","format-standard","has-post-thumbnail","hentry","category-dunya","tag-e-posta","tag-epstein","tag-eski"],"_links":{"self":[{"href":"https:\/\/bihavadis.com\/index.php\/wp-json\/wp\/v2\/posts\/27333","targetHints":{"allow":["GET"]}}],"collection":[{"href":"https:\/\/bihavadis.com\/index.php\/wp-json\/wp\/v2\/posts"}],"about":[{"href":"https:\/\/bihavadis.com\/index.php\/wp-json\/wp\/v2\/types\/post"}],"author":[{"embeddable":true,"href":"https:\/\/bihavadis.com\/index.php\/wp-json\/wp\/v2\/users\/1"}],"replies":[{"embeddable":true,"href":"https:\/\/bihavadis.com\/index.php\/wp-json\/wp\/v2\/comments?post=27333"}],"version-history":[{"count":1,"href":"https:\/\/bihavadis.com\/index.php\/wp-json\/wp\/v2\/posts\/27333\/revisions"}],"predecessor-version":[{"id":27339,"href":"https:\/\/bihavadis.com\/index.php\/wp-json\/wp\/v2\/posts\/27333\/revisions\/27339"}],"wp:featuredmedia":[{"embeddable":true,"href":"https:\/\/bihavadis.com\/index.php\/wp-json\/wp\/v2\/media\/27334"}],"wp:attachment":[{"href":"https:\/\/bihavadis.com\/index.php\/wp-json\/wp\/v2\/media?parent=27333"}],"wp:term":[{"taxonomy":"category","embeddable":true,"href":"https:\/\/bihavadis.com\/index.php\/wp-json\/wp\/v2\/categories?post=27333"},{"taxonomy":"post_tag","embeddable":true,"href":"https:\/\/bihavadis.com\/index.php\/wp-json\/wp\/v2\/tags?post=27333"}],"curies":[{"name":"wp","href":"https:\/\/api.w.org\/{rel}","templated":true}]}}