{"id":27342,"date":"2026-02-11T10:48:07","date_gmt":"2026-02-11T10:48:07","guid":{"rendered":"https:\/\/bihavadis.com\/?p=27342"},"modified":"2026-02-11T10:48:07","modified_gmt":"2026-02-11T10:48:07","slug":"filistinden-mufredat-iddialarina-yalanlama-kudus-baskenttir","status":"publish","type":"post","link":"https:\/\/bihavadis.com\/index.php\/2026\/02\/11\/filistinden-mufredat-iddialarina-yalanlama-kudus-baskenttir\/","title":{"rendered":"Filistin&#8217;den m\u00fcfredat iddialar\u0131na yalanlama: Kud\u00fcs ba\u015fkenttir"},"content":{"rendered":"<p>Filistin Y\u00f6netimi, sosyal medyada ve baz\u0131 medya organlar\u0131nda yer alan \u201ce\u011fitim m\u00fcfredat\u0131nda k\u00f6kl\u00fc de\u011fi\u015fiklikler yap\u0131ld\u0131\u011f\u0131\u201d iddialar\u0131n\u0131 reddederek, Kud\u00fcs\u2019\u00fcn Filistin Devleti\u2019nin ba\u015fkenti olma stat\u00fcs\u00fcn\u00fcn ders kitaplar\u0131nda yer almaya devam etti\u011fini duyurdu.<\/p>\n<p><strong>&#8220;PAYLA\u015eILAN B\u0130LG\u0130LER, GER\u00c7E\u011e\u0130 YANSITMIYOR&#8221;<\/strong><\/p>\n<p>Filistin E\u011fitim Bakanl\u0131\u011f\u0131 taraf\u0131ndan yap\u0131lan yaz\u0131l\u0131 a\u00e7\u0131klamada, m\u00fcfredatta Kud\u00fcs, Filistinli esirler ve m\u00fcltecilerle ilgili konular\u0131n kald\u0131r\u0131ld\u0131\u011f\u0131 y\u00f6n\u00fcndeki payla\u015f\u0131mlar\u0131n as\u0131ls\u0131z oldu\u011fu vurguland\u0131. A\u00e7\u0131klamada, <em><b>\u201cKud\u00fcs, Filistin Devleti\u2019nin kutsal \u015fehri ve ba\u015fkentidir\u201d <\/b><\/em>ifadesine a\u00e7\u0131k \u015fekilde yer verildi.<\/p>\n<p><strong>&#8220;DE\u011e\u0130\u015e\u0130KL\u0130K, \u0130SRA\u0130L&#8217;\u0130N DO\u011eU KUD\u00dcS&#8217;TEK\u0130 UYGULAMALARIYLA KARI\u015eTIRILIYOR&#8221;<\/strong><\/p>\n<p>Bakanl\u0131k, m\u00fcfredatta de\u011fi\u015fiklik yap\u0131ld\u0131\u011f\u0131na dair \u00f6rneklerin, \u0130srail\u2019in i\u015fgal alt\u0131ndaki Do\u011fu Kud\u00fcs\u2019te Filistin okullar\u0131na zorla uygulad\u0131\u011f\u0131 d\u00fczenlemelerle kar\u0131\u015ft\u0131r\u0131ld\u0131\u011f\u0131n\u0131 belirtti. Bu de\u011fi\u015fikliklerin Filistin Y\u00f6netimi\u2019nin resmi e\u011fitim politikas\u0131yla ilgisi olmad\u0131\u011f\u0131 kaydedildi.<\/p>\n<p><img decoding=\"async\" src=\"https:\/\/bihavadis.com\/wp-content\/uploads\/2026\/02\/filistinden-mufredat-iddialarina-yalanlama-kudus-baskenttir-0-Ee9Q51Vi.jpg\"\/><\/p>\n<p><strong>UNESCO VURGUSU<\/strong><\/p>\n<p>A\u00e7\u0131klamada, Filistin e\u011fitim sisteminin Birle\u015fmi\u015f Milletler E\u011fitim, Bilim ve K\u00fclt\u00fcr \u00d6rg\u00fct\u00fc\u2019n\u00fcn (UNESCO) standartlar\u0131na uygun \u015fekilde geli\u015ftirilmeye devam edildi\u011fi ifade edilerek, baz\u0131 d\u0131\u015f kaynakl\u0131 medya kurulu\u015flar\u0131n\u0131n bu s\u00fcreci \u00e7arp\u0131tarak kamuoyunu yanl\u0131\u015f y\u00f6nlendirdi\u011fi savunuldu.<\/p>\n<p><strong>&#8220;TOPLUMU PROVOKE ETMEY\u0130 AMA\u00c7LIYOR&#8221;<\/strong><\/p>\n<p>Yetkililer, m\u00fcfredata ili\u015fkin iddialar\u0131n kamuoyunu k\u0131\u015fk\u0131rtmaya ve i\u00e7 kar\u0131\u015f\u0131kl\u0131k yaratmaya y\u00f6nelik oldu\u011funu ileri s\u00fcrerek, bu t\u00fcr bilgilerin teyit edilmeden payla\u015f\u0131lmamas\u0131 \u00e7a\u011fr\u0131s\u0131nda bulundu.<\/p>\n<p><img decoding=\"async\" src=\"https:\/\/bihavadis.com\/wp-content\/uploads\/2026\/02\/filistinden-mufredat-iddialarina-yalanlama-kudus-baskenttir-1-mdMzr6Eg.jpg\"\/><\/p>\n<p><strong>SOSYAL MEDYADAK\u0130 \u0130DD\u0130ALAR<\/strong><\/p>\n<p>Son g\u00fcnlerde sosyal medyada, Filistin okullar\u0131nda birinci s\u0131n\u0131ftan onuncu s\u0131n\u0131fa kadar olan ders kitaplar\u0131nda kapsaml\u0131 de\u011fi\u015fiklikler yap\u0131ld\u0131\u011f\u0131 \u00f6ne s\u00fcr\u00fclm\u00fc\u015ft\u00fc. Bu iddialar aras\u0131nda Filistin milli mar\u015f\u0131n\u0131n kald\u0131r\u0131ld\u0131\u011f\u0131, \u201cesir\u201d ve \u201cm\u00fccahit\u201d gibi kavramlar\u0131n \u00e7\u0131kar\u0131ld\u0131\u011f\u0131, Kud\u00fcs\u2019\u00fcn ba\u015fkent olarak tan\u0131mlanmas\u0131na ili\u015fkin harita ve co\u011frafi at\u0131flar\u0131n de\u011fi\u015ftirildi\u011fi y\u00f6n\u00fcndeki payla\u015f\u0131mlar yer alm\u0131\u015ft\u0131.<\/p>\n<p>Ayr\u0131ca, Yahudilerle Araplar\u0131n birlikte ya\u015fam\u0131n\u0131 vurgulayan anlat\u0131lar\u0131n eklendi\u011fi, s\u00fcrg\u00fcn ve adaletsizlikle ilgili terminolojinin yumu\u015fat\u0131ld\u0131\u011f\u0131 ve i\u015fgal ile esirlik konular\u0131n\u0131 i\u00e7eren baz\u0131 derslerin de\u011fi\u015ftirildi\u011fi de \u00f6ne s\u00fcr\u00fclen iddialar aras\u0131nda bulunuyordu.<\/p>\n<p><img decoding=\"async\" src=\"https:\/\/bihavadis.com\/wp-content\/uploads\/2026\/02\/filistinden-mufredat-iddialarina-yalanlama-kudus-baskenttir-2-E6xGRNyt.jpg\"\/><\/p>\n","protected":false},"excerpt":{"rendered":"<p>Filistin Y\u00f6netimi, e\u011fitim m\u00fcfredat\u0131ndan Kud\u00fcs\u2019\u00fcn Filistin devletinin ba\u015fkenti oldu\u011funa dair ifadelerin \u00e7\u0131kar\u0131ld\u0131\u011f\u0131 y\u00f6n\u00fcndeki iddialar\u0131n ger\u00e7e\u011fi yans\u0131tmad\u0131\u011f\u0131n\u0131 a\u00e7\u0131klad\u0131.<\/p>\n","protected":false},"author":1,"featured_media":27343,"comment_status":"open","ping_status":"open","sticky":false,"template":"","format":"standard","meta":{"footnotes":""},"categories":[6],"tags":[4444,233,414,2809,130],"class_list":["post-27342","post","type-post","status-publish","format-standard","has-post-thumbnail","hentry","category-dunya","tag-degisiklik","tag-egitim","tag-filistin","tag-iddialar","tag-medya"],"_links":{"self":[{"href":"https:\/\/bihavadis.com\/index.php\/wp-json\/wp\/v2\/posts\/27342","targetHints":{"allow":["GET"]}}],"collection":[{"href":"https:\/\/bihavadis.com\/index.php\/wp-json\/wp\/v2\/posts"}],"about":[{"href":"https:\/\/bihavadis.com\/index.php\/wp-json\/wp\/v2\/types\/post"}],"author":[{"embeddable":true,"href":"https:\/\/bihavadis.com\/index.php\/wp-json\/wp\/v2\/users\/1"}],"replies":[{"embeddable":true,"href":"https:\/\/bihavadis.com\/index.php\/wp-json\/wp\/v2\/comments?post=27342"}],"version-history":[{"count":1,"href":"https:\/\/bihavadis.com\/index.php\/wp-json\/wp\/v2\/posts\/27342\/revisions"}],"predecessor-version":[{"id":27347,"href":"https:\/\/bihavadis.com\/index.php\/wp-json\/wp\/v2\/posts\/27342\/revisions\/27347"}],"wp:featuredmedia":[{"embeddable":true,"href":"https:\/\/bihavadis.com\/index.php\/wp-json\/wp\/v2\/media\/27343"}],"wp:attachment":[{"href":"https:\/\/bihavadis.com\/index.php\/wp-json\/wp\/v2\/media?parent=27342"}],"wp:term":[{"taxonomy":"category","embeddable":true,"href":"https:\/\/bihavadis.com\/index.php\/wp-json\/wp\/v2\/categories?post=27342"},{"taxonomy":"post_tag","embeddable":true,"href":"https:\/\/bihavadis.com\/index.php\/wp-json\/wp\/v2\/tags?post=27342"}],"curies":[{"name":"wp","href":"https:\/\/api.w.org\/{rel}","templated":true}]}}