{"id":27427,"date":"2026-02-11T11:39:06","date_gmt":"2026-02-11T11:39:06","guid":{"rendered":"https:\/\/bihavadis.com\/?p=27427"},"modified":"2026-02-11T11:39:06","modified_gmt":"2026-02-11T11:39:06","slug":"inegolde-silahli-kavga-kayinpeder-oldu-oglu-yarali","status":"publish","type":"post","link":"https:\/\/bihavadis.com\/index.php\/2026\/02\/11\/inegolde-silahli-kavga-kayinpeder-oldu-oglu-yarali\/","title":{"rendered":"\u0130neg\u00f6l&#8217;de Silahl\u0131 Kavga: Kay\u0131npeder \u00d6ld\u00fc, O\u011flu Yaral\u0131"},"content":{"rendered":"<p> Bursa&#8217;n\u0131n \u0130neg\u00f6l il\u00e7esinde \u00e7\u0131kan silahl\u0131 kavgada, damad\u0131 taraf\u0131ndan vurulan kay\u0131npeder \u00f6ld\u00fc, o\u011flu ise yaraland\u0131.<\/p>\n<p>Kemalpa\u015fa Mahallesi Hac\u0131 S\u00fcleyman Sokak&#8217;ta Adem \u00dc. ile kay\u0131npederi Ahmet Kalkanc\u0131 (69) ve kay\u0131nbiraderi Halil Can Kalkanc\u0131 (37) aras\u0131nda hen\u00fcz bilinmeyen bir nedenle tart\u0131\u015fma \u00e7\u0131kt\u0131.<\/p>\n<p>Tart\u0131\u015fman\u0131n kavgaya d\u00f6n\u00fc\u015fmesi \u00fczerine Adem \u00dc, yan\u0131nda getirdi\u011fi tabancayla Ahmet Kalkanc\u0131 ve Halil Can Kalkanc\u0131&#8217;ya ate\u015f etti.<\/p>\n<p>Olay yerine gelen 112 Acil Sa\u011fl\u0131k ekiplerince \u0130neg\u00f6l Devlet Hastanesine kald\u0131r\u0131lan yaral\u0131lardan Ahmet Kalkanc\u0131, m\u00fcdahaleye ra\u011fmen kurtar\u0131lamad\u0131.<\/p>\n<p>Aya\u011f\u0131ndan yaralanan Halil Can Kalkanc\u0131&#8217;n\u0131n ise tedavisinin s\u00fcrd\u00fc\u011f\u00fc \u00f6\u011frenildi.<\/p>\n<p>Bu arada olay\u0131n ard\u0131ndan ka\u00e7t\u0131\u011f\u0131 \u00f6ne s\u00fcr\u00fclen Adem \u00dc&#8217;n\u00fcn yakalanmas\u0131 i\u00e7in \u00e7al\u0131\u015fma ba\u015flat\u0131ld\u0131.<\/p>\n","protected":false},"excerpt":{"rendered":"<p>Bursa&#8217;n\u0131n \u0130neg\u00f6l il\u00e7esinde damad\u0131 taraf\u0131ndan vurulan kay\u0131npeder hayat\u0131n\u0131 kaybetti, o\u011flu yaraland\u0131.<\/p>\n","protected":false},"author":1,"featured_media":27428,"comment_status":"open","ping_status":"open","sticky":false,"template":"","format":"standard","meta":{"footnotes":""},"categories":[9,4,13],"tags":[],"class_list":["post-27427","post","type-post","status-publish","format-standard","has-post-thumbnail","hentry","category-genel","category-gundem","category-son-dakika"],"_links":{"self":[{"href":"https:\/\/bihavadis.com\/index.php\/wp-json\/wp\/v2\/posts\/27427","targetHints":{"allow":["GET"]}}],"collection":[{"href":"https:\/\/bihavadis.com\/index.php\/wp-json\/wp\/v2\/posts"}],"about":[{"href":"https:\/\/bihavadis.com\/index.php\/wp-json\/wp\/v2\/types\/post"}],"author":[{"embeddable":true,"href":"https:\/\/bihavadis.com\/index.php\/wp-json\/wp\/v2\/users\/1"}],"replies":[{"embeddable":true,"href":"https:\/\/bihavadis.com\/index.php\/wp-json\/wp\/v2\/comments?post=27427"}],"version-history":[{"count":1,"href":"https:\/\/bihavadis.com\/index.php\/wp-json\/wp\/v2\/posts\/27427\/revisions"}],"predecessor-version":[{"id":27429,"href":"https:\/\/bihavadis.com\/index.php\/wp-json\/wp\/v2\/posts\/27427\/revisions\/27429"}],"wp:featuredmedia":[{"embeddable":true,"href":"https:\/\/bihavadis.com\/index.php\/wp-json\/wp\/v2\/media\/27428"}],"wp:attachment":[{"href":"https:\/\/bihavadis.com\/index.php\/wp-json\/wp\/v2\/media?parent=27427"}],"wp:term":[{"taxonomy":"category","embeddable":true,"href":"https:\/\/bihavadis.com\/index.php\/wp-json\/wp\/v2\/categories?post=27427"},{"taxonomy":"post_tag","embeddable":true,"href":"https:\/\/bihavadis.com\/index.php\/wp-json\/wp\/v2\/tags?post=27427"}],"curies":[{"name":"wp","href":"https:\/\/api.w.org\/{rel}","templated":true}]}}