{"id":27491,"date":"2026-02-11T12:27:05","date_gmt":"2026-02-11T12:27:05","guid":{"rendered":"https:\/\/bihavadis.com\/?p=27491"},"modified":"2026-02-11T12:27:05","modified_gmt":"2026-02-11T12:27:05","slug":"chp-lideri-ozgur-ozel-milletin-tercihine-saygi-duymaliyiz","status":"publish","type":"post","link":"https:\/\/bihavadis.com\/index.php\/2026\/02\/11\/chp-lideri-ozgur-ozel-milletin-tercihine-saygi-duymaliyiz\/","title":{"rendered":"CHP Lideri \u00d6zg\u00fcr \u00d6zel: &#8216;Milletin Tercihine Sayg\u0131 Duymal\u0131y\u0131z&#8217;"},"content":{"rendered":"<p> \u00c7orum&#8217;da konu\u015fan CHP Genel Ba\u015fkan\u0131 \u00d6zg\u00fcr \u00d6zel, &#8221; T\u00fcrkiye&#8217;ye Cumhuriyeti getiren, sonra \u00e7ok partili rejimi, sand\u0131\u011f\u0131 getiren, milletin verdi\u011fi g\u00f6reve raz\u0131 olan, icab\u0131nda 47 y\u0131l ikinci parti kalan ama millete sayg\u0131s\u0131n\u0131 kaybetmeyen siyasetin ad\u0131 Cumhuriyet Halk Partisi&#8217;dir&#8221; dedi.<\/p>\n<p>Cumhuriyet Halk Partisi (CHP) Genel Ba\u015fkan\u0131 \u00d6zg\u00fcr \u00d6zel, \u00c7orum il merkezindeki Abide Meydan\u0131nda ger\u00e7ekle\u015ftirilen &#8220;Millet \u0130radesine Sahip \u00c7\u0131k\u0131yor&#8221; adl\u0131 mitingde vatanda\u015flara seslendi.<\/p>\n<p>&#8220;Siyaset\u00e7inin demokrat oldu\u011fu, se\u00e7imi kazand\u0131\u011f\u0131 ak\u015fam belli olmaz&#8221;<\/p>\n<p>\u0130ktidar\u0131 ele\u015ftiren \u00d6zel, &#8220;Biz demokrasi fikrine inanm\u0131\u015f insanlar\u0131z. Kazan\u0131rsak gelir y\u00f6netiriz. Kaybedersek \u00e7ekiliriz. Millet kimi istiyorsa ona sayg\u0131 duyar\u0131z. \u00c7orum&#8217;un merkez belediye ba\u015fkan\u0131na da il\u00e7elerdeki AK Parti, MHP&#8217;den se\u00e7ilmi\u015f belediye ba\u015fkanl\u0131lar\u0131na ba\u015far\u0131lar diledik, dileriz. \u00c7orum&#8217;un \u00e7ok sorunlar\u0131 var. \u00c7\u00f6zmek i\u00e7in gayret g\u00f6sterirseler destekleriz. Siyaset kazanana sayg\u0131 duyma, millete sayg\u0131 duyma, milletin tercihine sayg\u0131 duyma i\u015fidir. Milletin se\u00e7ti\u011fine direnmek, milletin se\u00e7ti\u011fine bak\u0131p da &#8216;sen buraya nereden geldin, sen y\u00f6netme, yerine benim atad\u0131\u011f\u0131m y\u00f6netsin&#8217; demek demek demokratl\u0131k de\u011fildir. Bir siyasinin, bir siyasi partinin, bir siyasi yap\u0131n\u0131n ya da bir siyaset\u00e7inin demokrat oldu\u011fu, se\u00e7imi kazand\u0131\u011f\u0131 ak\u015fam belli olmaz, o ak\u015fam demokrasi nutuklar\u0131 atmak, milleti takdir etmek, milli iradenin \u00f6n\u00fcnde sayg\u0131yla e\u011filmek kolay. \u00d6nemli olan kaybetti\u011finde ne yapt\u0131\u011f\u0131n. \u0130\u015fte T\u00fcrkiye&#8217;ye Cumhuriyeti getiren, sonra \u00e7ok partili rejimi, sand\u0131\u011f\u0131 getiren, milletin verdi\u011fi g\u00f6reve raz\u0131 olan, icab\u0131nda 47 y\u0131l ikinci parti kalan ama millete sayg\u0131s\u0131n\u0131 kaybetmeyen siyasetin ad\u0131 Cumhuriyet Halk Partisi&#8217;dir. Kendi se\u00e7ilince millete methiyeler d\u00fczen, &#8216;milli irade&#8217; diyen ama bir kez ikinci parti olunca darbeye kalk\u0131\u015fan, kayyum atayan, iftira eden ve rakibini hapse att\u0131ran siyasetin ad\u0131 da t\u00fckenmi\u015f Adalet ve Kalk\u0131nma Partisi siyasetidir, t\u00fckenmi\u015f Erdo\u011fan&#8217;\u0131n siyasetidir&#8221; dedi.<\/p>\n<p>&#8220;T\u00fcrkiye \u0130ttifak\u0131&#8217;nda birle\u015fme zaman\u0131d\u0131r&#8221;<\/p>\n<p>Vatanda\u015flar\u0131 T\u00fcrkiye \u0130ttifak\u0131&#8217;nda birle\u015fmeye \u00e7a\u011f\u0131ran \u00d6zel, &#8220;Bug\u00fcn T\u00fcrkiye&#8217;de m\u00fccadele otokrasiyle demokrasi aras\u0131ndad\u0131r. Bug\u00fcn m\u00fccadele emekliye, emek\u00e7iye kulak t\u0131kayan, s\u0131rt d\u00f6nenler ile onlar i\u00e7in m\u00fccadele edenler aras\u0131ndad\u0131r. Daha \u00f6nce AK Parti&#8217;ye, MHP&#8217;ye oy vermi\u015f olsa da \u00c7orum&#8217;un g\u00fczel insanlar\u0131na sesleniyorum. Art\u0131k y\u00fcr\u00fcy\u00fc\u015f, 100 y\u0131l \u00f6nce oldu\u011fu gibi bir kez daha birlikte y\u00fcr\u00fcy\u00fc\u015f zaman\u0131d\u0131r. Art\u0131k, renklerini ay y\u0131ld\u0131zl\u0131 al bayraktan alan T\u00fcrkiye \u0130ttifak\u0131nda birle\u015fme zaman\u0131d\u0131r. \u00c7orum&#8217;da Alevisiyle, S\u00fcnnisiyle, T\u00fcrk&#8217;\u00fcyle, K\u00fcrt&#8217;\u00fcyle, g\u00f6\u00e7meniyle, Bo\u015fnak&#8217;\u0131yla, Laz&#8217;\u0131yla, \u00c7erkez&#8217;iyle, M\u00fcsl\u00fcman demokratlarla, muhafazakar demokratlarla, sosyal demokratlar\u0131n, milliyet\u00e7i demokratlar\u0131n, liberal demokratlar\u0131n, \u00c7orum&#8217;un t\u00fcm demokratlar\u0131n\u0131n bir araya gelip ve hakk\u0131n\u0131 alma zaman\u0131d\u0131r. Buna t\u00fcm T\u00fcrkiye&#8217;de ihtiya\u00e7 var&#8221; diye konu\u015ftu.<\/p>\n<p>&#8220;Emeklilerin be\u015fi bir araya gelse bir zengin etmiyorlar&#8221;<\/p>\n<p>Ekonomiyle ilgili konu\u015fan \u00d6zel, &#8220;Emeklinin 20 bin lira, asgari \u00fccretlinin 28 bin lira almas\u0131n\u0131n utanc\u0131 i\u00e7erisindeyiz. T\u00fcrkiye&#8217;de \u00e7ift\u00e7ilerin ortalama geliri 19 bin 700 lira olmu\u015f. Bundan birileri utanm\u0131yor ama biz bunun utanc\u0131 i\u00e7erisindeyiz. Bug\u00fcn a\u00e7l\u0131k s\u0131n\u0131r\u0131 31 bin lira olarak a\u00e7\u0131kland\u0131, yoksulluk s\u0131n\u0131r\u0131 ilk kez \u00fc\u00e7 haneli rakamlara \u00e7\u0131kt\u0131, 102 bin lira olarak a\u00e7\u0131kland\u0131. Bug\u00fcn maalesef 5 emekli bir araya gelse maa\u015f\u0131n\u0131 birine verse o ki\u015fiyi yoksulluktan \u00e7\u0131kartam\u0131yorlar. Emeklilerin be\u015fi bir araya gelse bir zengin etmiyorlar. Emekliye verilen maa\u015f, \u00fc\u00e7 emekli birle\u015fse iki emekliyi a\u00e7l\u0131ktan kurtaram\u0131yor. \u0130\u015fte b\u00f6yle b\u00fcy\u00fck bir haks\u0131zl\u0131kla kar\u015f\u0131 kar\u015f\u0131yay\u0131z&#8221; \u015feklinde konu\u015ftu.<\/p>\n<p>&#8220;Dijital doland\u0131r\u0131c\u0131lara dikkat de siyasi doland\u0131r\u0131c\u0131lara ne yapaca\u011f\u0131z&#8221;<\/p>\n<p>Hazine ve Maliye Bakan\u0131 Mehmet \u015eim\u015fek&#8217;i, dijital doland\u0131r\u0131c\u0131l\u0131kla ilgili yapt\u0131\u011f\u0131 payla\u015f\u0131m \u00fczerinden ele\u015ftiren \u00d6zel, &#8220;S\u0131rf dijital doland\u0131r\u0131c\u0131l\u0131k olsa neyse. Emeklinin hakk\u0131n\u0131 yiyen sizsiniz, i\u015f\u00e7ileri enflasyona ezdiren sizsiniz, \u00e7ift\u00e7ilerin kanundaki desteklemesini vermeyen sizsiniz, milletin cebinden al\u0131p faiz lobilerine veren sizsiniz, ekonomi iyi olacak diye oy toplay\u0131p &#8216;kemer s\u0131kaca\u011f\u0131z&#8217; diye se\u00e7imden sonra konu\u015fan sizsiniz. Dijital doland\u0131r\u0131c\u0131lara dikkat de siyasi doland\u0131r\u0131c\u0131lara ne yapaca\u011f\u0131z? Siz tarihin g\u00f6rd\u00fc\u011f\u00fc en b\u00fcy\u00fck siyasi doland\u0131r\u0131c\u0131lars\u0131n\u0131z. Bu milletten &#8216;iyi olacak, y\u00fcz\u00fcn g\u00fclecek&#8217; diye oy al\u0131p daha sonra bu millete s\u0131rt\u0131n\u0131 d\u00f6nenlere, Cumhuriyet Halk Partisi&#8217;ne gelip aday olup se\u00e7ilen belediye ba\u015fkan\u0131n\u0131 zorla, r\u00fc\u015fvetle, bask\u0131yla partisine \u00e7ekmeye \u00e7al\u0131\u015fan siyasi doland\u0131r\u0131c\u0131lara, Ayd\u0131n&#8217;\u0131n oyunu al\u0131p AK Parti&#8217;ye topuklayan siyasi kapka\u00e7\u00e7\u0131lara kar\u015f\u0131 milletimizi uyar\u0131yorum. Memlekette ad\u0131 AK Parti olan ama memlekete kara d\u00fczen dayatan, oylar\u0131 al\u0131p s\u0131rt\u0131n\u0131 d\u00f6nen, hizmet yapmayan, milleti a\u00e7l\u0131kla, yoklukla s\u0131rt s\u0131rta b\u0131rakan siyasi doland\u0131r\u0131c\u0131lara kar\u015f\u0131 milletimizi uyar\u0131yorum. Bunlarla m\u00fccadele i\u00e7in sand\u0131\u011fa davet ediyorum&#8221; ifadelerini kulland\u0131.<\/p>\n<p>\u00d6zel, \u0130stanbul B\u00fcy\u00fck\u015fehir Belediyesi se\u00e7imlerinin yenilenmesi \u00e7a\u011fr\u0131s\u0131n\u0131 yineledi. Cumhurba\u015fkan\u0131 Recep Tayyip Erdo\u011fan&#8217;a seslenen \u00d6zel, 29 Mart Pazar g\u00fcn\u00fc \u0130stanbul&#8217;da yap\u0131lmas\u0131n\u0131 istedi\u011fi se\u00e7imde kaybetmeleri halinde g\u00f6revi b\u0131rakaca\u011f\u0131n\u0131 s\u00f6yledi. &#8211; \u00c7ORUM<\/p>\n","protected":false},"excerpt":{"rendered":"<p>\u00c7orum&#8217;da konu\u015fan CHP Genel Ba\u015fkan\u0131 \u00d6zg\u00fcr \u00d6zel, &#8220;T\u00fcrkiye&#8217;ye Cumhuriyeti getiren, sonra \u00e7ok partili rejimi, sand\u0131\u011f\u0131 getiren, milletin verdi\u011fi g\u00f6reve raz\u0131 olan, icab\u0131nda 47 y\u0131l ikinci parti kalan ama millete sayg\u0131s\u0131n\u0131 kaybetmeyen siyasetin ad\u0131 Cumhuriyet Halk Partisi&#8217;dir&#8221; dedi.<\/p>\n","protected":false},"author":1,"featured_media":27492,"comment_status":"open","ping_status":"open","sticky":false,"template":"","format":"standard","meta":{"footnotes":""},"categories":[12],"tags":[4272,845,563,2003,197],"class_list":["post-27491","post","type-post","status-publish","format-standard","has-post-thumbnail","hentry","category-siyaset","tag-demokrat","tag-emekli","tag-parti","tag-siyasi","tag-turkiye"],"_links":{"self":[{"href":"https:\/\/bihavadis.com\/index.php\/wp-json\/wp\/v2\/posts\/27491","targetHints":{"allow":["GET"]}}],"collection":[{"href":"https:\/\/bihavadis.com\/index.php\/wp-json\/wp\/v2\/posts"}],"about":[{"href":"https:\/\/bihavadis.com\/index.php\/wp-json\/wp\/v2\/types\/post"}],"author":[{"embeddable":true,"href":"https:\/\/bihavadis.com\/index.php\/wp-json\/wp\/v2\/users\/1"}],"replies":[{"embeddable":true,"href":"https:\/\/bihavadis.com\/index.php\/wp-json\/wp\/v2\/comments?post=27491"}],"version-history":[{"count":1,"href":"https:\/\/bihavadis.com\/index.php\/wp-json\/wp\/v2\/posts\/27491\/revisions"}],"predecessor-version":[{"id":27493,"href":"https:\/\/bihavadis.com\/index.php\/wp-json\/wp\/v2\/posts\/27491\/revisions\/27493"}],"wp:featuredmedia":[{"embeddable":true,"href":"https:\/\/bihavadis.com\/index.php\/wp-json\/wp\/v2\/media\/27492"}],"wp:attachment":[{"href":"https:\/\/bihavadis.com\/index.php\/wp-json\/wp\/v2\/media?parent=27491"}],"wp:term":[{"taxonomy":"category","embeddable":true,"href":"https:\/\/bihavadis.com\/index.php\/wp-json\/wp\/v2\/categories?post=27491"},{"taxonomy":"post_tag","embeddable":true,"href":"https:\/\/bihavadis.com\/index.php\/wp-json\/wp\/v2\/tags?post=27491"}],"curies":[{"name":"wp","href":"https:\/\/api.w.org\/{rel}","templated":true}]}}