{"id":27527,"date":"2026-02-11T12:54:05","date_gmt":"2026-02-11T12:54:05","guid":{"rendered":"https:\/\/bihavadis.com\/?p=27527"},"modified":"2026-02-11T12:54:05","modified_gmt":"2026-02-11T12:54:05","slug":"gronlanddan-abd-ile-temaslara-iliskin-degerlendirme","status":"publish","type":"post","link":"https:\/\/bihavadis.com\/index.php\/2026\/02\/11\/gronlanddan-abd-ile-temaslara-iliskin-degerlendirme\/","title":{"rendered":"Gr\u00f6nland&#8217;dan ABD ile temaslara ili\u015fkin de\u011ferlendirme"},"content":{"rendered":"<p>ABD&#8217;nin Danimarka&#8217;ya ba\u011fl\u0131 \u00f6zerk b\u00f6lge Gr\u00f6nland&#8217;daki varl\u0131\u011f\u0131na ili\u015fkin Gr\u00f6nland ile temaslar\u0131 s\u00fcr\u00fcyor.<\/p>\n<p>Gr\u00f6nland D\u0131\u015fi\u015fleri Bakan\u0131 Vivian Motzfeldt, Danimarka D\u0131\u015fi\u015fleri Bakan\u0131 Lars Lokke Rasmussen ve Kanada D\u0131\u015fi\u015fleri Bakan\u0131 Anita Anand ile birlikte ba\u015fkent Nuuk&#8217;ta d\u00fczenlenen ortak bas\u0131n toplant\u0131s\u0131nda, ABD ile y\u00fcr\u00fct\u00fclen g\u00f6r\u00fc\u015fmelere ili\u015fkin de\u011ferlendirmelerde bulundu.<\/p>\n<p><strong>&#8220;OLUMLU DEVAM ED\u0130YOR&#8221; VURGUSU<\/strong><\/p>\n<p>Motzfeldt, temaslar\u0131n &#8220;olumlu bir \u015fekilde devam etti\u011fini&#8221; belirtirken, g\u00f6r\u00fc\u015fmelerin hen\u00fcz Gr\u00f6nland&#8217;\u0131n hedefledi\u011fi noktaya ula\u015fmad\u0131\u011f\u0131n\u0131 vurgulad\u0131.<\/p>\n<p><strong>&#8220;HEN\u00dcZ OLMAK \u0130STED\u0130\u011e\u0130M\u0130Z YERDE DE\u011e\u0130L\u0130Z&#8221;<\/strong><\/p>\n<p>S\u00fcrecin uzun olaca\u011f\u0131na i\u015faret eden Motzfeldt, g\u00f6r\u00fc\u015fmelerin hangi y\u00f6nde ilerleyece\u011fine ili\u015fkin spek\u00fclasyonda bulunmak i\u00e7in erken oldu\u011funu ifade ederek, <em><b>&#8220;Hen\u00fcz olmak istedi\u011fimiz yerde de\u011filiz. Bu \u00e7ok uzun bir yol olacak ve nihai olarak nereye varaca\u011f\u0131m\u0131z\u0131 s\u00f6ylemek i\u00e7in hen\u00fcz \u00e7ok erken&#8221;<\/b><\/em> dedi.<\/p>\n<p>Danimarka D\u0131\u015fi\u015fleri Bakan\u0131 Rasmussen ise Danimarka bas\u0131n\u0131na yapt\u0131\u011f\u0131 a\u00e7\u0131klamada, Gr\u00f6nland&#8217;a ili\u015fkin konular\u0131 ele almak \u00fczere ABD ile ek g\u00f6r\u00fc\u015fmelerin planland\u0131\u011f\u0131n\u0131 duyurdu.<\/p>\n<p>Rasmussen, bu kapsamda \u00f6zel bir \u00e7al\u0131\u015fma grubunun ilk toplant\u0131s\u0131n\u0131 ger\u00e7ekle\u015ftirdi\u011fini hat\u0131rlat\u0131rken, ikinci toplant\u0131n\u0131n da yak\u0131n zamanda yap\u0131lmas\u0131n\u0131n beklendi\u011fini ancak hen\u00fcz net bir takvim bulunmad\u0131\u011f\u0131n\u0131 s\u00f6yledi.<\/p>\n<p><img decoding=\"async\" src=\"https:\/\/bihavadis.com\/wp-content\/uploads\/2026\/02\/gronlanddan-abd-ile-temaslara-iliskin-degerlendirme-0-CSCaX7Zv.jpg\"\/><\/p>\n","protected":false},"excerpt":{"rendered":"<p>Gr\u00f6nland D\u0131\u015fi\u015fleri Bakan\u0131 Vivian Motzfeldt, ABD&#8217;nin Gr\u00f6nland&#8217;daki varl\u0131\u011f\u0131na ili\u015fkin temaslar\u0131n &#8220;olumlu bir y\u00f6nde&#8221; ilerledi\u011fini belirterek, &#8220;Hen\u00fcz olmak istedi\u011fimiz yerde de\u011filiz. Bu \u00e7ok uzun bir yol olacak&#8221; dedi.<\/p>\n","protected":false},"author":1,"featured_media":27528,"comment_status":"open","ping_status":"open","sticky":false,"template":"","format":"standard","meta":{"footnotes":""},"categories":[6],"tags":[1509,4457],"class_list":["post-27527","post","type-post","status-publish","format-standard","has-post-thumbnail","hentry","category-dunya","tag-gronland","tag-henuz"],"_links":{"self":[{"href":"https:\/\/bihavadis.com\/index.php\/wp-json\/wp\/v2\/posts\/27527","targetHints":{"allow":["GET"]}}],"collection":[{"href":"https:\/\/bihavadis.com\/index.php\/wp-json\/wp\/v2\/posts"}],"about":[{"href":"https:\/\/bihavadis.com\/index.php\/wp-json\/wp\/v2\/types\/post"}],"author":[{"embeddable":true,"href":"https:\/\/bihavadis.com\/index.php\/wp-json\/wp\/v2\/users\/1"}],"replies":[{"embeddable":true,"href":"https:\/\/bihavadis.com\/index.php\/wp-json\/wp\/v2\/comments?post=27527"}],"version-history":[{"count":1,"href":"https:\/\/bihavadis.com\/index.php\/wp-json\/wp\/v2\/posts\/27527\/revisions"}],"predecessor-version":[{"id":27530,"href":"https:\/\/bihavadis.com\/index.php\/wp-json\/wp\/v2\/posts\/27527\/revisions\/27530"}],"wp:featuredmedia":[{"embeddable":true,"href":"https:\/\/bihavadis.com\/index.php\/wp-json\/wp\/v2\/media\/27528"}],"wp:attachment":[{"href":"https:\/\/bihavadis.com\/index.php\/wp-json\/wp\/v2\/media?parent=27527"}],"wp:term":[{"taxonomy":"category","embeddable":true,"href":"https:\/\/bihavadis.com\/index.php\/wp-json\/wp\/v2\/categories?post=27527"},{"taxonomy":"post_tag","embeddable":true,"href":"https:\/\/bihavadis.com\/index.php\/wp-json\/wp\/v2\/tags?post=27527"}],"curies":[{"name":"wp","href":"https:\/\/api.w.org\/{rel}","templated":true}]}}