{"id":27601,"date":"2026-02-11T13:48:05","date_gmt":"2026-02-11T13:48:05","guid":{"rendered":"https:\/\/bihavadis.com\/?p=27601"},"modified":"2026-02-11T13:48:05","modified_gmt":"2026-02-11T13:48:05","slug":"fatih-tekke-zubkovun-fenerbahce-macina-yetismesi-zor","status":"publish","type":"post","link":"https:\/\/bihavadis.com\/index.php\/2026\/02\/11\/fatih-tekke-zubkovun-fenerbahce-macina-yetismesi-zor\/","title":{"rendered":"Fatih Tekke: Zubkov&#8217;un Fenerbah\u00e7e ma\u00e7\u0131na yeti\u015fmesi zor"},"content":{"rendered":"<p>Trabzonspor, S\u00fcper Lig&#8217;in 21. haftas\u0131nda konuk oldu\u011fu Samsunspor&#8217;u 3-0 ma\u011flup etti.<\/p>\n<p>M\u00fccadelenin ard\u0131ndan yay\u0131nc\u0131 kurulu\u015fa konu\u015fan\u00a0Fatih Tekke, zorlu deplasmanda \u00f6nemli bir galibiyet ald\u0131klar\u0131n\u0131 vurgulayarak, <b><em>&#8220;Hak etti\u011fimiz bir \u00fc\u00e7 puan. \u00c7ok zor deplasman. Buraya gelen taraftar\u0131m\u0131za hay\u0131rl\u0131 olsun. Ma\u00e7 ma\u00e7 ilerlemek zorunday\u0131z. Her hafta bizim i\u00e7in daha da zorla\u015f\u0131yor&#8221;<\/em><\/b>\u00a0dedi.<\/p>\n<p><strong>&#8220;POZ\u0130T\u0130F HAVAYI BOZMAK \u0130STEYENLER VAR&#8221;<\/strong><\/p>\n<p>Tak\u0131m i\u00e7indeki atmosfere de de\u011finen Tekke, baz\u0131 alg\u0131lara tepki g\u00f6stererek, <b><em>&#8220;Tak\u0131mdaki pozitif havan\u0131n tersini yans\u0131tmak isteyen insanlar var. Bunlar do\u011fru de\u011fil. Biz gayet iyiyiz. \u0130nanc\u0131m\u0131z tam. Daha fazla destek istiyoruz. Hep birlikte ayakta duraca\u011f\u0131z&#8221;<\/em><\/b> ifadelerini kulland\u0131.<\/p>\n<p><strong>&#8220;ZUBKOV&#8217;UN FENERBAH\u00c7E MA\u00c7INA YET\u0130\u015eMES\u0130 ZOR&#8221;<\/strong><\/p>\n<p>Sakatl\u0131\u011f\u0131 bulunan Oleksandr Zubkov&#8217;un durumu hakk\u0131nda da bilgi veren Fatih Tekke, y\u0131ld\u0131z oyuncunun Fenerbah\u00e7e ma\u00e7\u0131na yeti\u015fmesinin zor oldu\u011funu belirterek, <b><em>&#8220;Zubkov&#8217;un durumu \u00e7ok net de\u011fil. Umar\u0131m Fenerbah\u00e7e ma\u00e7\u0131na yeti\u015fir ancak \u00f6ncelikli bilgim yeti\u015fmeyece\u011fi y\u00f6n\u00fcnde&#8221;<\/em><\/b>\u00a0\u015feklinde konu\u015ftu.<\/p>\n<p><img decoding=\"async\" src=\"https:\/\/bihavadis.com\/wp-content\/uploads\/2026\/02\/fatih-tekke-zubkovun-fenerbahce-macina-yetismesi-zor-0-rHcbcRFC.jpg\"\/><\/p>\n","protected":false},"excerpt":{"rendered":"<p>Trabzonspor Teknik Direkt\u00f6r\u00fc Fatih Tekke, Samsunspor galibiyetinin ard\u0131ndan a\u00e7\u0131klamalarda bulundu.<\/p>\n","protected":false},"author":1,"featured_media":27602,"comment_status":"open","ping_status":"open","sticky":false,"template":"","format":"standard","meta":{"footnotes":""},"categories":[14],"tags":[364,1556],"class_list":["post-27601","post","type-post","status-publish","format-standard","has-post-thumbnail","hentry","category-spor","tag-mac","tag-zor"],"_links":{"self":[{"href":"https:\/\/bihavadis.com\/index.php\/wp-json\/wp\/v2\/posts\/27601","targetHints":{"allow":["GET"]}}],"collection":[{"href":"https:\/\/bihavadis.com\/index.php\/wp-json\/wp\/v2\/posts"}],"about":[{"href":"https:\/\/bihavadis.com\/index.php\/wp-json\/wp\/v2\/types\/post"}],"author":[{"embeddable":true,"href":"https:\/\/bihavadis.com\/index.php\/wp-json\/wp\/v2\/users\/1"}],"replies":[{"embeddable":true,"href":"https:\/\/bihavadis.com\/index.php\/wp-json\/wp\/v2\/comments?post=27601"}],"version-history":[{"count":1,"href":"https:\/\/bihavadis.com\/index.php\/wp-json\/wp\/v2\/posts\/27601\/revisions"}],"predecessor-version":[{"id":27604,"href":"https:\/\/bihavadis.com\/index.php\/wp-json\/wp\/v2\/posts\/27601\/revisions\/27604"}],"wp:featuredmedia":[{"embeddable":true,"href":"https:\/\/bihavadis.com\/index.php\/wp-json\/wp\/v2\/media\/27602"}],"wp:attachment":[{"href":"https:\/\/bihavadis.com\/index.php\/wp-json\/wp\/v2\/media?parent=27601"}],"wp:term":[{"taxonomy":"category","embeddable":true,"href":"https:\/\/bihavadis.com\/index.php\/wp-json\/wp\/v2\/categories?post=27601"},{"taxonomy":"post_tag","embeddable":true,"href":"https:\/\/bihavadis.com\/index.php\/wp-json\/wp\/v2\/tags?post=27601"}],"curies":[{"name":"wp","href":"https:\/\/api.w.org\/{rel}","templated":true}]}}