{"id":27662,"date":"2026-02-11T14:30:10","date_gmt":"2026-02-11T14:30:10","guid":{"rendered":"https:\/\/bihavadis.com\/?p=27662"},"modified":"2026-02-11T14:30:10","modified_gmt":"2026-02-11T14:30:10","slug":"italyada-kis-olimpiyat-oyunlarina-karsi-protestolar-duzenlendi","status":"publish","type":"post","link":"https:\/\/bihavadis.com\/index.php\/2026\/02\/11\/italyada-kis-olimpiyat-oyunlarina-karsi-protestolar-duzenlendi\/","title":{"rendered":"\u0130talya&#8217;da K\u0131\u015f Olimpiyat Oyunlar\u0131&#8217;na kar\u015f\u0131 protestolar d\u00fczenlendi"},"content":{"rendered":"<p>\u0130talya\u00a0Milano&#8217;da d\u00fcnk\u00fc a\u00e7\u0131l\u0131\u015f t\u00f6reniyle resmen ba\u015flayan K\u0131\u015f Olimpiyat Oyunlar\u0131, ayn\u0131 zamanda farkl\u0131 protestolarla g\u00fcndeme geliyor.<\/p>\n<p><strong>ICE KAR\u015eITI PROTESTOLAR M\u0130LANO\u2019DA YEN\u0130DEN ALEVLEND\u0130<\/strong><\/p>\n<p>ABD&#8217;nin G\u00f6\u00e7menlik ve G\u00fcmr\u00fck Muhafaza (ICE) ekiplerinin g\u00f6rev yapacak olmas\u0131 sebebiyle Milano&#8217;da \u00f6nceki g\u00fcnlerde d\u00fczenlenen g\u00f6sterilerin ard\u0131ndan olimpiyatlar\u0131n s\u00fcrd\u00fcr\u00fclemez oldu\u011funu savunanlar ile kentte ICE\u2019\u0131n g\u00f6rev yapmas\u0131na kar\u015f\u0131 \u00e7\u0131kanlar, bir kez daha meydanlara indi.<\/p>\n<p>Milano&#8217;nun Porta Romano semtinde \u00f6\u011fleden sonra ba\u015flayan ve binlerce ki\u015finin kat\u0131ld\u0131\u011f\u0131 y\u00fcr\u00fcy\u00fc\u015f boyunca <em><b>&#8220;ICE d\u0131\u015far\u0131&#8221;<\/b><\/em> sloganlar\u0131 at\u0131ld\u0131.<\/p>\n<p>Olimpiyat oyunlar\u0131yla pek \u00e7ok kamu kayna\u011f\u0131n\u0131n israf edildi\u011fini savunan g\u00f6stericiler, organizasyon nedeniyle Cortina&#8217;daki \u00e7ok say\u0131da a\u011fac\u0131n kesilmesini protesto etti.<\/p>\n<p><img decoding=\"async\" src=\"https:\/\/bihavadis.com\/wp-content\/uploads\/2026\/02\/italyada-kis-olimpiyat-oyunlarina-karsi-protestolar-duzenlendi-0-btMAJELh.jpg\"\/><\/p>\n<p><strong>Y\u00dcR\u00dcY\u00dc\u015e\u00dcN SONUNDA ARBEDE \u00c7IKTI: 6 G\u00d6ZALTI<\/strong><\/p>\n<p>Ak\u015fam saatlerine kadar bar\u0131\u015f\u00e7\u0131l ge\u00e7en kortejin son b\u00f6l\u00fcm\u00fcnde kask ve siyah kap\u00fc\u015fonlu grubun, Corvetto muhitinden ayr\u0131larak \u00e7evre yoluna ula\u015fmak istemesine g\u00fcvenlik g\u00fc\u00e7leri izin vermeyince olaylar \u00e7\u0131kt\u0131.<\/p>\n<p>\u00c7ok say\u0131da \u015fi\u015fe, havai fi\u015fek ve me\u015fale atan protestoculara polis, tazyikli su ve biber gaz\u0131 s\u0131karak kar\u015f\u0131l\u0131k verdi.<\/p>\n<p>G\u00fcvenlik g\u00fc\u00e7leri, havai fi\u015fek atan g\u00f6stericilere copla m\u00fcdahalede bulundu. \u0130talyan bas\u0131n\u0131nda yer alan haberlere g\u00f6re olaylarda 6 ki\u015fi g\u00f6zalt\u0131na al\u0131nd\u0131.<\/p>\n<p><img decoding=\"async\" src=\"https:\/\/bihavadis.com\/wp-content\/uploads\/2026\/02\/italyada-kis-olimpiyat-oyunlarina-karsi-protestolar-duzenlendi-1-PUZ4GeFH.jpg\"\/><\/p>\n<p><img decoding=\"async\" src=\"https:\/\/bihavadis.com\/wp-content\/uploads\/2026\/02\/italyada-kis-olimpiyat-oyunlarina-karsi-protestolar-duzenlendi-2-7dnSmqwH.jpg\"\/><\/p>\n<p><img decoding=\"async\" src=\"https:\/\/bihavadis.com\/wp-content\/uploads\/2026\/02\/italyada-kis-olimpiyat-oyunlarina-karsi-protestolar-duzenlendi-3-Q2DWxr2k.jpg\"\/><\/p>\n<p><img decoding=\"async\" src=\"https:\/\/bihavadis.com\/wp-content\/uploads\/2026\/02\/italyada-kis-olimpiyat-oyunlarina-karsi-protestolar-duzenlendi-4-GPQxnKF2.jpg\"\/><\/p>\n<p><img decoding=\"async\" src=\"https:\/\/bihavadis.com\/wp-content\/uploads\/2026\/02\/italyada-kis-olimpiyat-oyunlarina-karsi-protestolar-duzenlendi-5-PviYXSuH.jpg\"\/><\/p>\n<p><img decoding=\"async\" src=\"https:\/\/bihavadis.com\/wp-content\/uploads\/2026\/02\/italyada-kis-olimpiyat-oyunlarina-karsi-protestolar-duzenlendi-6-SvFBGqdQ.jpg\"\/><\/p>\n<p><img decoding=\"async\" src=\"https:\/\/bihavadis.com\/wp-content\/uploads\/2026\/02\/italyada-kis-olimpiyat-oyunlarina-karsi-protestolar-duzenlendi-7-cvU287sG.jpg\"\/><\/p>\n","protected":false},"excerpt":{"rendered":"<p>\u0130talya&#8217;n\u0131n ev sahipli\u011finde d\u00fcn ba\u015flayan Milano-Cortina K\u0131\u015f Olimpiyat Oyunlar\u0131&#8217;n\u0131 protesto etmek amac\u0131yla d\u00fczenlenen y\u00fcr\u00fcy\u00fc\u015fte olaylar \u00e7\u0131kt\u0131.<\/p>\n","protected":false},"author":1,"featured_media":27663,"comment_status":"open","ping_status":"open","sticky":false,"template":"","format":"standard","meta":{"footnotes":""},"categories":[6],"tags":[],"class_list":["post-27662","post","type-post","status-publish","format-standard","has-post-thumbnail","hentry","category-dunya"],"_links":{"self":[{"href":"https:\/\/bihavadis.com\/index.php\/wp-json\/wp\/v2\/posts\/27662","targetHints":{"allow":["GET"]}}],"collection":[{"href":"https:\/\/bihavadis.com\/index.php\/wp-json\/wp\/v2\/posts"}],"about":[{"href":"https:\/\/bihavadis.com\/index.php\/wp-json\/wp\/v2\/types\/post"}],"author":[{"embeddable":true,"href":"https:\/\/bihavadis.com\/index.php\/wp-json\/wp\/v2\/users\/1"}],"replies":[{"embeddable":true,"href":"https:\/\/bihavadis.com\/index.php\/wp-json\/wp\/v2\/comments?post=27662"}],"version-history":[{"count":1,"href":"https:\/\/bihavadis.com\/index.php\/wp-json\/wp\/v2\/posts\/27662\/revisions"}],"predecessor-version":[{"id":27672,"href":"https:\/\/bihavadis.com\/index.php\/wp-json\/wp\/v2\/posts\/27662\/revisions\/27672"}],"wp:featuredmedia":[{"embeddable":true,"href":"https:\/\/bihavadis.com\/index.php\/wp-json\/wp\/v2\/media\/27663"}],"wp:attachment":[{"href":"https:\/\/bihavadis.com\/index.php\/wp-json\/wp\/v2\/media?parent=27662"}],"wp:term":[{"taxonomy":"category","embeddable":true,"href":"https:\/\/bihavadis.com\/index.php\/wp-json\/wp\/v2\/categories?post=27662"},{"taxonomy":"post_tag","embeddable":true,"href":"https:\/\/bihavadis.com\/index.php\/wp-json\/wp\/v2\/tags?post=27662"}],"curies":[{"name":"wp","href":"https:\/\/api.w.org\/{rel}","templated":true}]}}