{"id":27690,"date":"2026-02-11T14:48:09","date_gmt":"2026-02-11T14:48:09","guid":{"rendered":"https:\/\/bihavadis.com\/?p=27690"},"modified":"2026-02-11T14:48:09","modified_gmt":"2026-02-11T14:48:09","slug":"thomas-reis-performansimiz-nedeniyle-hayal-kirikligi-yasiyorum","status":"publish","type":"post","link":"https:\/\/bihavadis.com\/index.php\/2026\/02\/11\/thomas-reis-performansimiz-nedeniyle-hayal-kirikligi-yasiyorum\/","title":{"rendered":"Thomas Reis: Performans\u0131m\u0131z nedeniyle hayal k\u0131r\u0131kl\u0131\u011f\u0131 ya\u015f\u0131yorum"},"content":{"rendered":"<p>S\u00fcper Lig&#8217;in 21. haftas\u0131nda Samsunspor, konuk etti\u011fi Trabzonspor&#8217;a 3-0 ma\u011flup oldu. Samsunspor Teknik Direkt\u00f6r\u00fc Thomas Reis, ma\u00e7 sonu d\u00fczenlenen bas\u0131n toplant\u0131s\u0131nda kar\u015f\u0131la\u015fmay\u0131 de\u011ferlendirdi.<\/p>\n<p><strong>&#8220;HAYAL KIRIKLI\u011eI YA\u015eIYORUM&#8221;<\/strong><\/p>\n<p>Ma\u011flup olduklar\u0131 i\u00e7in \u00fczg\u00fcn olduklar\u0131n\u0131 dile getiren Thomas Reis \u015funlar\u0131 s\u00f6yledi:<\/p>\n<p>&#8220;Sonu\u00e7 sebebiyle de\u011fil, performans\u0131m\u0131z nedeniyle hayal k\u0131r\u0131kl\u0131\u011f\u0131 ya\u015f\u0131yorum. Trabzonspor hak etti\u011fi bir galibiyet ald\u0131. Biz bir\u00e7ok \u015feyi eksik yapt\u0131k. \u0130yi oynad\u0131\u011f\u0131m\u0131z b\u00f6l\u00fcmler vard\u0131. Sonras\u0131nda iyi de oynad\u0131k ama beklemedi\u011fimiz bir gol yedik. Ortalar\u0131 engelleyemedik. S\u0131k s\u0131k orta yapacaklar\u0131n\u0131 biliyorduk ama engel olamad\u0131k. \u0130kinci yar\u0131 iyi oynamaya ba\u015flarken tekrar gol yedik. Son ma\u00e7larda ne yaz\u0131k ki \u00e7ok gol atan bir tak\u0131m de\u011filiz&#8221;<\/p>\n<p><img decoding=\"async\" src=\"https:\/\/bihavadis.com\/wp-content\/uploads\/2026\/02\/thomas-reis-performansimiz-nedeniyle-hayal-kirikligi-yasiyorum-0-easNTCvv.jpg\"\/><\/p>\n<p><strong>&#8220;EKS\u0130KL\u0130K \u00dcZER\u0130NE \u00c7ALI\u015eMAMIZ LAZIM&#8221;<\/strong><\/p>\n<p>Tak\u0131m\u0131n ma\u00e7\u0131 isabetli \u015fut atamadan bitirmesiyle alakal\u0131 soruyu cevaplayan Reis \u015fu c\u00fcmleleri kurdu:<\/p>\n<p>&#8220;Sebep kalite diyebilirim. \u0130lk yar\u0131da 1 pozisyon yakalad\u0131k. \u0130kinci yar\u0131da da bir pozisyon yakalad\u0131k. Bir sistem de\u011fi\u015fikli\u011fine gittik. \u00c7ift forvete d\u00f6nd\u00fck. Bu forvetlere top ula\u015fmad\u0131\u011f\u0131nda, 5 forvetle de oynasan\u0131z gol atamazs\u0131n\u0131z. \u00d6ne oynamak yerine daha \u00e7ok geri pas yapt\u0131k. Performans sebebiyle hayal k\u0131r\u0131kl\u0131\u011f\u0131 ya\u015f\u0131yorum. Bu kadar \u00e7ok geriye oynarsan\u0131z, performans anlam\u0131nda da s\u0131k\u0131nt\u0131 ya\u015fars\u0131n\u0131z. Bizim yapt\u0131\u011f\u0131m\u0131z ortalar ile Trabzonspor\u2019un ortalar\u0131na bakarsan\u0131z aradaki kalite fark\u0131n\u0131 g\u00f6r\u00fcrs\u00fcn\u00fcz. Bu eksiklik \u00fczerine \u00e7al\u0131\u015fmam\u0131z gerekiyor&#8221;<\/p>\n<p><img decoding=\"async\" src=\"https:\/\/bihavadis.com\/wp-content\/uploads\/2026\/02\/thomas-reis-performansimiz-nedeniyle-hayal-kirikligi-yasiyorum-1-SlpNllpc.jpg\"\/><\/p>\n<p><strong>&#8220;TRANSFER D\u00d6NEM\u0130NDE DAHA KAL\u0130TEL\u0130 B\u0130R OYUNCU ALAB\u0130L\u0130RD\u0130K&#8221;<\/strong><\/p>\n<p>Ara transfer d\u00f6neminin nas\u0131l ge\u00e7ti\u011fine y\u00f6nelik soruya da cevap veren Reis \u015f\u00f6yle dedi:<\/p>\n<p>&#8220;Transfer d\u00f6nemi d\u00fcn bitti. Yeni bir f\u0131rsat olsa kalite anlam\u0131nda daha kaliteli bir oyuncu alabilirdik. Elimizdeki kadro ile daha \u00e7ok \u00e7al\u0131\u015fmam\u0131z gerekiyor. En iyi performans\u0131 her ma\u00e7ta g\u00f6steremeyebilirsiniz ama sonuna kadar m\u00fccadele etmeniz gerekiyor. Trabzonspor ikili m\u00fccadelelerde bizden daha iyiydi. Ayn\u0131 zamanda h\u0131zl\u0131 da oynad\u0131lar. Ne yaz\u0131k ki Kante ve Sterling gibi oyuncular alamad\u0131k. Elimizdeki oyuncularla \u00e7al\u0131\u015fmam\u0131z gerekiyor. Umar\u0131m \u00e7ok iyi bir performans\u0131 Antalyaspor ma\u00e7\u0131nda g\u00f6steririz&#8221;<\/p>\n<p><img decoding=\"async\" src=\"https:\/\/bihavadis.com\/wp-content\/uploads\/2026\/02\/thomas-reis-performansimiz-nedeniyle-hayal-kirikligi-yasiyorum-2-786l2196.jpg\"\/><\/p>\n<p><strong>&#8220;DAHA \u0130Y\u0130 B\u0130R PERFORMANS G\u00d6STERMEK \u0130\u00c7\u0130N EN \u0130Y\u0130S\u0130N\u0130 YAPACA\u011eIZ&#8221;<\/strong><\/p>\n<p>Teknik adaml\u0131k performans\u0131na y\u00f6nelik ele\u015ftiriye yan\u0131t veren 52 ya\u015f\u0131ndaki teknik adam \u015fu ifadeleri kulland\u0131:<\/p>\n<p>&#8220;K\u00f6t\u00fc sonu\u00e7lar\u0131n bir sebebi de ben olabilirim. Sonu\u00e7ta tak\u0131mda sorumlu benim. Kanat sorunu baz\u0131 ma\u00e7larda oldu. Yeni oyuncular ald\u0131k. Bug\u00fcnk\u00fc ma\u00e7a iyi haz\u0131rland\u0131k. Takti\u011fimiz iyiydi. Ne yaz\u0131k ki takti\u011fimiz gere\u011fi normal \u015feyleri bile yapamad\u0131k. Bu kadar top kaybederseniz s\u0131k\u0131nt\u0131 ya\u015fars\u0131n\u0131z. Bu eksikler \u00fczerine antrenmanlar yapaca\u011f\u0131z. \u015eubat bizim i\u00e7in zorlu ge\u00e7ecek. 3 kulvarda m\u00fccadele edece\u011fiz. Daha iyi bir performans g\u00f6stermek i\u00e7in en iyisini yapaca\u011f\u0131z. Ben de hoca olarak en iyisi i\u00e7in \u00e7abalayaca\u011f\u0131m. Tak\u0131m\u0131n genelinde Drongelen iyiydi ama di\u011fer oyuncular g\u00fcnlerinde de\u011fildi. O nedenle s\u0131k\u0131nt\u0131 ya\u015fad\u0131k. Ayr\u0131ca Ndiaye de \u00e7ok iyi bir ma\u00e7 \u00e7\u0131kartt\u0131. Di\u011fer oyuncular\u0131n performans\u0131 bu oyunculara yakla\u015famad\u0131\u011f\u0131 i\u00e7in bug\u00fcnk\u00fc sonu\u00e7 ortaya \u00e7\u0131kt\u0131. En iyi ofansif oyuncumuzu g\u00f6nderdik. Onun yerini doldurmak da kolay olmad\u0131, b\u00f6yle bir s\u0131k\u0131nt\u0131 ya\u015f\u0131yoruz&#8221;<\/p>\n<p><img decoding=\"async\" src=\"https:\/\/bihavadis.com\/wp-content\/uploads\/2026\/02\/thomas-reis-performansimiz-nedeniyle-hayal-kirikligi-yasiyorum-3-JsFEtkaJ.jpg\"\/><\/p>\n","protected":false},"excerpt":{"rendered":"<p>Samsunspor Teknik Direkt\u00f6r\u00fc Thomas Reis, Trabzonspor ma\u00e7\u0131nda g\u00f6sterdikleri performans dolay\u0131s\u0131yla hayal k\u0131r\u0131kl\u0131\u011f\u0131 ya\u015fad\u0131\u011f\u0131n\u0131 dile getirdi.<\/p>\n","protected":false},"author":1,"featured_media":27691,"comment_status":"open","ping_status":"open","sticky":false,"template":"","format":"standard","meta":{"footnotes":""},"categories":[14],"tags":[364,1728,145,572,2648],"class_list":["post-27690","post","type-post","status-publish","format-standard","has-post-thumbnail","hentry","category-spor","tag-mac","tag-oyuncu","tag-performans","tag-sik","tag-sonu"],"_links":{"self":[{"href":"https:\/\/bihavadis.com\/index.php\/wp-json\/wp\/v2\/posts\/27690","targetHints":{"allow":["GET"]}}],"collection":[{"href":"https:\/\/bihavadis.com\/index.php\/wp-json\/wp\/v2\/posts"}],"about":[{"href":"https:\/\/bihavadis.com\/index.php\/wp-json\/wp\/v2\/types\/post"}],"author":[{"embeddable":true,"href":"https:\/\/bihavadis.com\/index.php\/wp-json\/wp\/v2\/users\/1"}],"replies":[{"embeddable":true,"href":"https:\/\/bihavadis.com\/index.php\/wp-json\/wp\/v2\/comments?post=27690"}],"version-history":[{"count":1,"href":"https:\/\/bihavadis.com\/index.php\/wp-json\/wp\/v2\/posts\/27690\/revisions"}],"predecessor-version":[{"id":27696,"href":"https:\/\/bihavadis.com\/index.php\/wp-json\/wp\/v2\/posts\/27690\/revisions\/27696"}],"wp:featuredmedia":[{"embeddable":true,"href":"https:\/\/bihavadis.com\/index.php\/wp-json\/wp\/v2\/media\/27691"}],"wp:attachment":[{"href":"https:\/\/bihavadis.com\/index.php\/wp-json\/wp\/v2\/media?parent=27690"}],"wp:term":[{"taxonomy":"category","embeddable":true,"href":"https:\/\/bihavadis.com\/index.php\/wp-json\/wp\/v2\/categories?post=27690"},{"taxonomy":"post_tag","embeddable":true,"href":"https:\/\/bihavadis.com\/index.php\/wp-json\/wp\/v2\/tags?post=27690"}],"curies":[{"name":"wp","href":"https:\/\/api.w.org\/{rel}","templated":true}]}}