{"id":27712,"date":"2026-02-11T15:06:06","date_gmt":"2026-02-11T15:06:06","guid":{"rendered":"https:\/\/bihavadis.com\/?p=27712"},"modified":"2026-02-11T15:06:06","modified_gmt":"2026-02-11T15:06:06","slug":"macaristan-basbakani-orban-ukrayna-bizim-dusmanimiz","status":"publish","type":"post","link":"https:\/\/bihavadis.com\/index.php\/2026\/02\/11\/macaristan-basbakani-orban-ukrayna-bizim-dusmanimiz\/","title":{"rendered":"Macaristan Ba\u015fbakan\u0131 Orban: Ukrayna bizim d\u00fc\u015fman\u0131m\u0131z"},"content":{"rendered":"<p>Macaristan Ba\u015fbakan\u0131 Viktor Orban, Cumartesi g\u00fcn\u00fc Szombathely kentinde d\u00fczenlenen bir se\u00e7im mitinginde konu\u015ftu.<\/p>\n<p><strong>&#8220;UKRAYNA NE AB\u2019YE G\u0130RMEL\u0130, NE DE NATO\u2019YA&#8221;<\/strong><\/p>\n<p>Buradaki a\u00e7\u0131klamas\u0131nda Ukrayna\u2019n\u0131n Avrupa Birli\u011fi\u2019nden (AB) Macaristan\u2019\u0131n ucuz Rus enerjisi tedarikini engellemesini talep etti\u011finden \u015fikayet eden Orban, <em><b>&#8220;Bunu kim s\u00f6yl\u00fcyorsa, Macaristan\u2019\u0131n d\u00fc\u015fman\u0131 demektir. Dolay\u0131s\u0131yla, Ukrayna bizim d\u00fc\u015fman\u0131m\u0131z&#8221;<\/b><\/em> ifadelerini kulland\u0131.<\/p>\n<p>Orban, Rusya\u2019dan enerji al\u0131nmamas\u0131 halinde pahal\u0131 alternatifler nedeniyle Macar ailelerin konut ve kamu hizmetleri giderlerinin en az y\u00fczde 8 oran\u0131nda artaca\u011f\u0131n\u0131 savundu. Enerji fiyatlar\u0131n\u0131n d\u00fc\u015f\u00fck tutulmamas\u0131 halinde Macar ailelerin y\u0131ll\u0131k yakla\u015f\u0131k 2 bin 600 Euro fazla harcama yapmak zorunda kalacaklar\u0131n\u0131 vurgulayan Orban, <em><b>&#8220;Bu, sanki bir ayl\u0131k maa\u015f\u0131n\u0131z\u0131n elinizden al\u0131nmas\u0131 gibi&#8221;<\/b><\/em> dedi.<\/p>\n<p>Orban, Ukrayna\u2019n\u0131n Macaristan\u2019\u0131n kom\u015fusu olmas\u0131 nedeniyle iki \u00fclke aras\u0131nda i\u015fbirli\u011finin ka\u00e7\u0131n\u0131lmaz oldu\u011funu fakat Ukrayna\u2019n\u0131n AB\u2019ye kabul edilmemesi gerekti\u011fini s\u00f6yledi. Orban, Ukrayna\u2019n\u0131n birli\u011fe kabul edilmesinin AB\u2019nin sava\u015fa \u00e7ekilmesi anlam\u0131na gelece\u011fini savundu. Orban, <em><b>&#8220;Ukrayna ne AB\u2019ye girmeli, ne de NATO\u2019ya&#8221;<\/b><\/em> \u015feklinde konu\u015ftu.<\/p>\n<p><img decoding=\"async\" src=\"https:\/\/bihavadis.com\/wp-content\/uploads\/2026\/02\/macaristan-basbakani-orban-ukrayna-bizim-dusmanimiz-0-bFnLkchs.jpg\"\/><\/p>\n<p><strong>ORBAN: 2026 SE\u00c7\u0130M\u0130 SAVA\u015e KARARI A\u00c7ISINDAN KR\u0130T\u0130K<\/strong><\/p>\n<p>Avrupa Birli\u011fi\u2019nin Ukrayna\u2019daki sava\u015fa giderek daha fazla dahil oldu\u011funu s\u00f6yleyen Orban, Macaristan\u2019\u0131 sava\u015ftan uzak tutma taahh\u00fcd\u00fc verdi.<\/p>\n<p>Br\u00fcksel\u2019de sava\u015f\u0131n giderek daha fazla konu\u015fuldu\u011funu ve 2026-2030 d\u00f6neminin riskli bir d\u00f6nem olaca\u011f\u0131n\u0131 vurgulayan Orban, <em><b>&#8220;Ben, 2026 se\u00e7imini sava\u015f \u00f6ncesi son se\u00e7im olarak g\u00f6r\u00fcyorum. Macaristan\u2019da 2026\u2019da se\u00e7ilecek h\u00fck\u00fcmet, sava\u015fa girip girmeyece\u011fimize karar verecek&#8221;<\/b><\/em> ifadelerini kulland\u0131.<\/p>\n<p>Halihaz\u0131rda kulland\u0131\u011f\u0131 petrol\u00fcn b\u00fcy\u00fck bir k\u0131sm\u0131n\u0131 Druzhba petrol boru hatt\u0131ndan, do\u011falgaz\u0131 ise T\u00fcrkAk\u0131m \u00fczerinden alan Macaristan, AB\u2019nin 2027\u2019ye kadar Rusya&#8217;dan enerji ithalat\u0131n\u0131 s\u0131f\u0131ra indirme planlar\u0131na kar\u015f\u0131 \u00e7\u0131k\u0131yor.<\/p>\n<p>Macaristan, 2 \u015eubat tarihinde Avrupa Adalet Divan\u0131\u2019na m\u00fcracaat ederek Br\u00fcksel\u2019in Rus gaz\u0131n\u0131n ithalat\u0131n\u0131 kademeli olarak yasaklayan d\u00fczenlemesini yarg\u0131ya ta\u015f\u0131m\u0131\u015ft\u0131.<\/p>\n<p>Macaristan\u2019da Orban liderli\u011findeki Fidezs ve Avrupa yanl\u0131s\u0131 muhalif lider Peter Magyar ile \u00f6ne \u00e7\u0131kan ana muhalefet partisi Tisza aras\u0131nda m\u00fccadeleye sahne olmas\u0131 beklenen genel se\u00e7im, 12 Nisan 2026 tarihinde yap\u0131lacak.<\/p>\n","protected":false},"excerpt":{"rendered":"<p>Macaristan Ba\u015fbakan\u0131 Viktor Orban, Ukrayna\u2019y\u0131 Macaristan\u2019\u0131n Rusya\u2019dan ucuz enerji almas\u0131n\u0131n engellenmesini talep etmekle su\u00e7layarak, &#8220;Bunu kim s\u00f6yl\u00fcyorsa, Macaristan\u2019\u0131n d\u00fc\u015fman\u0131 demektir. Dolay\u0131s\u0131yla, Ukrayna bizim d\u00fc\u015fman\u0131m\u0131z&#8221; dedi.<\/p>\n","protected":false},"author":1,"featured_media":27713,"comment_status":"open","ping_status":"open","sticky":false,"template":"","format":"standard","meta":{"footnotes":""},"categories":[6],"tags":[238,3392,4469,1872,198],"class_list":["post-27712","post","type-post","status-publish","format-standard","has-post-thumbnail","hentry","category-dunya","tag-238","tag-macaristan","tag-orban","tag-savas","tag-ukrayna"],"_links":{"self":[{"href":"https:\/\/bihavadis.com\/index.php\/wp-json\/wp\/v2\/posts\/27712","targetHints":{"allow":["GET"]}}],"collection":[{"href":"https:\/\/bihavadis.com\/index.php\/wp-json\/wp\/v2\/posts"}],"about":[{"href":"https:\/\/bihavadis.com\/index.php\/wp-json\/wp\/v2\/types\/post"}],"author":[{"embeddable":true,"href":"https:\/\/bihavadis.com\/index.php\/wp-json\/wp\/v2\/users\/1"}],"replies":[{"embeddable":true,"href":"https:\/\/bihavadis.com\/index.php\/wp-json\/wp\/v2\/comments?post=27712"}],"version-history":[{"count":1,"href":"https:\/\/bihavadis.com\/index.php\/wp-json\/wp\/v2\/posts\/27712\/revisions"}],"predecessor-version":[{"id":27715,"href":"https:\/\/bihavadis.com\/index.php\/wp-json\/wp\/v2\/posts\/27712\/revisions\/27715"}],"wp:featuredmedia":[{"embeddable":true,"href":"https:\/\/bihavadis.com\/index.php\/wp-json\/wp\/v2\/media\/27713"}],"wp:attachment":[{"href":"https:\/\/bihavadis.com\/index.php\/wp-json\/wp\/v2\/media?parent=27712"}],"wp:term":[{"taxonomy":"category","embeddable":true,"href":"https:\/\/bihavadis.com\/index.php\/wp-json\/wp\/v2\/categories?post=27712"},{"taxonomy":"post_tag","embeddable":true,"href":"https:\/\/bihavadis.com\/index.php\/wp-json\/wp\/v2\/tags?post=27712"}],"curies":[{"name":"wp","href":"https:\/\/api.w.org\/{rel}","templated":true}]}}