{"id":27722,"date":"2026-02-11T15:15:06","date_gmt":"2026-02-11T15:15:06","guid":{"rendered":"https:\/\/bihavadis.com\/?p=27722"},"modified":"2026-02-11T15:15:06","modified_gmt":"2026-02-11T15:15:06","slug":"karsta-karla-eglence","status":"publish","type":"post","link":"https:\/\/bihavadis.com\/index.php\/2026\/02\/11\/karsta-karla-eglence\/","title":{"rendered":"Kars&#8217;ta Karla E\u011flence"},"content":{"rendered":"<p> Kars&#8217;ta etkili olan kar ya\u011f\u0131\u015f\u0131yla kent merkezi beyaza b\u00fcr\u00fcn\u00fcrken, \u00e7ocuklar da k\u0131zak keyfi yapt\u0131.<\/p>\n<p>Kentte d\u00fcn ba\u015flayan ve aral\u0131klarla devam eden kar ya\u011f\u0131\u015f\u0131 \u00e7ocuklar\u0131 sevindirdi. Yar\u0131y\u0131l tatilinin son g\u00fcn\u00fcn\u00fc f\u0131rsat bilen aileler ve \u00e7ocuklar, karla kaplanan yama\u00e7lardan k\u0131zaklarla kayd\u0131.<\/p>\n<p>Kars Kalesi eteklerinde kayak yapan \u00e7ocuklar tatilin keyfini \u00e7\u0131kard\u0131.<\/p>\n<p>Ailesiyle birlikte k\u0131zak kaymaya gelen Sel\u00e7uk Alan, kar ya\u011f\u0131\u015f\u0131n\u0131n mutluluk verdi\u011fini belirterek, &#8220;S\u00f6mestir tatilindeyiz, burada olmaktan \u00e7ok mutluyuz. K\u0131z\u0131mla birlikte kaymaya geldik. Bu sene Kars&#8217;\u0131m\u0131za \u00e7ok g\u00fczel kar ya\u011fd\u0131. K\u0131\u015f\u0131n ve s\u00f6mestir tatilinin keyfini birlikte \u00e7\u0131kar\u0131yoruz.&#8221; dedi.<\/p>\n<p>\u00c7ocuklardan Ahsen Erva Erdo\u011fan da tatilin son g\u00fcnlerini de\u011ferlendirdiklerini ifade ederek, &#8220;Bug\u00fcn buraya kayak yapmaya geldik. Kar ya\u011fd\u0131\u011f\u0131 i\u00e7in \u00e7ok e\u011fleniyoruz, tatilin son g\u00fcnleri oldu\u011fu i\u00e7in de\u011ferlendiriyoruz.&#8221; diye konu\u015ftu.<\/p>\n<p>Asya Y\u0131ld\u0131z ise tatilde g\u00fczel vakit ge\u00e7irdiklerini dile getirerek, &#8220;K\u0131za\u011f\u0131m\u0131z\u0131 ald\u0131k, kalenin alt\u0131na geldik, kayd\u0131k, e\u011flendik, \u00e7ok g\u00fczel bir g\u00fcnd\u00fc.&#8221; ifadesini kulland\u0131.<\/p>\n","protected":false},"excerpt":{"rendered":"<p>Kars&#8217;ta kar ya\u011f\u0131\u015f\u0131 \u00e7ocuklar\u0131 sevindirirken, aileler yama\u00e7larda k\u0131zak keyfi yapt\u0131.<\/p>\n","protected":false},"author":1,"featured_media":27723,"comment_status":"open","ping_status":"open","sticky":false,"template":"","format":"standard","meta":{"footnotes":""},"categories":[9,4,13],"tags":[683,297,4470],"class_list":["post-27722","post","type-post","status-publish","format-standard","has-post-thumbnail","hentry","category-genel","category-gundem","category-son-dakika","tag-cocuklar","tag-kar","tag-tatilin"],"_links":{"self":[{"href":"https:\/\/bihavadis.com\/index.php\/wp-json\/wp\/v2\/posts\/27722","targetHints":{"allow":["GET"]}}],"collection":[{"href":"https:\/\/bihavadis.com\/index.php\/wp-json\/wp\/v2\/posts"}],"about":[{"href":"https:\/\/bihavadis.com\/index.php\/wp-json\/wp\/v2\/types\/post"}],"author":[{"embeddable":true,"href":"https:\/\/bihavadis.com\/index.php\/wp-json\/wp\/v2\/users\/1"}],"replies":[{"embeddable":true,"href":"https:\/\/bihavadis.com\/index.php\/wp-json\/wp\/v2\/comments?post=27722"}],"version-history":[{"count":1,"href":"https:\/\/bihavadis.com\/index.php\/wp-json\/wp\/v2\/posts\/27722\/revisions"}],"predecessor-version":[{"id":27724,"href":"https:\/\/bihavadis.com\/index.php\/wp-json\/wp\/v2\/posts\/27722\/revisions\/27724"}],"wp:featuredmedia":[{"embeddable":true,"href":"https:\/\/bihavadis.com\/index.php\/wp-json\/wp\/v2\/media\/27723"}],"wp:attachment":[{"href":"https:\/\/bihavadis.com\/index.php\/wp-json\/wp\/v2\/media?parent=27722"}],"wp:term":[{"taxonomy":"category","embeddable":true,"href":"https:\/\/bihavadis.com\/index.php\/wp-json\/wp\/v2\/categories?post=27722"},{"taxonomy":"post_tag","embeddable":true,"href":"https:\/\/bihavadis.com\/index.php\/wp-json\/wp\/v2\/tags?post=27722"}],"curies":[{"name":"wp","href":"https:\/\/api.w.org\/{rel}","templated":true}]}}