{"id":27740,"date":"2026-02-11T15:30:06","date_gmt":"2026-02-11T15:30:06","guid":{"rendered":"https:\/\/bihavadis.com\/?p=27740"},"modified":"2026-02-11T15:30:06","modified_gmt":"2026-02-11T15:30:06","slug":"yuksel-yildirim-bazi-futbolcularla-yollari-ayiracagiz","status":"publish","type":"post","link":"https:\/\/bihavadis.com\/index.php\/2026\/02\/11\/yuksel-yildirim-bazi-futbolcularla-yollari-ayiracagiz\/","title":{"rendered":"Y\u00fcksel Y\u0131ld\u0131r\u0131m: Baz\u0131 futbolcularla yollar\u0131 ay\u0131raca\u011f\u0131z"},"content":{"rendered":"<p>S\u00fcper Lig&#8217;in 21. haftas\u0131nda konuk etti\u011fi Trabzonspor&#8217;a 3-0 yenilen Samsunspor&#8217;da kul\u00fcp ba\u015fkan\u0131 Y\u00fcksel Y\u0131ld\u0131r\u0131m, Samsun Yeni 19 May\u0131s Stad\u0131&#8217;ndaki kar\u015f\u0131la\u015fman\u0131n ard\u0131ndan a\u00e7\u0131klamalarda bulundu.<\/p>\n<p><strong>&#8220;TRABZONSPOR DAHA \u0130STEKL\u0130YD\u0130, DAHA ARZULUYDU&#8221;<\/strong><\/p>\n<p>\u00dczg\u00fcn olduklar\u0131n\u0131 belirten Y\u0131ld\u0131r\u0131m \u015funlar\u0131 dedi:<\/p>\n<p>&#8220;Kul\u00fcb\u00fcm ad\u0131na \u00f6z\u00fcr diliyorum. Onlar\u0131 (taraftar\u0131) \u00fczd\u00fck bug\u00fcn. Hi\u00e7 beklemedi\u011fimiz bir ma\u011flubiyet. Asl\u0131nda ma\u00e7 \u00f6ncesi umutluyduk. Puan veya puanlar alaca\u011f\u0131z diye kendimizi inand\u0131rm\u0131\u015ft\u0131k ama maalesef tak\u0131m bug\u00fcn galibiyeti hi\u00e7 hak etmedi. B\u0131rak puan almay\u0131 da hak etmedi. Bizi inan\u0131lmaz \u00fczd\u00fc. Trabzonspor daha istekliydi, daha arzuluydu. Ma\u00e7\u0131 kazanmak i\u00e7in ellerinden geleni yapt\u0131lar. Nitekim de \u00e7ok net bir galibiyet ald\u0131lar. Ben buradan Trabzonspor Kul\u00fcb\u00fcn\u00fc tebrik ediyorum. Hakl\u0131 bir galibiyet.&#8221;<\/p>\n<p>Trabzonspor Kul\u00fcb\u00fc y\u00f6neticileriyle yemekte bir araya geldiklerini aktaran Y\u0131ld\u0131r\u0131m, bordo-mavili kul\u00fcb\u00fcn ba\u015fkan\u0131 Ertu\u011frul Do\u011fan&#8217;\u0131 da tebrik etti.<\/p>\n<p><img decoding=\"async\" src=\"https:\/\/bihavadis.com\/wp-content\/uploads\/2026\/02\/yuksel-yildirim-bazi-futbolcularla-yollari-ayiracagiz-0-JDx3VRKx.jpg\"\/><\/p>\n<p><strong>&#8220;SAMSUNSPOR&#8217;DA OYNAMAYI HAK ETM\u0130YORLAR&#8221;<\/strong><\/p>\n<p>Sakatl\u0131\u011f\u0131 bulunan oyuncular\u0131 oldu\u011funa dikkati \u00e7eken Y\u0131ld\u0131r\u0131m \u015funlar\u0131 dedi:<\/p>\n<p>&#8220;Zaten bizim hedefimiz be\u015fincilikti, gidi\u015fat onu g\u00f6steriyordu. Samsunspor art\u0131k be\u015fincili\u011fi zorlayacak sezon sonuna kadar ama bu sene biraz zor bir sezon olacak. \u00c7\u00fcnk\u00fc biz art\u0131k hedef b\u00fcy\u00fctm\u00fc\u015ft\u00fck. \u0130n\u015fallah iyi bir yap\u0131lanma yapaca\u011f\u0131z. \u00c7\u00fcnk\u00fc bug\u00fcn g\u00f6rd\u00fcm ki baz\u0131 futbolcular doymu\u015f art\u0131k. Samsunspor&#8217;da oynamay\u0131 hak etmiyorlar. Onlarla da sezon sonunda yollar\u0131 ay\u0131raca\u011f\u0131z. G\u00f6r\u00fcnen o. \u00c7\u00fcnk\u00fc benim ger\u00e7ekten Samsun&#8217;a s\u00f6z\u00fcm var. Bunu yerine getirmek i\u00e7in gerekeni yapaca\u011f\u0131m.&#8221;<\/p>\n<p><strong>&#8220;SAMSUNSPOR TARAFTARINDAN \u00d6Z\u00dcR D\u0130L\u0130YORUM&#8221;<\/strong><\/p>\n<p>Y\u0131ld\u0131r\u0131m, \u015f\u00f6yle devam etti:<\/p>\n<p>&#8220;Hocayla da konu\u015faca\u011f\u0131m. Yani bu gidi\u015fat\u0131 d\u00fczeltecek, ba\u015fka \u00e7aresi yok. Sezon sonuna kadar kimsenin bizi \u00fczme hakk\u0131 yok. Bu Samsun taraftar\u0131n\u0131 \u00fczme hakk\u0131 yok. \u00c7ok \u00fczg\u00fcn\u00fcm ger\u00e7ekten. 12 g\u00fcnde 6 \u00fclkeyi ziyaret ettim. D\u00fcn gece geldim. Bug\u00fcn aya\u011f\u0131mda biraz a\u011fr\u0131 var. D\u00f6nd\u00fcm geldim. \u0130yi bir ma\u00e7 olacak diye ama oyuncular bana bunu hissettirmedi. Onlar hissettirmiyorsa a\u00e7\u0131k s\u00f6yleyeyim demek ki baz\u0131 \u015feyleri yapmam\u0131z laz\u0131m art\u0131k. \u00c7\u00fcnk\u00fc oyuncular Samsun&#8217;da doymu\u015f. \u015eimdi t\u0131k\u0131r t\u0131k\u0131r paralar \u00f6deniyor, primler \u00f6deniyor, her \u015fey \u00f6deniyor. A\u00e7 olmuyorlar. Ben ger\u00e7ekten \u00fczg\u00fcn\u00fcm. Samsunspor taraftar\u0131ndan \u00f6z\u00fcr diliyorum. Hak etmedik. Gerekeni de yapaca\u011f\u0131m.&#8221;<\/p>\n<p><img decoding=\"async\" src=\"https:\/\/bihavadis.com\/wp-content\/uploads\/2026\/02\/yuksel-yildirim-bazi-futbolcularla-yollari-ayiracagiz-1-e9TxppXR.jpg\"\/><\/p>\n<p><strong>&#8220;ELAY\u0130S TAVSAN&#8217;I T\u00dcRK VATANDA\u015eI YAPTIK&#8221;<\/strong><\/p>\n<p>UEFA Konferans Ligi son 16 play-off turunda da Kuzey Makedonya&#8217;n\u0131n Shkendija tak\u0131m\u0131yla kar\u015f\u0131la\u015facaklar\u0131n\u0131 hat\u0131rlatan Y\u0131ld\u0131r\u0131m, zorlu bir s\u00fcrece girdiklerini dile getirdi.<\/p>\n<p>Ara transfer d\u00f6neminde istenilen mevkilere oyuncu ald\u0131klar\u0131n\u0131 kaydeden Y\u0131ld\u0131r\u0131m \u015f\u00f6yle dedi:<\/p>\n<p>&#8220;Son 3 g\u00fcnde \u00e7ok h\u0131zl\u0131 bir \u015fekilde Elayis Tavsan&#8217;\u0131 T\u00fcrk vatanda\u015f\u0131 yapt\u0131k. Buradan \u0130\u00e7i\u015fleri Bakan\u0131m\u0131za te\u015fekk\u00fcr ediyorum. T\u00fcrk vatanda\u015fl\u0131\u011f\u0131 i\u00e7in bize inan\u0131lmaz bir destekte bulundu. Yer a\u00e7\u0131ld\u0131 ama hocam\u0131z transferi pek d\u00fc\u015f\u00fcnmedi\u011fini ancak \u00e7ok \u00e7ok iyi bir oyuncu olursa &#8216;Al\u0131n&#8217; dedi. \u00c7ok \u00e7ok iyi bir oyuncu bulamad\u0131k. Zorlu bir d\u00f6neme giriyoruz ama ben tak\u0131ma inan\u0131yorum. Hoca gerekeni yapacakt\u0131r. Samsunspor bundan sonra art\u0131k hedefi olan, iyi yap\u0131lanm\u0131\u015f bir kul\u00fcp olacak.&#8221;<\/p>\n<p><strong>STERLING A\u00c7IKLAMASI<\/strong><\/p>\n<p>Y\u0131ld\u0131r\u0131m, d\u00fcnyaca \u00fcnl\u00fc y\u0131ld\u0131z Raheem Sterling ile ilgilendiklerini belirterek, <em><b>&#8220;Bir ara Raheem Sterling ile ilgilendik, \u00e7ok istedik. Ancak onun T\u00fcrkiye&#8217;ye gelmeyi d\u00fc\u015f\u00fcnmedi\u011fini s\u00f6ylediler&#8221;<\/b><\/em> ifadelerini kulland\u0131.<\/p>\n","protected":false},"excerpt":{"rendered":"<p>Samsunspor Ba\u015fkan\u0131 Y\u00fcksel Y\u0131ld\u0131r\u0131m, Trabzonspor ma\u011flubiyetinin ard\u0131ndan yapt\u0131\u011f\u0131 a\u00e7\u0131klamada; &#8220;Bug\u00fcn g\u00f6rd\u00fcm ki baz\u0131 futbolcular doymu\u015f art\u0131k. Samsunspor&#8217;da oynamay\u0131 hak etmiyorlar. Onlarla da sezon sonunda yollar\u0131 ay\u0131raca\u011f\u0131z.&#8221; dedi.<\/p>\n","protected":false},"author":1,"featured_media":27741,"comment_status":"open","ping_status":"open","sticky":false,"template":"","format":"standard","meta":{"footnotes":""},"categories":[14],"tags":[3113,1693,1728,385,1799],"class_list":["post-27740","post","type-post","status-publish","format-standard","has-post-thumbnail","hentry","category-spor","tag-artik","tag-hak","tag-oyuncu","tag-samsun","tag-trabzonspor"],"_links":{"self":[{"href":"https:\/\/bihavadis.com\/index.php\/wp-json\/wp\/v2\/posts\/27740","targetHints":{"allow":["GET"]}}],"collection":[{"href":"https:\/\/bihavadis.com\/index.php\/wp-json\/wp\/v2\/posts"}],"about":[{"href":"https:\/\/bihavadis.com\/index.php\/wp-json\/wp\/v2\/types\/post"}],"author":[{"embeddable":true,"href":"https:\/\/bihavadis.com\/index.php\/wp-json\/wp\/v2\/users\/1"}],"replies":[{"embeddable":true,"href":"https:\/\/bihavadis.com\/index.php\/wp-json\/wp\/v2\/comments?post=27740"}],"version-history":[{"count":1,"href":"https:\/\/bihavadis.com\/index.php\/wp-json\/wp\/v2\/posts\/27740\/revisions"}],"predecessor-version":[{"id":27744,"href":"https:\/\/bihavadis.com\/index.php\/wp-json\/wp\/v2\/posts\/27740\/revisions\/27744"}],"wp:featuredmedia":[{"embeddable":true,"href":"https:\/\/bihavadis.com\/index.php\/wp-json\/wp\/v2\/media\/27741"}],"wp:attachment":[{"href":"https:\/\/bihavadis.com\/index.php\/wp-json\/wp\/v2\/media?parent=27740"}],"wp:term":[{"taxonomy":"category","embeddable":true,"href":"https:\/\/bihavadis.com\/index.php\/wp-json\/wp\/v2\/categories?post=27740"},{"taxonomy":"post_tag","embeddable":true,"href":"https:\/\/bihavadis.com\/index.php\/wp-json\/wp\/v2\/tags?post=27740"}],"curies":[{"name":"wp","href":"https:\/\/api.w.org\/{rel}","templated":true}]}}