{"id":27796,"date":"2026-02-11T16:12:06","date_gmt":"2026-02-11T16:12:06","guid":{"rendered":"https:\/\/bihavadis.com\/?p=27796"},"modified":"2026-02-11T16:12:06","modified_gmt":"2026-02-11T16:12:06","slug":"cinden-turkiyeye-32-milyar-dolarlik-bir-yatirim-yapildi","status":"publish","type":"post","link":"https:\/\/bihavadis.com\/index.php\/2026\/02\/11\/cinden-turkiyeye-32-milyar-dolarlik-bir-yatirim-yapildi\/","title":{"rendered":"\u00c7in&#8217;den T\u00fcrkiye&#8217;ye 3,2 milyar dolarl\u0131k bir yat\u0131r\u0131m yap\u0131ld\u0131"},"content":{"rendered":"<p><span>D\u0131\u015f Ekonomik \u0130li\u015fkiler Kurulu (<b>DE\u0130K<\/b>), T\u00fcrk Sanayicileri ve \u0130\u015f \u0130nsanlar\u0131 Derne\u011fi (<b>T\u00dcS\u0130AD<\/b>) ile \u00c7in Uluslararas\u0131 Ticareti Destekleme Konseyi (<b>CCPIT<\/b>) taraf\u0131ndan \u0130stanbul&#8217;da T\u00fcrkiye-\u00c7in \u0130\u015f Konferans\u0131 d\u00fczenlendi.<\/span><\/p>\n<p>T\u00fcrkiye&#8217;den \u00c7in&#8217;e 175 milyon dolar, \u00c7in&#8217;den de T\u00fcrkiye&#8217;ye 3,2 milyar dolarl\u0131k bir yat\u0131r\u0131m yap\u0131ld\u0131\u011f\u0131 belirtildi.<\/p>\n<p><span>4. \u00c7in Uluslararas\u0131 Tedarik Zinciri Fuar\u0131&#8217;n\u0131n tan\u0131t\u0131ld\u0131\u011f\u0131 konferansta, <b><em>&#8220;DE\u0130K ile CCPIT&#8221;<\/em><\/b>, <b><em>&#8220;T\u00dcS\u0130AD ile CCPIT&#8221;<\/em><\/b> ve China International Expo Center (CIEC) ve ATA Holding aras\u0131nda i\u015fbirli\u011fi anla\u015fmas\u0131 imzaland\u0131.<\/span><\/p>\n<p><strong>&#8220;T\u00dcRK\u0130YE&#8217;DE 1.419 \u00c7\u0130N F\u0130RMASI FAAL\u0130YET G\u00d6STER\u0130YOR&#8221;<\/strong><\/p>\n<p>Toplant\u0131da gerek tek tarafl\u0131 olarak gerekse ortak yat\u0131r\u0131mlarla T\u00fcrkiye ile \u00c7in aras\u0131nda baz\u0131 f\u0131rsatlar oldu\u011funa inand\u0131klar\u0131n\u0131 belirten Ticaret Bakanl\u0131\u011f\u0131 \u00d6mer Bolat, <b><em>&#8220;T\u00fcrkiye&#8217;den \u00c7in&#8217;e yat\u0131r\u0131m konusunda yakla\u015f\u0131k 1.465 T\u00fcrk firmas\u0131 \u00c7in&#8217;de i\u015ftigal ediyor.&#8221;<\/em><\/b> bilgisini verdi.<\/p>\n<p>Bolat, <b><em>&#8220;Yat\u0131r\u0131m miktar\u0131 olarak T\u00fcrkiye&#8217;den \u00c7in&#8217;e 175 milyon dolar, \u00c7in&#8217;den de T\u00fcrkiye&#8217;ye 3,2 milyar dolarl\u0131k bir yat\u0131r\u0131m hacmi s\u00f6z konusu.&#8221; <\/em><\/b>ifadesini kulland\u0131.<\/p>\n<p>Finans, enerji, hizmetler ve ula\u015ft\u0131rma ile telekom\u00fcnikasyon alan\u0131nda \u00f6nemli \u00c7in yat\u0131r\u0131mlar\u0131n\u0131n bulundu\u011funa i\u015faret eden Bolat, \u00c7in&#8217;in toplamda d\u00fcnyaya 3,1 trilyon dolarl\u0131k do\u011frudan yat\u0131r\u0131m hacminin oldu\u011funu, buna ba\u011fl\u0131 olarak T\u00fcrkiye&#8217;deki yat\u0131r\u0131mlar\u0131n\u0131n da \u00e7ok daha fazla olabilece\u011fini s\u00f6yledi.<\/p>\n<p><img decoding=\"async\" src=\"https:\/\/bihavadis.com\/wp-content\/uploads\/2026\/02\/cinden-turkiyeye-32-milyar-dolarlik-bir-yatirim-yapildi-0-I4KR98gR.jpg\"\/><\/p>\n<p><strong>&#8220;GE\u00c7EN YIL 425 B\u0130N \u00c7\u0130N VATANDA\u015eI T\u00dcRK\u0130YE&#8217;Y\u0130 Z\u0130YARET ETT\u0130&#8221;<\/strong><\/p>\n<p><span>Ge\u00e7en y\u0131l 425 bin \u00c7in vatanda\u015f\u0131n\u0131n T\u00fcrkiye&#8217;yi ziyaret etti\u011fini aktaran Bolat, <b><em>&#8220;Bu, \u00c7in&#8217;in y\u0131ll\u0131k toplam d\u00fcnyaya g\u00f6nderdi\u011fi toplam turist say\u0131s\u0131n\u0131n sadece y\u00fczde 1&#8217;i. \u00c7in turist kitlesinin de iki \u00fclke aras\u0131ndaki ekonomik ili\u015fkiye katk\u0131lar yapaca\u011f\u0131n\u0131 ve \u00c7inli turistlerin T\u00fcrkiye&#8217;mizi tan\u0131mak konusunda memnuniyet duyacaklar\u0131n\u0131 ifade etmek istiyoruz. Hava yolu ba\u011flant\u0131lar\u0131, u\u00e7u\u015f frekans say\u0131lar\u0131n\u0131n art\u0131r\u0131lmas\u0131 konusunda iki \u00fclke aras\u0131nda yap\u0131c\u0131 bir i\u015fbirli\u011fi var.&#8221;<\/em><\/b> diye konu\u015ftu.<\/span><\/p>\n<p><strong>&#8220;T\u00dcRK\u0130YE \u0130LE \u0130\u015eB\u0130RL\u0130\u011e\u0130NE B\u00dcY\u00dcK \u00d6NEM VERMEKTEY\u0130Z&#8221;<\/strong><\/p>\n<p>\u00c7in \u0130hracat-\u0130thalat Bankas\u0131 Ba\u015fkan Yard\u0131mc\u0131s\u0131 Wang Kang da T\u00fcrkiye&#8217;nin \u00c7in&#8217;in Bat\u0131 Asya&#8217;daki d\u00f6rd\u00fcnc\u00fc b\u00fcy\u00fck ticaret orta\u011f\u0131, ihracat pazar\u0131 a\u00e7\u0131s\u0131ndan da \u00fc\u00e7\u00fcnc\u00fc oldu\u011funu belirterek, \u00c7in&#8217;in ise T\u00fcrkiye&#8217;nin ikinci b\u00fcy\u00fck ticaret orta\u011f\u0131 iken ithalat a\u00e7\u0131s\u0131ndan birinci b\u00fcy\u00fck kayna\u011f\u0131 oldu\u011funu s\u00f6yledi.<\/p>\n<p>Kang, T\u00fcrkiye&#8217;nin \u00c7in&#8217;in Bat\u0131 Asya&#8217;daki ilk 5 en b\u00fcy\u00fck yat\u0131r\u0131m destinasyonu aras\u0131nda bulundu\u011funa i\u015faret ederek, <b><em>&#8220;Yurt d\u0131\u015f\u0131na yat\u0131r\u0131m ve kalk\u0131nmay\u0131 desteklemek rol\u00fc olan bir banka olarak biz T\u00fcrkiye ile i\u015fbirli\u011fine b\u00fcy\u00fck \u00f6nem vermekteyiz.&#8221;<\/em><\/b> dedi.<\/p>\n<p>T\u00fcrkiye&#8217;de \u00f6nemli alanlara odaklanacaklar\u0131n\u0131 kaydeden Kang, <b><em>&#8220;Yeni teknoloji, reform ve d\u00f6n\u00fc\u015f\u00fcm h\u0131zl\u0131ca ilerlemektedir. T\u00fcrkiye&#8217;nin kalk\u0131nmas\u0131yla ilgili \u00f6nemli sekt\u00f6rel geli\u015fmelerle birlikte T\u00fcrkiye&#8217;ye ticaret yat\u0131r\u0131m\u0131n\u0131 art\u0131raca\u011f\u0131z. Altyap\u0131, ba\u011flant\u0131l\u0131k, enerji alan\u0131ndaki desteklerimiz artacak. Ayn\u0131 zamanda yeni itici g\u00fcc\u00fc geli\u015ftirece\u011fiz. Dijital ekonomi, yenilenebilir enerji, yapay zeka, biyolojik t\u0131p gibi geli\u015fen alanlarda da sizin d\u00f6n\u00fc\u015f\u00fcn\u00fcz\u00fc destekleyece\u011fiz.&#8221; <\/em><\/b>\u015feklinde konu\u015ftu.<\/p>\n","protected":false},"excerpt":{"rendered":"<p>\u00c7in ve T\u00fcrkiye aras\u0131ndaki i\u015fbirli\u011fi art\u0131yor. \u0130stanbul&#8217;da ger\u00e7ekle\u015fen T\u00fcrkiye-\u00c7in \u0130\u015f Konferans\u0131&#8217;nda 3,2 milyar dolarl\u0131k dev bir yat\u0131r\u0131m haberi duyuruldu. Anla\u015fmalar\u0131n imzalanmas\u0131yla ticari ili\u015fkiler daha da g\u00fc\u00e7lendi.<\/p>\n","protected":false},"author":1,"featured_media":27797,"comment_status":"open","ping_status":"open","sticky":false,"template":"","format":"standard","meta":{"footnotes":""},"categories":[8],"tags":[400,395,1664,517,216],"class_list":["post-27796","post","type-post","status-publish","format-standard","has-post-thumbnail","hentry","category-ekonomi","tag-cin","tag-is","tag-onem","tag-turk","tag-yatirim"],"_links":{"self":[{"href":"https:\/\/bihavadis.com\/index.php\/wp-json\/wp\/v2\/posts\/27796","targetHints":{"allow":["GET"]}}],"collection":[{"href":"https:\/\/bihavadis.com\/index.php\/wp-json\/wp\/v2\/posts"}],"about":[{"href":"https:\/\/bihavadis.com\/index.php\/wp-json\/wp\/v2\/types\/post"}],"author":[{"embeddable":true,"href":"https:\/\/bihavadis.com\/index.php\/wp-json\/wp\/v2\/users\/1"}],"replies":[{"embeddable":true,"href":"https:\/\/bihavadis.com\/index.php\/wp-json\/wp\/v2\/comments?post=27796"}],"version-history":[{"count":1,"href":"https:\/\/bihavadis.com\/index.php\/wp-json\/wp\/v2\/posts\/27796\/revisions"}],"predecessor-version":[{"id":27799,"href":"https:\/\/bihavadis.com\/index.php\/wp-json\/wp\/v2\/posts\/27796\/revisions\/27799"}],"wp:featuredmedia":[{"embeddable":true,"href":"https:\/\/bihavadis.com\/index.php\/wp-json\/wp\/v2\/media\/27797"}],"wp:attachment":[{"href":"https:\/\/bihavadis.com\/index.php\/wp-json\/wp\/v2\/media?parent=27796"}],"wp:term":[{"taxonomy":"category","embeddable":true,"href":"https:\/\/bihavadis.com\/index.php\/wp-json\/wp\/v2\/categories?post=27796"},{"taxonomy":"post_tag","embeddable":true,"href":"https:\/\/bihavadis.com\/index.php\/wp-json\/wp\/v2\/tags?post=27796"}],"curies":[{"name":"wp","href":"https:\/\/api.w.org\/{rel}","templated":true}]}}