{"id":27803,"date":"2026-02-11T16:18:08","date_gmt":"2026-02-11T16:18:08","guid":{"rendered":"https:\/\/bihavadis.com\/?p=27803"},"modified":"2026-02-11T16:18:08","modified_gmt":"2026-02-11T16:18:08","slug":"izmirde-tartistigi-izsu-calisaninin-kulagini-isirip-kopardi","status":"publish","type":"post","link":"https:\/\/bihavadis.com\/index.php\/2026\/02\/11\/izmirde-tartistigi-izsu-calisaninin-kulagini-isirip-kopardi\/","title":{"rendered":"\u0130zmir&#8217;de tart\u0131\u015ft\u0131\u011f\u0131 \u0130ZSU \u00e7al\u0131\u015fan\u0131n\u0131n kula\u011f\u0131n\u0131 \u0131s\u0131r\u0131p kopard\u0131"},"content":{"rendered":"<p>\u0130zmir&#8217;in Konak il\u00e7esi Alsancak Mahallesi 1476\/1 Sokak&#8217;ta, d\u00fcn korku dolu anlar kaydedildi.\u00a0<\/p>\n<p>Sa\u011fanak nedeniyle biriken suyun tahliyesi i\u00e7in gelen \u0130ZSU\u2019ya ba\u011fl\u0131 ta\u015feron firman\u0131n \u00e7al\u0131\u015fan\u0131 N.G., kargo arac\u0131n\u0131n yoldan kald\u0131r\u0131lmas\u0131n\u0131 istedi.<\/p>\n<p>Bu nedenle N.G. ile kargo firmas\u0131 \u00e7al\u0131\u015fan\u0131 E.P. aras\u0131nda tart\u0131\u015fma \u00e7\u0131kt\u0131.<\/p>\n<p><strong>KULA\u011eINI ISIRIP KOPARDI <\/strong><\/p>\n<p>\u00c7evredekiler araya girerek taraflar\u0131 ay\u0131rd\u0131. Ancak N.G., belediye arac\u0131na giderek sert bir cisimle geri d\u00f6nd\u00fc.<\/p>\n<p>E.P., elindeki cisimle kendisine vurmak isteyen N.G.\u2019nin arkas\u0131ndan yakla\u015farak kula\u011f\u0131n\u0131 \u0131s\u0131rd\u0131.<\/p>\n<p><img decoding=\"async\" src=\"https:\/\/bihavadis.com\/wp-content\/uploads\/2026\/02\/izmirde-tartistigi-izsu-calisaninin-kulagini-isirip-kopardi-0-HiLTEvAN.jpg\"\/><\/p>\n<p><strong>KULAK SU B\u0130R\u0130K\u0130NT\u0130S\u0130N\u0130N \u0130\u00c7\u0130NDE BULUNDU <\/strong><\/p>\n<p>N.G.\u2019nin kula\u011f\u0131n\u0131n bir k\u0131sm\u0131 koparken, ihbar \u00fczerine olay yerine sa\u011fl\u0131k ve polis ekipleri sevk edildi. N.G.\u2019nin kopan kula\u011f\u0131n\u0131n par\u00e7as\u0131, yoldaki su birikintisinde bulundu.<\/p>\n<p><strong>\u015e\u00dcPHEL\u0130 TUTUKLANDI <\/strong><\/p>\n<p>Olay sonras\u0131 ka\u00e7an E.P., polis ekipleri taraf\u0131ndan k\u0131sa s\u00fcrede yakaland\u0131.<\/p>\n<p>Ambulansla hastaneye kald\u0131r\u0131lan N.G.\u2019nin tedavisi s\u00fcrerken E.P., emniyetteki i\u015flemlerinin ard\u0131ndan sevk edildi\u011fi adliyede \u00e7\u0131kar\u0131ld\u0131\u011f\u0131 mahkemece tutukland\u0131.<\/p>\n<p><img decoding=\"async\" src=\"https:\/\/bihavadis.com\/wp-content\/uploads\/2026\/02\/izmirde-tartistigi-izsu-calisaninin-kulagini-isirip-kopardi-1-34P84b4P.jpg\"\/><\/p>\n<p><strong>YA\u015eANAN ARBEDE KAMERADA<\/strong><\/p>\n<p>\u00d6te yandan taraflar aras\u0131nda ya\u015fanan arbede, \u00e7evredeki bir i\u015f yerinin g\u00fcvenlik kameras\u0131na yans\u0131d\u0131.<\/p>\n<p>Olaya ili\u015fkin soru\u015fturman\u0131n s\u00fcrd\u00fc\u011f\u00fc belirtildi.\u00a0<\/p>\n<p><img decoding=\"async\" src=\"https:\/\/bihavadis.com\/wp-content\/uploads\/2026\/02\/izmirde-tartistigi-izsu-calisaninin-kulagini-isirip-kopardi-2-DQkKqH9b.jpg\"\/><\/p>\n<p><img decoding=\"async\" src=\"https:\/\/bihavadis.com\/wp-content\/uploads\/2026\/02\/izmirde-tartistigi-izsu-calisaninin-kulagini-isirip-kopardi-3-MycylW3l.jpg\"\/><\/p>\n","protected":false},"excerpt":{"rendered":"<p>Konak il\u00e7esinde \u0130ZSU \u00e7al\u0131\u015fan\u0131, su tahliye \u00e7al\u0131\u015fmalar\u0131 s\u0131ras\u0131ndan arac\u0131n kald\u0131rmas\u0131n\u0131 istedi\u011fi kargocu taraf\u0131ndan sald\u0131r\u0131ya u\u011frad\u0131. Kargocu tart\u0131\u015fma s\u0131ras\u0131nda \u0130ZSU \u00e7al\u0131\u015fan\u0131n\u0131n kula\u011f\u0131n\u0131 \u0131s\u0131r\u0131p kopard\u0131. O anlar g\u00fcvenlik kameras\u0131na yans\u0131rken g\u00f6zalt\u0131na al\u0131nan sald\u0131rgan tutukland\u0131.<\/p>\n","protected":false},"author":1,"featured_media":27804,"comment_status":"open","ping_status":"open","sticky":false,"template":"","format":"standard","meta":{"footnotes":""},"categories":[4,13],"tags":[],"class_list":["post-27803","post","type-post","status-publish","format-standard","has-post-thumbnail","hentry","category-gundem","category-son-dakika"],"_links":{"self":[{"href":"https:\/\/bihavadis.com\/index.php\/wp-json\/wp\/v2\/posts\/27803","targetHints":{"allow":["GET"]}}],"collection":[{"href":"https:\/\/bihavadis.com\/index.php\/wp-json\/wp\/v2\/posts"}],"about":[{"href":"https:\/\/bihavadis.com\/index.php\/wp-json\/wp\/v2\/types\/post"}],"author":[{"embeddable":true,"href":"https:\/\/bihavadis.com\/index.php\/wp-json\/wp\/v2\/users\/1"}],"replies":[{"embeddable":true,"href":"https:\/\/bihavadis.com\/index.php\/wp-json\/wp\/v2\/comments?post=27803"}],"version-history":[{"count":1,"href":"https:\/\/bihavadis.com\/index.php\/wp-json\/wp\/v2\/posts\/27803\/revisions"}],"predecessor-version":[{"id":27809,"href":"https:\/\/bihavadis.com\/index.php\/wp-json\/wp\/v2\/posts\/27803\/revisions\/27809"}],"wp:featuredmedia":[{"embeddable":true,"href":"https:\/\/bihavadis.com\/index.php\/wp-json\/wp\/v2\/media\/27804"}],"wp:attachment":[{"href":"https:\/\/bihavadis.com\/index.php\/wp-json\/wp\/v2\/media?parent=27803"}],"wp:term":[{"taxonomy":"category","embeddable":true,"href":"https:\/\/bihavadis.com\/index.php\/wp-json\/wp\/v2\/categories?post=27803"},{"taxonomy":"post_tag","embeddable":true,"href":"https:\/\/bihavadis.com\/index.php\/wp-json\/wp\/v2\/tags?post=27803"}],"curies":[{"name":"wp","href":"https:\/\/api.w.org\/{rel}","templated":true}]}}