{"id":27812,"date":"2026-02-11T16:24:09","date_gmt":"2026-02-11T16:24:09","guid":{"rendered":"https:\/\/bihavadis.com\/?p=27812"},"modified":"2026-02-11T16:24:09","modified_gmt":"2026-02-11T16:24:09","slug":"ulke-genelinde-yagisli-hava-devam-ediyor-batida-yagmur-doguda-kar","status":"publish","type":"post","link":"https:\/\/bihavadis.com\/index.php\/2026\/02\/11\/ulke-genelinde-yagisli-hava-devam-ediyor-batida-yagmur-doguda-kar\/","title":{"rendered":"\u00dclke genelinde ya\u011f\u0131\u015fl\u0131 hava devam ediyor: Bat\u0131da ya\u011fmur, do\u011fuda kar"},"content":{"rendered":"<p>Meteoroloji Genel M\u00fcd\u00fcrl\u00fc\u011f\u00fc&#8217;n\u00fcn (MGM) son verilerilerine g\u00f6re, T\u00fcrkiye genelinde \u00f6n\u00fcm\u00fczdeki g\u00fcnlerde hava olduk\u00e7a de\u011fi\u015fken ve \u00e7o\u011funlukla ya\u011f\u0131\u015fl\u0131 bir seyir izleyecek.<\/p>\n<p>S\u0131cakl\u0131k de\u011ferleri ise b\u00fcy\u00fck \u00f6l\u00e7\u00fcde mevsim normallerinin \u00fczerinde seyredecek.<\/p>\n<p><strong>T\u00dcRK\u0130YE HAFTAYI SA\u011eANAK YA\u011eI\u015eLA KAPATACAK<\/strong><\/p>\n<p>Bug\u00fcn yurt genelinde par\u00e7al\u0131 ve \u00e7ok bulutlu bir hava hakim olacak.<\/p>\n<p>\u00d6zellikle Marmara, Karadeniz k\u0131y\u0131lar\u0131, Do\u011fu Anadolu&#8217;nun baz\u0131 kesimleri ve G\u00fcneydo\u011fu Anadolu&#8217;da aral\u0131kl\u0131 ya\u011fmur ve sa\u011fanak ya\u011f\u0131\u015f g\u00f6r\u00fclecek.<\/p>\n<p>Do\u011fu Karadeniz&#8217;in y\u00fcksek kesimleri ile Do\u011fu Anadolu&#8217;da karla kar\u0131\u015f\u0131k ya\u011fmur ve yer yer kar ya\u011f\u0131\u015fl\u0131 bir hava olacak.<\/p>\n<p>S\u0131cakl\u0131klar k\u0131y\u0131 kesimlerde 10-18, i\u00e7 ve do\u011fu b\u00f6lgelerde 5-13 derece civar\u0131nda seyrederken, y\u00fcksek rak\u0131mlarda daha d\u00fc\u015f\u00fck de\u011ferler kaydedilecek.<\/p>\n<p><strong>DO\u011eUDA KAR DEVAM ED\u0130YOR<\/strong><\/p>\n<p>Pazartesi g\u00fcn\u00fc ya\u011f\u0131\u015fl\u0131 hava biraz daha bat\u0131ya kayarken, Ege, Akdeniz ve \u0130\u00e7 Anadolu&#8217;nun bat\u0131s\u0131nda da ya\u011fmurun etkili olmas\u0131 bekleniyor.<\/p>\n<p>Karadeniz ve Do\u011fu b\u00f6lgelerde kar ya\u011f\u0131\u015f\u0131n\u0131n devam edece\u011fi d\u00fc\u015f\u00fcn\u00fcl\u00fcyor.<\/p>\n<p>G\u00fcneydo\u011fu&#8217;da ise daha az ya\u011f\u0131\u015fl\u0131 bir hava \u00f6ng\u00f6r\u00fcl\u00fcyor.<\/p>\n<p>S\u0131cakl\u0131klar\u0131n genel olarak \u00f6nceki g\u00fcne benzer veya hafif d\u00fc\u015f\u00fc\u015f g\u00f6sterece\u011fi tahmin ediliyor.<\/p>\n<p><img decoding=\"async\" src=\"https:\/\/bihavadis.com\/wp-content\/uploads\/2026\/02\/ulke-genelinde-yagisli-hava-devam-ediyor-batida-yagmur-doguda-kar-0-ZAwqiTqW.jpg\"\/><\/p>\n<p><strong>\u0130\u00c7 VE DO\u011eU KES\u0130MLERDE D\u00dc\u015e\u00dcK SICAKLIKLAR G\u00d6R\u00dcLECEK<\/strong><\/p>\n<p>Sal\u0131 g\u00fcn\u00fc \u00fclkenin b\u00fcy\u00fck b\u00f6l\u00fcm\u00fcnde par\u00e7al\u0131 bulutlu hava, yer yer hafif ya\u011fmur veya karla kar\u0131\u015f\u0131k ya\u011f\u0131\u015f\u0131n devam etmesi bekleniyor.<\/p>\n<p>Do\u011fu Karadeniz ve Do\u011fu Anadolu&#8217;da kar ya\u011f\u0131\u015f\u0131n\u0131n hala etkili olaca\u011f\u0131 \u00f6ng\u00f6r\u00fcl\u00fcyor.<\/p>\n<p>S\u0131cakl\u0131klar\u0131n i\u00e7 ve do\u011fu kesimlerde biraz daha d\u00fc\u015f\u00fck, bat\u0131 ve g\u00fcneyde ise \u0131l\u0131man seyredece\u011fi tahmin ediliyor.<\/p>\n<p><strong>YA\u011eMUR ETK\u0130S\u0130N\u0130 S\u00dcRD\u00dcRECEK<\/strong><\/p>\n<p>\u00c7ar\u015famba g\u00fcn\u00fc ya\u011f\u0131\u015fl\u0131 havan\u0131n kuzey ve do\u011fu kesimlerde yo\u011funla\u015fmas\u0131 bekleniyor.<\/p>\n<p>Karadeniz, \u0130\u00e7 Anadolu&#8217;nun kuzeyi ve Do\u011fu Anadolu&#8217;da kar ya\u011f\u0131\u015f\u0131 \u00f6ng\u00f6r\u00fcl\u00fcyor.<\/p>\n<p>Bat\u0131 ve g\u00fcney b\u00f6lgelerde ise daha \u00e7ok bulutlu ve hafif ya\u011f\u0131\u015fl\u0131 bir havan\u0131n hakim olaca\u011f\u0131 tahmin ediliyor.<\/p>\n<p>S\u0131cakl\u0131klar\u0131n genel olarak mevsim normalleri civar\u0131 veya hafif \u00fczerinde; k\u0131y\u0131larda 9-16, i\u00e7 kesimlerde 3-12 derece band\u0131nda olaca\u011f\u0131 d\u00fc\u015f\u00fcn\u00fcl\u00fcyor.<\/p>\n<p><img decoding=\"async\" src=\"https:\/\/bihavadis.com\/wp-content\/uploads\/2026\/02\/ulke-genelinde-yagisli-hava-devam-ediyor-batida-yagmur-doguda-kar-1-b8a4WZ7J.jpg\"\/><\/p>\n<p><strong>YA\u011eI\u015e B\u0130R\u00c7OK B\u00d6LGEDE KAR OLARAK DEVAM EDECEK<\/strong><\/p>\n<p>Per\u015fembe g\u00fcn\u00fc do\u011fu ve kuzeydo\u011fu kesimlerde \u00e7o\u011funlukla kar olmak \u00fczere ya\u011f\u0131\u015f\u0131n s\u00fcrmesi bekleniyor.<\/p>\n<p>Bat\u0131 b\u00f6lgelerde yer yer g\u00fcne\u015fli bir havan\u0131n g\u00f6r\u00fclece\u011fi tahmin ediliyor.<\/p>\n<p>S\u0131cakl\u0131klar\u0131n benzer seviyelerde; do\u011fuda daha so\u011fuk ve 0-11, bat\u0131da \u0131l\u0131man ve 8-18 derece civar\u0131nda seyredece\u011fi \u00f6ng\u00f6r\u00fcl\u00fcyor.<\/p>\n<p><strong>5 G\u00dcNL\u00dcK HAVA DURUMU TAHM\u0130NLER\u0130:<\/strong><\/p>\n<p><em><b>8 \u015eubat Pazar:<\/b><\/em><\/p>\n<p><img decoding=\"async\" src=\"https:\/\/bihavadis.com\/wp-content\/uploads\/2026\/02\/ulke-genelinde-yagisli-hava-devam-ediyor-batida-yagmur-doguda-kar-2-grjHj59l.jpg\"\/><\/p>\n<p><b><em>9 \u015eubat Pazartesi:<\/em><\/b><\/p>\n<p><img decoding=\"async\" src=\"https:\/\/bihavadis.com\/wp-content\/uploads\/2026\/02\/ulke-genelinde-yagisli-hava-devam-ediyor-batida-yagmur-doguda-kar-3-9i85NPgk.jpg\"\/><\/p>\n<p><em><b>10 \u015eubat Sal\u0131:<\/b><\/em><\/p>\n<p><img decoding=\"async\" src=\"https:\/\/bihavadis.com\/wp-content\/uploads\/2026\/02\/ulke-genelinde-yagisli-hava-devam-ediyor-batida-yagmur-doguda-kar-4-JkRxnHQa.jpg\"\/><\/p>\n<p><em><b>11 \u015eubat \u00c7ar\u015famba:<\/b><\/em><\/p>\n<p><img decoding=\"async\" src=\"https:\/\/bihavadis.com\/wp-content\/uploads\/2026\/02\/ulke-genelinde-yagisli-hava-devam-ediyor-batida-yagmur-doguda-kar-5-nt72LcIu.jpg\"\/><\/p>\n<p><em><b>12 \u015eubat Per\u015fembe:<\/b><\/em><\/p>\n<p><img decoding=\"async\" src=\"https:\/\/bihavadis.com\/wp-content\/uploads\/2026\/02\/ulke-genelinde-yagisli-hava-devam-ediyor-batida-yagmur-doguda-kar-6-Qe6paCUU.jpg\"\/><\/p>\n","protected":false},"excerpt":{"rendered":"<p>\u00d6n\u00fcm\u00fczdeki g\u00fcnlerde \u00fclke genelinde s\u0131cakl\u0131k de\u011ferleri mevsim normallerinin \u00fczerinde seyredecek. Bug\u00fcn Marmara ve Karadeniz&#8217;de bulutlu bir hava beklenirken, Do\u011fu Anadolu ve G\u00fcneydo\u011fu Anadolu&#8217;da ise ya\u011fmur ve sa\u011fanak ya\u011f\u0131\u015flar g\u00f6r\u00fclecek.<\/p>\n","protected":false},"author":1,"featured_media":27813,"comment_status":"open","ping_status":"open","sticky":false,"template":"","format":"standard","meta":{"footnotes":""},"categories":[9,13],"tags":[1362,297,4480,2228,1165],"class_list":["post-27812","post","type-post","status-publish","format-standard","has-post-thumbnail","hentry","category-genel","category-son-dakika","tag-dogu","tag-kar","tag-kesimlerde","tag-sicaklik","tag-yagis"],"_links":{"self":[{"href":"https:\/\/bihavadis.com\/index.php\/wp-json\/wp\/v2\/posts\/27812","targetHints":{"allow":["GET"]}}],"collection":[{"href":"https:\/\/bihavadis.com\/index.php\/wp-json\/wp\/v2\/posts"}],"about":[{"href":"https:\/\/bihavadis.com\/index.php\/wp-json\/wp\/v2\/types\/post"}],"author":[{"embeddable":true,"href":"https:\/\/bihavadis.com\/index.php\/wp-json\/wp\/v2\/users\/1"}],"replies":[{"embeddable":true,"href":"https:\/\/bihavadis.com\/index.php\/wp-json\/wp\/v2\/comments?post=27812"}],"version-history":[{"count":1,"href":"https:\/\/bihavadis.com\/index.php\/wp-json\/wp\/v2\/posts\/27812\/revisions"}],"predecessor-version":[{"id":27821,"href":"https:\/\/bihavadis.com\/index.php\/wp-json\/wp\/v2\/posts\/27812\/revisions\/27821"}],"wp:featuredmedia":[{"embeddable":true,"href":"https:\/\/bihavadis.com\/index.php\/wp-json\/wp\/v2\/media\/27813"}],"wp:attachment":[{"href":"https:\/\/bihavadis.com\/index.php\/wp-json\/wp\/v2\/media?parent=27812"}],"wp:term":[{"taxonomy":"category","embeddable":true,"href":"https:\/\/bihavadis.com\/index.php\/wp-json\/wp\/v2\/categories?post=27812"},{"taxonomy":"post_tag","embeddable":true,"href":"https:\/\/bihavadis.com\/index.php\/wp-json\/wp\/v2\/tags?post=27812"}],"curies":[{"name":"wp","href":"https:\/\/api.w.org\/{rel}","templated":true}]}}