{"id":27834,"date":"2026-02-11T16:39:35","date_gmt":"2026-02-11T16:39:35","guid":{"rendered":"https:\/\/bihavadis.com\/?p=27834"},"modified":"2026-02-11T16:39:35","modified_gmt":"2026-02-11T16:39:35","slug":"uclu-gorusmeler-baede-gerceklesecek","status":"publish","type":"post","link":"https:\/\/bihavadis.com\/index.php\/2026\/02\/11\/uclu-gorusmeler-baede-gerceklesecek\/","title":{"rendered":"\u00dc\u00e7l\u00fc G\u00f6r\u00fc\u015fmeler BAE&#8217;de Ger\u00e7ekle\u015fecek"},"content":{"rendered":"<p> Ukrayna Devlet Ba\u015fkan\u0131 Vladimir Zelenskiy, ABD, Rusya ve Ukrayna aras\u0131ndaki \u00fc\u00e7l\u00fc g\u00f6r\u00fc\u015fmelerin bir sonraki turunun 4-5 \u015eubat tarihlerinde \u015eubat&#8217;ta Birle\u015fik Arap Emirlikleri&#8217;nin (BAE) ba\u015fkenti Abu Dabi&#8217;de ger\u00e7ekle\u015ftirilece\u011fini a\u00e7\u0131klad\u0131.<\/p>\n<p>Rusya-Ukrayna Sava\u015f\u0131 devam ederken ABD arac\u0131l\u0131\u011f\u0131yla taraflar aras\u0131nda ger\u00e7ekle\u015ftirilen \u00fc\u00e7l\u00fc g\u00f6r\u00fc\u015fmelerin bir sonraki turunun tarihi belli oldu. Ukrayna Devlet Ba\u015fkan\u0131 Vladimir Zelenskiy sosyal medya hesab\u0131ndan yapt\u0131\u011f\u0131 a\u00e7\u0131klamada, &#8220;M\u00fczakere ekibimiz bir rapor sundu. \u00dc\u00e7l\u00fc g\u00f6r\u00fc\u015fmelerin bir sonraki turu 4-5 \u015eubat&#8217;ta Birle\u015fik Arap Emirlikleri&#8217;nin (BAE) ba\u015fkenti Abu Dabi&#8217;de ger\u00e7ekle\u015ftirilecek. Ukrayna, \u00f6nemli bir g\u00f6r\u00fc\u015fmeye haz\u0131rd\u0131r ve sonucun bizi sava\u015fa ger\u00e7ek ve onurlu bir son vermeye yakla\u015ft\u0131rmas\u0131n\u0131 istiyoruz&#8221; dedi.<\/p>\n<p>Son \u00fc\u00e7l\u00fc g\u00f6r\u00fc\u015fme 23-24 Ocak&#8217;ta yap\u0131lm\u0131\u015ft\u0131<\/p>\n<p>Taraflar son \u00fc\u00e7l\u00fc g\u00f6r\u00fc\u015fmelerini 23-24 Ocak tarihinde Abu Dabi&#8217;de ger\u00e7ekle\u015ftirmi\u015fti. \u0130ki g\u00fcn s\u00fcren s\u00f6z konusu g\u00f6r\u00fc\u015fmelerde Ukrayna heyetine Ukrayna Ulusal G\u00fcvenlik ve Savunma Konseyi Sekreteri R\u00fcstem Umerov, ABD heyetine ABD Ba\u015fkan\u0131 Donald Trump&#8217;\u0131n Orta Do\u011fu \u00d6zel Temsilcisi Steve Witkoff, Rus taraf\u0131na ise Rusya Askeri D\u0131\u015f \u0130stihbarat Te\u015fkilat\u0131 (GRU) Ba\u015fkan\u0131 \u0130gor Kostyukov ba\u015fkanl\u0131k etmi\u015fti. G\u00f6r\u00fc\u015fmede sava\u015f\u0131n sonu\u00e7lanmas\u0131na y\u00f6nelik somut bir karar al\u0131nmam\u0131\u015ft\u0131 ancak hem Witkoff ve Zelenskiy&#8217;den yap\u0131lan a\u00e7\u0131klamalarda, toplant\u0131 &#8216;yap\u0131c\u0131&#8217; ve &#8216;pozitif&#8217; olarak de\u011ferlendirilmi\u015fti. Rus bas\u0131n\u0131nda yer alan haberlerde de toplant\u0131n\u0131n &#8220;sonu\u00e7suz kald\u0131\u011f\u0131 s\u00f6ylenemez&#8221; ifadeleri kullan\u0131lm\u0131\u015ft\u0131.<\/p>\n<p>Kremlin Saray\u0131&#8217;ndan ge\u00e7ti\u011fimiz g\u00fcnlerde yap\u0131lan a\u00e7\u0131klamada, ABD Ba\u015fkan\u0131 Trump&#8217;\u0131n Rusya Devlet Ba\u015fkan\u0131 Vladimir Putin&#8217;den ki\u015fisel talebi do\u011frultusunda bir hafta boyunca Ukrayna&#8217;n\u0131n ba\u015fkenti Kiev ve \u00e7e\u015fitli b\u00f6lgelerindeki enerji altyap\u0131lar\u0131na y\u00f6nelik sald\u0131r\u0131 d\u00fczenlenmeyece\u011fi konusunda teminat verilmi\u015fti. &#8211; K\u0130EV<\/p>\n","protected":false},"excerpt":{"rendered":"<p>Zelenskiy, ABD, Rusya ve Ukrayna&#8217;n\u0131n \u00fc\u00e7l\u00fc g\u00f6r\u00fc\u015fmelerinin 4-5 \u015eubat&#8217;ta BAE&#8217;de yap\u0131laca\u011f\u0131n\u0131 duyurdu.<\/p>\n","protected":false},"author":1,"featured_media":27835,"comment_status":"open","ping_status":"open","sticky":false,"template":"","format":"standard","meta":{"footnotes":""},"categories":[12],"tags":[272,986,909,1625,198],"class_list":["post-27834","post","type-post","status-publish","format-standard","has-post-thumbnail","hentry","category-siyaset","tag-abd","tag-baskani","tag-gercek","tag-rus","tag-ukrayna"],"_links":{"self":[{"href":"https:\/\/bihavadis.com\/index.php\/wp-json\/wp\/v2\/posts\/27834","targetHints":{"allow":["GET"]}}],"collection":[{"href":"https:\/\/bihavadis.com\/index.php\/wp-json\/wp\/v2\/posts"}],"about":[{"href":"https:\/\/bihavadis.com\/index.php\/wp-json\/wp\/v2\/types\/post"}],"author":[{"embeddable":true,"href":"https:\/\/bihavadis.com\/index.php\/wp-json\/wp\/v2\/users\/1"}],"replies":[{"embeddable":true,"href":"https:\/\/bihavadis.com\/index.php\/wp-json\/wp\/v2\/comments?post=27834"}],"version-history":[{"count":1,"href":"https:\/\/bihavadis.com\/index.php\/wp-json\/wp\/v2\/posts\/27834\/revisions"}],"predecessor-version":[{"id":27836,"href":"https:\/\/bihavadis.com\/index.php\/wp-json\/wp\/v2\/posts\/27834\/revisions\/27836"}],"wp:featuredmedia":[{"embeddable":true,"href":"https:\/\/bihavadis.com\/index.php\/wp-json\/wp\/v2\/media\/27835"}],"wp:attachment":[{"href":"https:\/\/bihavadis.com\/index.php\/wp-json\/wp\/v2\/media?parent=27834"}],"wp:term":[{"taxonomy":"category","embeddable":true,"href":"https:\/\/bihavadis.com\/index.php\/wp-json\/wp\/v2\/categories?post=27834"},{"taxonomy":"post_tag","embeddable":true,"href":"https:\/\/bihavadis.com\/index.php\/wp-json\/wp\/v2\/tags?post=27834"}],"curies":[{"name":"wp","href":"https:\/\/api.w.org\/{rel}","templated":true}]}}