{"id":27846,"date":"2026-02-11T16:48:04","date_gmt":"2026-02-11T16:48:04","guid":{"rendered":"https:\/\/bihavadis.com\/?p=27846"},"modified":"2026-02-11T16:48:04","modified_gmt":"2026-02-11T16:48:04","slug":"jose-mourinhodan-rafa-silva-sozleri","status":"publish","type":"post","link":"https:\/\/bihavadis.com\/index.php\/2026\/02\/11\/jose-mourinhodan-rafa-silva-sozleri\/","title":{"rendered":"Jose Mourinho&#8217;dan Rafa Silva s\u00f6zleri"},"content":{"rendered":"<p>Benfica Teknik Direkt\u00f6r\u00fc Jose Mourinho, Portekiz Premier Lig&#8217;in 21. haftas\u0131nda bug\u00fcn TS\u0130 23.00&#8217;te Alverca&#8217;y\u0131 konuk edecekleri ma\u00e7 \u00f6ncesinde bir bas\u0131n toplant\u0131s\u0131 d\u00fczenledi.<\/p>\n<p>Mourinho, Be\u015fikta\u015f&#8217;tan olayl\u0131 bir \u015fekilde ayr\u0131lan ve Benfica&#8217;ya transfer olan Rafa Silva&#8217;n\u0131n son durumu hakk\u0131nda konu\u015ftu.<\/p>\n<p>Portekizli teknik adam, Estrela ve Tondela ile oynad\u0131klar\u0131 ma\u00e7lar\u0131n ikinci yar\u0131s\u0131nda g\u00f6rev yapan tecr\u00fcbeli oyuncuya Alverca kar\u015f\u0131s\u0131nda da \u015fans verece\u011fini duyurdu.<\/p>\n<p><strong>&#8220;DAHA FAZLA S\u00dcRE ALACAK&#8221;<\/strong><\/p>\n<p>Jose Mourinho, Rafa&#8217;n\u0131n son durumu hakk\u0131nda gelen bir soru \u00fczerine <em><b>&#8220;Buradaki herkes antrenman yapmaya motive olmu\u015f durumda. Her zaman amac\u0131m motive edici antrenman seanslar\u0131 olu\u015fturmakt\u0131 ve o da herkes gibi motive. Zaten iki ma\u00e7 oynad\u0131 ve zaman ge\u00e7tik\u00e7e daha fazla s\u00fcre alacak ve yar\u0131n da oynayacak.&#8221;<\/b><\/em> ifadelerini kulland\u0131.<\/p>\n<p><img decoding=\"async\" src=\"https:\/\/bihavadis.com\/wp-content\/uploads\/2026\/02\/jose-mourinhodan-rafa-silva-sozleri-0-GId3ZTQd.jpg\"\/><\/p>\n<p><strong>2 MA\u00c7TA 44 DAK\u0130KA OYNADI<\/strong><\/p>\n<p>Benfica formas\u0131yla \u00e7\u0131kt\u0131\u011f\u0131 2 ma\u00e7ta 44 dakika sahada kalan Rafa Silva, tak\u0131m\u0131na skor katk\u0131s\u0131 sa\u011flayamad\u0131.<\/p>\n","protected":false},"excerpt":{"rendered":"<p>Benfica Teknik Direkt\u00f6r\u00fc Jose Mourinho, Be\u015fikta\u015f&#8217;tan transfer ettikleri Rafa Silva&#8217;n\u0131n son durumu hakk\u0131nda de\u011ferlendirmelerde bulundu<\/p>\n","protected":false},"author":1,"featured_media":27847,"comment_status":"open","ping_status":"open","sticky":false,"template":"","format":"standard","meta":{"footnotes":""},"categories":[14],"tags":[364],"class_list":["post-27846","post","type-post","status-publish","format-standard","has-post-thumbnail","hentry","category-spor","tag-mac"],"_links":{"self":[{"href":"https:\/\/bihavadis.com\/index.php\/wp-json\/wp\/v2\/posts\/27846","targetHints":{"allow":["GET"]}}],"collection":[{"href":"https:\/\/bihavadis.com\/index.php\/wp-json\/wp\/v2\/posts"}],"about":[{"href":"https:\/\/bihavadis.com\/index.php\/wp-json\/wp\/v2\/types\/post"}],"author":[{"embeddable":true,"href":"https:\/\/bihavadis.com\/index.php\/wp-json\/wp\/v2\/users\/1"}],"replies":[{"embeddable":true,"href":"https:\/\/bihavadis.com\/index.php\/wp-json\/wp\/v2\/comments?post=27846"}],"version-history":[{"count":1,"href":"https:\/\/bihavadis.com\/index.php\/wp-json\/wp\/v2\/posts\/27846\/revisions"}],"predecessor-version":[{"id":27849,"href":"https:\/\/bihavadis.com\/index.php\/wp-json\/wp\/v2\/posts\/27846\/revisions\/27849"}],"wp:featuredmedia":[{"embeddable":true,"href":"https:\/\/bihavadis.com\/index.php\/wp-json\/wp\/v2\/media\/27847"}],"wp:attachment":[{"href":"https:\/\/bihavadis.com\/index.php\/wp-json\/wp\/v2\/media?parent=27846"}],"wp:term":[{"taxonomy":"category","embeddable":true,"href":"https:\/\/bihavadis.com\/index.php\/wp-json\/wp\/v2\/categories?post=27846"},{"taxonomy":"post_tag","embeddable":true,"href":"https:\/\/bihavadis.com\/index.php\/wp-json\/wp\/v2\/tags?post=27846"}],"curies":[{"name":"wp","href":"https:\/\/api.w.org\/{rel}","templated":true}]}}