{"id":27906,"date":"2026-02-11T17:36:05","date_gmt":"2026-02-11T17:36:05","guid":{"rendered":"https:\/\/bihavadis.com\/?p=27906"},"modified":"2026-02-11T17:36:05","modified_gmt":"2026-02-11T17:36:05","slug":"mobilya-sektorunde-tum-zincir-yapay-zekayla-yeniden-kurgulaniyor","status":"publish","type":"post","link":"https:\/\/bihavadis.com\/index.php\/2026\/02\/11\/mobilya-sektorunde-tum-zincir-yapay-zekayla-yeniden-kurgulaniyor\/","title":{"rendered":"Mobilya sekt\u00f6r\u00fcnde t\u00fcm zincir yapay zekayla yeniden kurgulan\u0131yor"},"content":{"rendered":"<p>Y\u0131ll\u0131k 3,5 milyar dolar\u0131n \u00fczerinde d\u0131\u015f ticaret fazlas\u0131 veren Mobilya sekt\u00f6r\u00fc yapay zekay\u0131 merkezine alarak fikirden \u00fcretime b\u00fct\u00fcnsel y\u00f6netim anla\u015f\u0131n\u0131 h\u00e2kim k\u0131lmak ve ihracatta 6 milyar dolar hedefine ula\u015fmak i\u00e7in \u201cDes-ai-gn Man-ai-gment Workshop\u201d program\u0131n\u0131 hayata ge\u00e7iriyor.<\/p>\n<p>Mobilya sekt\u00f6r\u00fcnde ortalama ihra\u00e7 fiyat\u0131n\u0131 3,5 dolardan 6 dolara \u00e7\u0131karmay\u0131 hedeflediklerini dillendiren Ege Mobilya K\u00e2\u011f\u0131t ve Orman \u00dcr\u00fcnleri \u0130hracat\u00e7\u0131lar\u0131 Birli\u011fi Ba\u015fkan\u0131 Ali Fuat G\u00fcrle, Ya\u015far \u00dcniversitesi Tasar\u0131m Ara\u015ft\u0131rma Merkezi (Y\u00dcTAM) ortakl\u0131\u011f\u0131nda mobilya sekt\u00f6r\u00fc \u00f6zelinde tasarlayacaklar\u0131 \u201cDes-ai-gn Man-ai-gment Workshop\u201dun yapay zek\u00e2 ara\u00e7lar\u0131n\u0131 kullanarak fikirden \u00fcretime uzanan s\u00fcrece b\u00fct\u00fcnsel bir perspektif kazand\u0131racak bir \u00e7al\u0131\u015ftay olaca\u011f\u0131n\u0131 vurgulad\u0131.<\/p>\n<p>13 \u015eubat 2026 Cuma g\u00fcn\u00fc Ege ihracat\u00e7\u0131 Birlikleri\u2019nde d\u00fczenlenecek \u201cDes-ai-gn Man-ai-gment Workshop\u201d isimli \u00e7al\u0131\u015ftaya kat\u0131lacak ki\u015filerin mobilya sekt\u00f6r\u00fcnde karar verici konumundaki profesyoneller olaca\u011f\u0131n\u0131n alt\u0131n\u0131 \u00e7izen G\u00fcrle, \u201cGenel M\u00fcd\u00fcr, Fabrika M\u00fcd\u00fcr\u00fc, \u00dcretim &#038; Operasyon, Ar-Ge, \u00dcr\u00fcn Geli\u015ftirme, M\u00fchendislik, Tasar\u0131m ve Dijital D\u00f6n\u00fc\u015f\u00fcm y\u00f6neticileri pazardaki ihtiya\u00e7lar\u0131 do\u011fru okuma, \u00fcr\u00fcn konsepti geli\u015ftirme, \u00fcretilebilirlik de\u011ferlendirmesi, \u00fcretim planlamas\u0131 ve maliyet hesab\u0131 ad\u0131mlar\u0131n\u0131 ele alacaklar. Ayr\u0131ca \u00fcretimde dijital ikiz yakla\u015f\u0131m\u0131, s\u00fcre\u00e7 inovasyonu, yapay zek\u00e2 destekli karar verme ve dijitalle\u015fme ba\u015fl\u0131klar\u0131, mobilya sekt\u00f6r\u00fcn\u00fcn \u00fcretim ger\u00e7ekleriyle ili\u015fkilendirilerek uygulama \u00f6rnekleri \u00fczerinden de\u011ferlendirilecek\u201d \u015feklinde konu\u015ftu.<\/p>\n<p>\u00c7al\u0131\u015ftayda yap\u0131lacak \u00e7al\u0131\u015fmalar\u0131 \u00f6zetleyen G\u00fcrle s\u00f6zlerini \u015f\u00f6yle tamamlad\u0131; \u201cYapay zek\u00e2 ara\u00e7lar\u0131yla pazar ihtiyac\u0131na yan\u0131t veren \u00fcr\u00fcn konsepti geli\u015ftirme, konsepti mevcut \u00fcretim altyap\u0131lar\u0131yla e\u015fle\u015ftirerek \u00fcretim planlamas\u0131 olu\u015fturma, alternatifler \u00fczerinden maliyet\/\u00fcretilebilirlik de\u011ferlendirmesi yapma, dijital ikiz ve \u00fcretimde dijitalle\u015fmenin s\u00fcre\u00e7lere etkisini tart\u0131\u015fma, firmalar i\u00e7in uygulanabilir bir aksiyon \u00e7er\u00e7evesi \u00e7\u0131kartma ba\u015fl\u0131klar\u0131na odaklan\u0131lacak.\u201d<\/p>\n<p><strong>Can G\u00fcvenir: Yapay zek\u00e2 t\u00fcm de\u011fer zincirini yeniden tan\u0131ml\u0131yor<\/strong><\/p>\n<p>Yapay zek\u00e2n\u0131n g\u00fcn\u00fcm\u00fczde yaln\u0131zca yeni bir ara\u00e7 de\u011fil; \u00fcretimden tasar\u0131ma, pazarlamadan karar verme s\u00fcre\u00e7lerine kadar t\u00fcm de\u011fer zincirini yeniden tan\u0131mlayan g\u00fc\u00e7l\u00fc bir k\u0131r\u0131l\u0131m oldu\u011funu vurgulayan\u00a0<strong>Ya\u015far \u00dcniversitesi Tasar\u0131m Uygulama ve Ara\u015ft\u0131rma Merkezi (Y\u00dcTAM)<\/strong>\u00a0M\u00fcd\u00fcr\u00fc Dr. Can G\u00fcvenir, (Y\u00dcTAM) olarak bu d\u00f6n\u00fc\u015f\u00fcm\u00fcn hem b\u00fcy\u00fck bir potansiyel ta\u015f\u0131d\u0131\u011f\u0131n\u0131n hem de beraberinde getirdi\u011fi risk ve tehditlerin fark\u0131nda olduklar\u0131n\u0131 vurgulad\u0131.<\/p>\n<p>Yapay zek\u00e2 ile ilgili s\u00fcrece ili\u015fkin de\u011ferlendirmelerle bulunan G\u00fcvenir; \u201cAs\u0131l soru \u015fudur: Bu k\u0131r\u0131l\u0131mda s\u0131\u00e7rayacak m\u0131y\u0131z, yoksa geride kal\u0131p g\u00f6r\u00fcnmez mi olaca\u011f\u0131z? Biz, bu soruya yan\u0131t\u0131n; teknolojiyi izlemekle de\u011fil, onu anlayarak ki\u015fisel ve kurumsal olarak uyum sa\u011flamakla, veriye dayal\u0131 \u00e7al\u0131\u015fmay\u0131 benimserken insan\u0131 ve k\u00fclt\u00fcr\u00fc merkezde tutmakla m\u00fcmk\u00fcn oldu\u011funa inan\u0131yoruz. Elbette verilerle \u00e7al\u0131\u015fmak art\u0131k bir zorunluluk; ancak tek ba\u015f\u0131na veri yetmez. Bu co\u011frafyan\u0131n \u00e7ok k\u0131ymetli \u00fcretim k\u00fclt\u00fcr\u00fc, zanaat miras\u0131, estetik dili ve yarat\u0131m potansiyeli; yapay zek\u00e2 ile birle\u015fti\u011finde global pazarda ger\u00e7ek bir fark yaratma g\u00fcc\u00fcne d\u00f6n\u00fc\u015febilir. \u201cDes-ai-gn Man-ai-gment Workshop\u201du tam da bu nedenle, sekt\u00f6r\u00fcn karar vericilerini ayn\u0131 zeminde bulu\u015fturan, fikirden \u00fcretime uzanan s\u00fcreci somutla\u015ft\u0131ran ve harekete ge\u00e7iren bir ba\u015flang\u0131\u00e7 ad\u0131m\u0131 olarak g\u00f6r\u00fcyoruz. Amac\u0131m\u0131z; \u00fcniversitede yeti\u015ftirdi\u011fimiz insan kayna\u011f\u0131n\u0131 bu d\u00f6n\u00fc\u015f\u00fcme haz\u0131rlarken, sekt\u00f6r\u00fcm\u00fcz\u00fcn de zaman\u0131 yakalamas\u0131na, rekabet g\u00fcc\u00fcn\u00fc art\u0131rmas\u0131na ve bu de\u011fi\u015fimi f\u0131rsata \u00e7evirmesine g\u00fc\u00e7l\u00fc bir katk\u0131 sunmak\u201d ifadelerini kulland\u0131.<\/p>\n<p>\u00a0<\/p>\n<p>Kaynak: (BYZHA) Beyaz Haber Ajans\u0131<\/p>\n","protected":false},"excerpt":{"rendered":"<p>Y\u0131ll\u0131k 3,5 milyar dolar\u0131n \u00fczerinde d\u0131\u015f ticaret fazlas\u0131 veren Mobilya sekt\u00f6r\u00fc yapay zekay\u0131 merkezine alarak fikirden \u00fcretime b\u00fct\u00fcnsel y\u00f6netim anla\u015f\u0131n\u0131 h\u00e2kim k\u0131lmak ve ihracatta 6 milyar dolar hedefine ula\u015fmak i\u00e7in \u201cDes-ai-gn Man-ai-gment Workshop\u201d program\u0131n\u0131 hayata ge\u00e7iriyor.<\/p>\n","protected":false},"author":1,"featured_media":27907,"comment_status":"open","ping_status":"open","sticky":false,"template":"","format":"standard","meta":{"footnotes":""},"categories":[8],"tags":[1046,982,375,292,213],"class_list":["post-27906","post","type-post","status-publish","format-standard","has-post-thumbnail","hentry","category-ekonomi","tag-dijital","tag-mobilya","tag-uretim","tag-veri","tag-yapay-zeka"],"_links":{"self":[{"href":"https:\/\/bihavadis.com\/index.php\/wp-json\/wp\/v2\/posts\/27906","targetHints":{"allow":["GET"]}}],"collection":[{"href":"https:\/\/bihavadis.com\/index.php\/wp-json\/wp\/v2\/posts"}],"about":[{"href":"https:\/\/bihavadis.com\/index.php\/wp-json\/wp\/v2\/types\/post"}],"author":[{"embeddable":true,"href":"https:\/\/bihavadis.com\/index.php\/wp-json\/wp\/v2\/users\/1"}],"replies":[{"embeddable":true,"href":"https:\/\/bihavadis.com\/index.php\/wp-json\/wp\/v2\/comments?post=27906"}],"version-history":[{"count":1,"href":"https:\/\/bihavadis.com\/index.php\/wp-json\/wp\/v2\/posts\/27906\/revisions"}],"predecessor-version":[{"id":27908,"href":"https:\/\/bihavadis.com\/index.php\/wp-json\/wp\/v2\/posts\/27906\/revisions\/27908"}],"wp:featuredmedia":[{"embeddable":true,"href":"https:\/\/bihavadis.com\/index.php\/wp-json\/wp\/v2\/media\/27907"}],"wp:attachment":[{"href":"https:\/\/bihavadis.com\/index.php\/wp-json\/wp\/v2\/media?parent=27906"}],"wp:term":[{"taxonomy":"category","embeddable":true,"href":"https:\/\/bihavadis.com\/index.php\/wp-json\/wp\/v2\/categories?post=27906"},{"taxonomy":"post_tag","embeddable":true,"href":"https:\/\/bihavadis.com\/index.php\/wp-json\/wp\/v2\/tags?post=27906"}],"curies":[{"name":"wp","href":"https:\/\/api.w.org\/{rel}","templated":true}]}}