{"id":27962,"date":"2026-02-11T18:24:06","date_gmt":"2026-02-11T18:24:06","guid":{"rendered":"https:\/\/bihavadis.com\/?p=27962"},"modified":"2026-02-11T18:24:06","modified_gmt":"2026-02-11T18:24:06","slug":"abdullah-avci-aanin-yilin-kareleri-oylamasina-katildi","status":"publish","type":"post","link":"https:\/\/bihavadis.com\/index.php\/2026\/02\/11\/abdullah-avci-aanin-yilin-kareleri-oylamasina-katildi\/","title":{"rendered":"Abdullah Avc\u0131, AA&#8217;n\u0131n &#8220;Y\u0131l\u0131n Kareleri&#8221; oylamas\u0131na kat\u0131ld\u0131"},"content":{"rendered":"<p>Teknik direkt\u00f6r Abdullah Avc\u0131, Anadolu Ajans\u0131&#8217;n\u0131n (AA) g\u00f6z\u00fcnden 2025&#8217;e damga vuran olaylara ait foto\u011fraflar\u0131n yer ald\u0131\u011f\u0131 AA&#8217;n\u0131n <em><b>&#8220;Y\u0131l\u0131n Kareleri&#8221;<\/b><\/em> oylamas\u0131na kat\u0131ld\u0131.<\/p>\n<p>Abdullah Avc\u0131, d\u00fczenlenen yar\u0131\u015fmada, AA foto muhabirleri ve muhabirlerinin 2025&#8217;te T\u00fcrkiye ile d\u00fcnya g\u00fcndeminde yank\u0131 bulan 6 kategorideki 112 foto\u011fraf\u0131n\u0131 inceledi.<\/p>\n<p><strong>SE\u00c7\u0130MLER\u0130<\/strong><\/p>\n<p>Avc\u0131, <em><b>&#8220;Gazze: A\u00e7l\u0131k&#8221;<\/b><\/em> \u00f6zel kategorisinde Ahmed Jihad Ibrahim Al-arini&#8217;nin<em><b> &#8220;Gazze&#8217;de yetersiz beslenme sorunu ya\u015fayan \u00e7ocuk, \u00f6l\u00fcm tehlikesiyle kar\u015f\u0131 kar\u015f\u0131ya&#8221; <\/b><\/em>adl\u0131 foto\u011fraf\u0131na oyunu verdi.<\/p>\n<p><em><b>&#8220;Portre&#8221;<\/b><\/em> \u00f6zel kategorisinde Mehmet Futsi&#8217;nin<em><b> &#8220;Gizli y\u00fcz&#8221;<\/b><\/em> karesini se\u00e7en tecr\u00fcbeli teknik adam, <em><b>&#8220;Haber&#8221;<\/b><\/em> kategorisinde ise Mahmut Serdar Alaku\u015f&#8217;un<em><b> &#8220;Ayn\u0131 \u015femsiyenin alt\u0131nda&#8221; <\/b><\/em>isimli foto\u011fraf\u0131n\u0131 tercih etti.<\/p>\n<p><em><b>&#8220;Spor&#8221; <\/b><\/em>kategorisinde Esra Bilgin&#8217;in <em><b>&#8220;Alperen&#8221; <\/b><\/em>foto\u011fraf\u0131n\u0131 tercih eden Avc\u0131, <em><b>&#8220;Do\u011fal Ya\u015fam ve \u00c7evre&#8221; <\/b><\/em>kategorisinde Murat \u015eeng\u00fcl&#8217;\u00fcn <em><b>&#8220;Ate\u015f kas\u0131rgas\u0131&#8221;<\/b><\/em> adl\u0131 karesini oylad\u0131.<\/p>\n<p>Abdullah Avc\u0131, <em><b>&#8220;G\u00fcnl\u00fck Hayat&#8221;<\/b><\/em> kategorisinde ise Sidar Can Eren&#8217;in <em><b>&#8220;S\u00fct kuzusu&#8221;<\/b><\/em> ba\u015fl\u0131kl\u0131 karesini se\u00e7ti.<\/p>\n<p><img decoding=\"async\" src=\"https:\/\/bihavadis.com\/wp-content\/uploads\/2026\/02\/abdullah-avci-aanin-yilin-kareleri-oylamasina-katildi-0-mppvxUjF.jpg\"\/><\/p>\n<p><strong>&#8220;HAR\u0130KA RES\u0130MLER VAR&#8221;<\/strong><\/p>\n<p>Her sene Anadolu Ajans\u0131&#8217;n\u0131n 1 sene boyunca verdi\u011fi emek kar\u015f\u0131l\u0131\u011f\u0131nda harika i\u015fler \u00e7\u0131kartt\u0131\u011f\u0131n\u0131 kaydeden Avc\u0131, <em><b>&#8220;Ben de hemen hemen her sene oylaman\u0131n i\u00e7inde bulunuyorum. Bu da beni mutlu ediyor. Harika resimler var. Hepsinin bir hikayesi, an\u0131s\u0131 var. Hem yerli, hem duygusal hem de b\u00fct\u00fcnl\u00fck olarak bakmaya \u00e7al\u0131\u015ft\u0131m. Se\u00e7ece\u011fimiz \u00e7ok resim var. Herkesin eline eme\u011fine sa\u011fl\u0131k. G\u00fczel hikayeler, umar\u0131m kar\u015f\u0131l\u0131\u011f\u0131nda da insanlar\u0131n mutlu olabilece\u011fi, kendilerini iyi hissedecekleri an\u0131lar olur.&#8221;<\/b><\/em> de\u011ferlendirmesinde bulundu.<\/p>\n<p><img decoding=\"async\" src=\"https:\/\/bihavadis.com\/wp-content\/uploads\/2026\/02\/abdullah-avci-aanin-yilin-kareleri-oylamasina-katildi-1-F6eek2zB.jpg\"\/><\/p>\n<p><strong>OYLAMA<\/strong><\/p>\n<p>AA&#8217;n\u0131n 2012 y\u0131l\u0131ndan bu yana d\u00fczenledi\u011fi yar\u0131\u015fmada, bu y\u0131l <em><b>&#8220;Haber&#8221;<\/b><\/em>, <em><b>&#8220;Do\u011fal Ya\u015fam ve \u00c7evre&#8221;<\/b><\/em>, <em><b>&#8220;Spor&#8221;<\/b><\/em> ve <em><b>&#8220;G\u00fcnl\u00fck Hayat&#8221; <\/b><\/em>olmak \u00fczere 4 ana kategorinin yan\u0131 s\u0131ra <em><b>&#8220;Gazze: A\u00e7l\u0131k&#8221; <\/b><\/em>ve <em><b>&#8220;Portre&#8221; <\/b><\/em>ba\u015fl\u0131kl\u0131 2 \u00f6zel kategori yer al\u0131yor.<\/p>\n<p>T\u00fcrk\u00e7e ve \u0130ngilizce altyaz\u0131yla d\u00fcnya genelinde yap\u0131lan oylamaya kat\u0131lanlar, istedikleri say\u0131da foto\u011frafa oy verebiliyor.<\/p>\n<p>Oylama <em><b>&#8220;yilinkareleri.aa.com.tr&#8221; <\/b><\/em>internet sitesi \u00fczerinden 15 \u015eubat Pazar saat 17.00&#8217;ye kadar devam edecek.<\/p>\n","protected":false},"excerpt":{"rendered":"<p>Teknik direkt\u00f6r Abdullah Avc\u0131, AA foto muhabirleri ve muhabirlerinin 2025&#8217;te T\u00fcrkiye ile d\u00fcnya g\u00fcndeminde yank\u0131 bulan 6 kategorideki 112 foto\u011fraf\u0131n\u0131 inceledi.<\/p>\n","protected":false},"author":1,"featured_media":27963,"comment_status":"open","ping_status":"open","sticky":false,"template":"","format":"standard","meta":{"footnotes":""},"categories":[14],"tags":[3873,311,312,1830],"class_list":["post-27962","post","type-post","status-publish","format-standard","has-post-thumbnail","hentry","category-spor","tag-avci","tag-foto","tag-kategorisinde","tag-oylama"],"_links":{"self":[{"href":"https:\/\/bihavadis.com\/index.php\/wp-json\/wp\/v2\/posts\/27962","targetHints":{"allow":["GET"]}}],"collection":[{"href":"https:\/\/bihavadis.com\/index.php\/wp-json\/wp\/v2\/posts"}],"about":[{"href":"https:\/\/bihavadis.com\/index.php\/wp-json\/wp\/v2\/types\/post"}],"author":[{"embeddable":true,"href":"https:\/\/bihavadis.com\/index.php\/wp-json\/wp\/v2\/users\/1"}],"replies":[{"embeddable":true,"href":"https:\/\/bihavadis.com\/index.php\/wp-json\/wp\/v2\/comments?post=27962"}],"version-history":[{"count":1,"href":"https:\/\/bihavadis.com\/index.php\/wp-json\/wp\/v2\/posts\/27962\/revisions"}],"predecessor-version":[{"id":27966,"href":"https:\/\/bihavadis.com\/index.php\/wp-json\/wp\/v2\/posts\/27962\/revisions\/27966"}],"wp:featuredmedia":[{"embeddable":true,"href":"https:\/\/bihavadis.com\/index.php\/wp-json\/wp\/v2\/media\/27963"}],"wp:attachment":[{"href":"https:\/\/bihavadis.com\/index.php\/wp-json\/wp\/v2\/media?parent=27962"}],"wp:term":[{"taxonomy":"category","embeddable":true,"href":"https:\/\/bihavadis.com\/index.php\/wp-json\/wp\/v2\/categories?post=27962"},{"taxonomy":"post_tag","embeddable":true,"href":"https:\/\/bihavadis.com\/index.php\/wp-json\/wp\/v2\/tags?post=27962"}],"curies":[{"name":"wp","href":"https:\/\/api.w.org\/{rel}","templated":true}]}}