{"id":27998,"date":"2026-02-11T18:51:35","date_gmt":"2026-02-11T18:51:35","guid":{"rendered":"https:\/\/bihavadis.com\/?p=27998"},"modified":"2026-02-11T18:51:35","modified_gmt":"2026-02-11T18:51:35","slug":"bbp-genel-baskani-destici-deprem-bolgeleri-ayaga-kalkiyor-devletimiz-gucludur","status":"publish","type":"post","link":"https:\/\/bihavadis.com\/index.php\/2026\/02\/11\/bbp-genel-baskani-destici-deprem-bolgeleri-ayaga-kalkiyor-devletimiz-gucludur\/","title":{"rendered":"BBP Genel Ba\u015fkan\u0131 Destici: &#8220;Deprem b\u00f6lgeleri aya\u011fa kalk\u0131yor, devletimiz g\u00fc\u00e7l\u00fcd\u00fcr&#8221;"},"content":{"rendered":"<p> B\u00fcy\u00fck Birlik Partisi (BBP) Genel Ba\u015fkan\u0131 Mustafa Destici, partisinin Malatya Kongre ve K\u00fclt\u00fcr Merkezi&#8217;nde d\u00fczenlenen Ola\u011fan \u0130l Kongresi&#8217;ne kat\u0131ld\u0131. Kongrede konu\u015fan Destici, deprem b\u00f6lgesindeki \u00e7al\u0131\u015fmalar, ter\u00f6rle m\u00fccadele, d\u0131\u015f politika ve aile yap\u0131s\u0131na ili\u015fkin de\u011ferlendirmelerde bulundu.<\/p>\n<p>Konu\u015fmas\u0131na depremde ve ter\u00f6rle m\u00fccadelede hayat\u0131n\u0131 kaybeden \u015fehitleri anarak ba\u015flayan BBP Genel Ba\u015fkan\u0131 Mustafa Destici, Malatya Mezarl\u0131\u011f\u0131&#8217;nda deprem \u015fehitlerini ziyaret ettiklerini belirtti. Depremin her ailenin hayat\u0131nda derin izler b\u0131rakt\u0131\u011f\u0131n\u0131 ifade eden Destici, &#8220;Her bir kayb\u0131n ayr\u0131 bir hikayesi, ayr\u0131 bir ac\u0131s\u0131 var. Allah milletimize bir daha b\u00f6yle ac\u0131lar ya\u015fatmas\u0131n&#8221; dedi.<\/p>\n<p>BBP olarak depremin ilk g\u00fcn\u00fcnden itibaren sahada olduklar\u0131n\u0131 belirten Destici, Alperen Arama Kurtarma ekiplerinin AFAD, K\u0131z\u0131lay ve di\u011fer kurumlarla birlikte \u00e7al\u0131\u015fmalar y\u00fcr\u00fctt\u00fc\u011f\u00fcn\u00fc s\u00f6yledi. Deprem b\u00f6lgelerinde devletin b\u00fcy\u00fck bir toparlanma s\u00fcreci y\u00fcr\u00fctt\u00fc\u011f\u00fcn\u00fc dile getiren Destici, &#8220;K\u0131sa s\u00fcrede y\u00fcz binlerce konut yap\u0131ld\u0131. Eksikler olabilir ama esas olan \u015fehirlerimizin b\u00fcy\u00fck \u00f6l\u00e7\u00fcde aya\u011fa kald\u0131r\u0131lm\u0131\u015f olmas\u0131d\u0131r&#8221; ifadelerini kulland\u0131. Depremin T\u00fcrkiye&#8217;ye ekonomik a\u00e7\u0131dan a\u011f\u0131r bir y\u00fck getirdi\u011fini belirten Destici, &#8220;Deprem b\u00f6lgeleri i\u00e7in 100 milyar dolar\u0131n \u00fczerinde bir b\u00fct\u00e7e ayr\u0131ld\u0131. Bu, her devletin alt\u0131ndan kalkabilece\u011fi bir y\u00fck de\u011fildir. Devletimiz g\u00fc\u00e7l\u00fcd\u00fcr&#8221; dedi<\/p>\n<p>Konu\u015fmas\u0131nda ter\u00f6rle m\u00fccadeleye de de\u011finen Destici, PKK ve uzant\u0131lar\u0131n\u0131n K\u00fcrt vatanda\u015flar\u0131 temsil etmedi\u011fini s\u00f6yledi. Ter\u00f6rle m\u00fccadeleye 40 y\u0131lda yakla\u015f\u0131k 2 trilyon dolar harcand\u0131\u011f\u0131n\u0131 s\u00f6yleyen Destici, &#8220;Bu \u00f6rg\u00fctler ABD ve \u0130srail&#8217;in ta\u015feronudur. T\u00fcrkiye, s\u0131n\u0131rlar\u0131nda bir ter\u00f6r devletine asla izin vermeyecektir&#8221; ifadelerini kulland\u0131Gazze&#8217;de ya\u015fananlara da dikkat \u00e7eken Destici, \u0130srail&#8217;i sert s\u00f6zlerle ele\u015ftirerek uluslararas\u0131 kurulu\u015flar\u0131n \u00e7ifte standart uygulad\u0131\u011f\u0131n\u0131 ifade etti. T\u00fcrkiye&#8217;nin g\u00fc\u00e7l\u00fc olmak zorunda oldu\u011funu vurgulayan Destici, savunma sanayii yat\u0131r\u0131mlar\u0131n\u0131n \u00f6nemine i\u015faret etti.<\/p>\n<p>Aile yap\u0131s\u0131n\u0131n korunmas\u0131na y\u00f6nelik de a\u00e7\u0131klamalarda bulunan Destici, kad\u0131n hastaneleri ve kad\u0131n \u00fcniversiteleri kurulmas\u0131 y\u00f6n\u00fcndeki \u00f6nerilerini yineledi. Kad\u0131nlar\u0131n ailelerine daha fazla vakit ay\u0131rabilmesi i\u00e7in \u00e7al\u0131\u015fma saatlerine y\u00f6nelik d\u00fczenleme yap\u0131lmas\u0131 gerekti\u011fini savunan Destici, ev han\u0131mlar\u0131na maddi destek verilmesini de teklif etti.<\/p>\n<p>Konu\u015fmas\u0131n\u0131n sonunda yeni e\u011fitim \u00f6\u011fretim d\u00f6neminin hay\u0131rl\u0131 olmas\u0131n\u0131 dileyen Destici, kongrede g\u00f6rev alan partililere te\u015fekk\u00fcr etti. Destici, &#8220;B\u00fcy\u00fck Birlik Partisi sadece bir siyasi parti de\u011fil, bir dava hareketidir&#8221; diye konu\u015ftu &#8211; MALATYA<\/p>\n","protected":false},"excerpt":{"rendered":"<p>B\u00fcy\u00fck Birlik Partisi (BBP) Genel Ba\u015fkan\u0131 Mustafa Destici, partisinin Malatya Kongre ve K\u00fclt\u00fcr Merkezi&#8217;nde d\u00fczenlenen Ola\u011fan \u0130l Kongresi&#8217;ne kat\u0131ld\u0131.<\/p>\n","protected":false},"author":1,"featured_media":27999,"comment_status":"open","ping_status":"open","sticky":false,"template":"","format":"standard","meta":{"footnotes":""},"categories":[12],"tags":[60,2160,563,2051],"class_list":["post-27998","post","type-post","status-publish","format-standard","has-post-thumbnail","hentry","category-siyaset","tag-deprem","tag-destici","tag-parti","tag-teror"],"_links":{"self":[{"href":"https:\/\/bihavadis.com\/index.php\/wp-json\/wp\/v2\/posts\/27998","targetHints":{"allow":["GET"]}}],"collection":[{"href":"https:\/\/bihavadis.com\/index.php\/wp-json\/wp\/v2\/posts"}],"about":[{"href":"https:\/\/bihavadis.com\/index.php\/wp-json\/wp\/v2\/types\/post"}],"author":[{"embeddable":true,"href":"https:\/\/bihavadis.com\/index.php\/wp-json\/wp\/v2\/users\/1"}],"replies":[{"embeddable":true,"href":"https:\/\/bihavadis.com\/index.php\/wp-json\/wp\/v2\/comments?post=27998"}],"version-history":[{"count":1,"href":"https:\/\/bihavadis.com\/index.php\/wp-json\/wp\/v2\/posts\/27998\/revisions"}],"predecessor-version":[{"id":28000,"href":"https:\/\/bihavadis.com\/index.php\/wp-json\/wp\/v2\/posts\/27998\/revisions\/28000"}],"wp:featuredmedia":[{"embeddable":true,"href":"https:\/\/bihavadis.com\/index.php\/wp-json\/wp\/v2\/media\/27999"}],"wp:attachment":[{"href":"https:\/\/bihavadis.com\/index.php\/wp-json\/wp\/v2\/media?parent=27998"}],"wp:term":[{"taxonomy":"category","embeddable":true,"href":"https:\/\/bihavadis.com\/index.php\/wp-json\/wp\/v2\/categories?post=27998"},{"taxonomy":"post_tag","embeddable":true,"href":"https:\/\/bihavadis.com\/index.php\/wp-json\/wp\/v2\/tags?post=27998"}],"curies":[{"name":"wp","href":"https:\/\/api.w.org\/{rel}","templated":true}]}}