{"id":28020,"date":"2026-02-11T19:06:06","date_gmt":"2026-02-11T19:06:06","guid":{"rendered":"https:\/\/bihavadis.com\/?p=28020"},"modified":"2026-02-11T19:06:06","modified_gmt":"2026-02-11T19:06:06","slug":"bandirmaspor-2-0-imaj-altyapi-vanspor-fk","status":"publish","type":"post","link":"https:\/\/bihavadis.com\/index.php\/2026\/02\/11\/bandirmaspor-2-0-imaj-altyapi-vanspor-fk\/","title":{"rendered":"Band\u0131rmaspor 2-0 \u0130maj Altyap\u0131 Vanspor FK"},"content":{"rendered":"<p> Trendyol 1. Lig&#8217;in 23. haftas\u0131nda konuk etti\u011fi \u0130maj Altyap\u0131 Vanspor FK&#8217;yi 2-0 yenen Band\u0131rmaspor&#8217;da teknik direkt\u00f6r Mustafa G\u00fcrsel, &#8220;\u0130kinci gol\u00fc daha erken bulabilirdik fakat son dakikalarda bulduk ve ma\u00e7\u0131 kazand\u0131k.&#8221; dedi.<\/p>\n<p>G\u00fcrsel, ma\u00e7\u0131n ard\u0131ndan d\u00fczenlenen bas\u0131n toplant\u0131s\u0131nda yapt\u0131\u011f\u0131 a\u00e7\u0131klamada, zor bir kar\u015f\u0131la\u015fmay\u0131 kazand\u0131klar\u0131 i\u00e7in mutlu olduklar\u0131n\u0131 s\u00f6yledi.<\/p>\n<p>M\u00fcsabakan\u0131n ilk yar\u0131s\u0131nda bulduklar\u0131 pozisyonlar\u0131 yeterince de\u011ferlendiremediklerini belirten G\u00fcrsel, \u015f\u00f6yle konu\u015ftu: <\/p>\n<p>&#8220;Havan\u0131n olumsuzlu\u011fu nedeniyle penalt\u0131 pozisyonunda topun hareket etmesi ve kalecimizin kurtarmas\u0131 bizim bug\u00fcn \u015fans\u0131m\u0131z oldu. \u0130kinci yar\u0131 rakibimiz 10 ki\u015fi kald\u0131 fakat bug\u00fcn oynamaktan ziyade iyi m\u00fccadele etmek ve girdi\u011fimiz pozisyonlar\u0131 de\u011ferlendirmek daha \u00f6nemliydi. Ma\u00e7\u0131n gidi\u015fat\u0131na bakt\u0131\u011f\u0131m\u0131zda top rakibimizde daha fazla kald\u0131 fakat \u00e7ok gol pozisyonu vermedik. \u0130kinci gol\u00fc daha erken bulabilirdik fakat son dakikalarda bulduk ve ma\u00e7\u0131 kazand\u0131k. \u0130n\u015fallah bunun devam\u0131 gelir. Bug\u00fcn sezon ba\u015f\u0131ndan beri seyircimiz belki ilk defa bu kadar co\u015fkulu ve ilk defa fazlayd\u0131. Onlara da te\u015fekk\u00fcr ediyorum. Sa\u011f olsunlar, var olsunlar. Bu tak\u0131m\u0131n sezon sonuna kadar hep yan\u0131nda olsunlar.&#8221;<\/p>\n<p>\u0130maj Altyap\u0131 Vanspor FK cephesi<\/p>\n<p>\u0130maj Altyap\u0131 Vanspor FK Teknik Direkt\u00f6r\u00fc Osman Zeki Korkmaz ise 10 ki\u015fi kald\u0131ktan sonra da iyi m\u00fccadele sergilediklerini dile getirdi.<\/p>\n<p>\u0130yi oynad\u0131klar\u0131 ve pozisyon \u00fcrettikleri bir ma\u00e7 oldu\u011funu aktaran Korkmaz, \u015funlar\u0131 kaydetti: <\/p>\n<p>&#8220;Yaln\u0131z k\u0131rm\u0131z\u0131 kart pozisyonunu de\u011ferlendirmemiz gerekiyor. Bu i\u015flerde Vanspor&#8217;a kar\u015f\u0131 art\u0131k s\u0131n\u0131r a\u015f\u0131ld\u0131. Bu hakem i\u015fi art\u0131k bir skandal haline gelmeye ba\u015flad\u0131. Bu hakem arkada\u015f\u0131n b\u00fct\u00fcn Vanl\u0131lar&#8217;a bir a\u00e7\u0131klama yapmas\u0131 laz\u0131m. O pozisyonda k\u0131rm\u0131z\u0131 kartl\u0131k ne var mesela? Bunu net bir \u015fekilde a\u00e7\u0131klamas\u0131 gerekiyor. Yoksa ne yaz\u0131k ki bu onun \u00fczerinde kalacak. B\u00fct\u00fcn Vanl\u0131lar&#8217;dan da bu pozisyonun neden k\u0131rm\u0131z\u0131 kart oldu\u011funa dair incelenmesi ve hesab\u0131n\u0131n sorulmas\u0131n\u0131 rica ediyorum. K\u0131rm\u0131z\u0131 kart\u0131 a\u00e7\u0131klas\u0131nlar boynumuz k\u0131ldan ince ama bu pozisyonda bir s\u0131k\u0131nt\u0131 var. Futbolda \u00fcreten taraf olaca\u011f\u0131z. Uzun vadede biz kazan\u0131r\u0131z ama akl\u0131nda kar\u0131\u015f\u0131kl\u0131k olan, bir \u015feyleri y\u00f6netti\u011fini zanneden art\u0131k belli noktalarda \u00f6r\u00fcmcek ba\u011flam\u0131\u015f kitleler, kurumlar T\u00fcrk futbolundan silinecek. Silinmesi i\u00e7in de ben elimden geleni yapaca\u011f\u0131m. Bu konuda da b\u00fct\u00fcn futbolun payda\u015flar\u0131ndan destek ve yard\u0131m istiyorum. Yoksa futbolu temizlemezsek bug\u00fcn bize olacak, yar\u0131n size olacak. Bu i\u015f b\u00f6yle devam edecek. Yani futbolu \u00f6r\u00fcmcek kafalardan temizlemek zorunday\u0131z.&#8221;<\/p>\n","protected":false},"excerpt":{"rendered":"<p>Band\u0131rmaspor, Vanspor&#8217;u 2-0 yenerek \u00fc\u00e7 puan\u0131 ald\u0131. Teknik direkt\u00f6r G\u00fcrsel, kazand\u0131klar\u0131 i\u00e7in mutlu.<\/p>\n","protected":false},"author":1,"featured_media":28021,"comment_status":"open","ping_status":"open","sticky":false,"template":"","format":"standard","meta":{"footnotes":""},"categories":[14],"tags":[364,3240],"class_list":["post-28020","post","type-post","status-publish","format-standard","has-post-thumbnail","hentry","category-spor","tag-mac","tag-pozisyon"],"_links":{"self":[{"href":"https:\/\/bihavadis.com\/index.php\/wp-json\/wp\/v2\/posts\/28020","targetHints":{"allow":["GET"]}}],"collection":[{"href":"https:\/\/bihavadis.com\/index.php\/wp-json\/wp\/v2\/posts"}],"about":[{"href":"https:\/\/bihavadis.com\/index.php\/wp-json\/wp\/v2\/types\/post"}],"author":[{"embeddable":true,"href":"https:\/\/bihavadis.com\/index.php\/wp-json\/wp\/v2\/users\/1"}],"replies":[{"embeddable":true,"href":"https:\/\/bihavadis.com\/index.php\/wp-json\/wp\/v2\/comments?post=28020"}],"version-history":[{"count":1,"href":"https:\/\/bihavadis.com\/index.php\/wp-json\/wp\/v2\/posts\/28020\/revisions"}],"predecessor-version":[{"id":28022,"href":"https:\/\/bihavadis.com\/index.php\/wp-json\/wp\/v2\/posts\/28020\/revisions\/28022"}],"wp:featuredmedia":[{"embeddable":true,"href":"https:\/\/bihavadis.com\/index.php\/wp-json\/wp\/v2\/media\/28021"}],"wp:attachment":[{"href":"https:\/\/bihavadis.com\/index.php\/wp-json\/wp\/v2\/media?parent=28020"}],"wp:term":[{"taxonomy":"category","embeddable":true,"href":"https:\/\/bihavadis.com\/index.php\/wp-json\/wp\/v2\/categories?post=28020"},{"taxonomy":"post_tag","embeddable":true,"href":"https:\/\/bihavadis.com\/index.php\/wp-json\/wp\/v2\/tags?post=28020"}],"curies":[{"name":"wp","href":"https:\/\/api.w.org\/{rel}","templated":true}]}}