{"id":28066,"date":"2026-02-11T19:45:05","date_gmt":"2026-02-11T19:45:05","guid":{"rendered":"https:\/\/bihavadis.com\/?p=28066"},"modified":"2026-02-11T19:45:05","modified_gmt":"2026-02-11T19:45:05","slug":"bornovada-hamurdan-umuda","status":"publish","type":"post","link":"https:\/\/bihavadis.com\/index.php\/2026\/02\/11\/bornovada-hamurdan-umuda\/","title":{"rendered":"Bornova&#8217;da Hamurdan Umuda"},"content":{"rendered":"<p>Bornova Belediyesi\u2019nin \u0130zmir \u015eekerciler ve Pastac\u0131lar Odas\u0131 i\u015fbirli\u011fi ve \u0130zmir Soroptimist Kul\u00fcb\u00fc\u2019n\u00fcn deste\u011fiyle hayata ge\u00e7irilen \u0130stihdam Garantili Pastac\u0131l\u0131k ve Ekmek\u00e7ilik Kursu ba\u015far\u0131yla tamamland\u0131. EVKA-3\u2019te bulunan Mutfak At\u00f6lyesinde \u00fc\u00e7 d\u00f6nem halinde d\u00fczenlenen e\u011fitimlerden toplam 114 kursiyer yararland\u0131.<\/p>\n<p>Son d\u00f6nemde e\u011fitimi tamamlayan 37 kursiyer, d\u00fczenlenen t\u00f6renle sertifikalar\u0131n\u0131 al\u0131rken; pasta yar\u0131\u015fmas\u0131nda Bal Diyar\u0131 birinci, Derin Mavi ikinci, Yar\u0131m Ekmek adl\u0131 pasta ise \u00fc\u00e7\u00fcnc\u00fc oldu.<\/p>\n<p><b>300 saatlik e\u011fitim, kalfal\u0131k belgesi ve i\u015f garantisi<\/b><\/p>\n<p>Toplam 300 saatlik yo\u011fun e\u011fitim program\u0131n\u0131 ba\u015far\u0131yla tamamlayan kursiyerler, kalfal\u0131k belgesi almaya hak kazand\u0131. E\u011fitim s\u00fcrecinde kursiyerler yaln\u0131zca pastac\u0131l\u0131k ve ekmek\u00e7ilik de\u011fil; g\u0131da hijyeni, i\u015f g\u00fcvenli\u011fi, i\u015f hukuku, ileti\u015fim, stres y\u00f6netimi, m\u00fclakat teknikleri, \u00f6zge\u00e7mi\u015f haz\u0131rlama, markala\u015fma ve yapay zek\u00e2 gibi alanlarda da kapsaml\u0131 e\u011fitim ald\u0131. Mezunlar, istihdam garantisiyle meslek hayat\u0131na g\u00fc\u00e7l\u00fc bir ba\u015flang\u0131\u00e7 yapma f\u0131rsat\u0131 yakalad\u0131.<\/p>\n<p><b>Hatice \u0130mer: \u201cBu meslek k\u0131zlar\u0131m\u0131z\u0131n hayat yolunu a\u00e7s\u0131n\u201dx<\/b><\/p>\n<p>T\u00fcrkiye Soroptimist Kul\u00fcpleri Federasyonu Ba\u015fkan\u0131 Hatice \u0130mer, projede e\u011fitimci olarak yer almaktan b\u00fcy\u00fck mutluluk duydu\u011funu belirterek, eme\u011fi ge\u00e7en t\u00fcm kurumlara te\u015fekk\u00fcr etti. \u0130mer, kursiyerlerin kazand\u0131\u011f\u0131 mesle\u011fin onlar\u0131n hayatta dik ve sa\u011flam durmalar\u0131na katk\u0131 sa\u011flayaca\u011f\u0131na inand\u0131\u011f\u0131n\u0131 vurgulad\u0131.<\/p>\n<p><b>\u00a0\u0130hsan Esen: \u201cBal\u0131k vermiyoruz, bal\u0131k tutmay\u0131 \u00f6\u011fretiyoruz\u201d\u00a0<\/b><\/p>\n<p>\u0130zmir \u015eekerciler ve Pastac\u0131lar Odas\u0131 Ba\u015fkan\u0131 \u0130hsan Esen, projenin en b\u00fcy\u00fck de\u011ferinin insanlara kal\u0131c\u0131 bir meslek kazand\u0131rmak oldu\u011funu ifade etti. Bug\u00fcne kadar bu merkezde yakla\u015f\u0131k 3 bin 600 kursiyerin meslek sahibi oldu\u011funu, 42 ki\u015finin kendi i\u015f yerini a\u00e7t\u0131\u011f\u0131n\u0131 belirten Esen, kursiyerleri istihdam sonras\u0131 da takip ettiklerini s\u00f6yledi. Esen, projeye maddi destek sa\u011flayan Almanya\u2019daki Brot Gegen Not Vakf\u0131 ve Soroptimist Kul\u00fcb\u00fc\u2019ne, mek\u00e2n deste\u011fi sunan Bornova Belediyesi\u2019ne te\u015fekk\u00fcr etti.<\/p>\n<p><b>Jeanette Senghass: \u201cSertifikalar hayat boyu kap\u0131lar a\u00e7acak\u201d<\/b><\/p>\n<p><b>\u00a0<\/b>Zarurete Kar\u015f\u0131 Ekmek Vakf\u0131 (Brot Gegen Not) ad\u0131na konu\u015fan Jeanette Senghass, kursiyerlerin ortaya koydu\u011fu \u00fcr\u00fcnlerin ald\u0131klar\u0131 e\u011fitimin en somut g\u00f6stergesi oldu\u011funu belirtti. Vakf\u0131n temel amac\u0131n\u0131n insanlar\u0131n kendi kendilerine yetebilecek duruma gelmelerini sa\u011flamak oldu\u011funu vurgulayan Senghass, bu projeyle \u00e7ok say\u0131da kad\u0131na ula\u015fmaktan duyduklar\u0131 memnuniyeti dile getirdi.<\/p>\n<p><b>\u00a0Ba\u015fkonsolos Ralf Schr\u00f6er: \u201cKad\u0131n mezunlar\u0131n a\u011f\u0131rl\u0131\u011f\u0131 takdire \u015fayan\u201d<\/b><\/p>\n<p><b>\u00a0<\/b>Almanya Ba\u015fkonsolosu Ralf Schr\u00f6er, vakf\u0131n 26 y\u0131ld\u0131r d\u00fcnya genelinde dezavantajl\u0131 gen\u00e7lere \u00fccretsiz mesleki e\u011fitim sundu\u011funu belirtti. Mezunlar\u0131n b\u00fcy\u00fck \u00e7o\u011funlu\u011funun kad\u0131nlardan olu\u015fmas\u0131n\u0131n \u00f6zellikle dikkat \u00e7ekici oldu\u011funu ifade eden Schr\u00f6er, 114 mezuna meslek hayatlar\u0131nda ba\u015far\u0131lar diledi.<\/p>\n<p><b>\u00a0\u015eule Sak\u0131zo\u011flu: \u201cHamurdan umuda, gelece\u011fe a\u00e7\u0131lan bir yol\u201d<\/b><\/p>\n<p><b>\u00a0<\/b>\u0130zmir Soroptimist Kul\u00fcb\u00fc Ba\u015fkan\u0131 \u015eule Sak\u0131zo\u011flu, Soroptimist kul\u00fcplerinin 100 y\u0131l\u0131 a\u015fk\u0131n s\u00fcredir kad\u0131nlar\u0131n ya\u015famlar\u0131n\u0131 iyile\u015ftirmeye y\u00f6nelik \u00e7al\u0131\u015fmalar y\u00fcr\u00fctt\u00fc\u011f\u00fcn\u00fc belirtti. \u201cHamurdan Umuda\u201d projesiyle 114 kad\u0131n ve gen\u00e7 k\u0131za yeni bir gelecek yolu a\u00e7t\u0131klar\u0131n\u0131 vurgulayan Sak\u0131zo\u011flu, proje ortaklar\u0131na, e\u011fitmenlere ve Bornova Belediyesi\u2019ne te\u015fekk\u00fcr etti.<\/p>\n<p><b>Yasin Barut: \u201cKad\u0131n odakl\u0131 projeleri desteklemeye devam edece\u011fiz\u201d<\/b><\/p>\n<p>Bornova Belediyesi K\u00fclt\u00fcr, Sanat ve Sosyal \u0130\u015fler M\u00fcd\u00fcr\u00fc Yasin Barut, Bornova Belediye Ba\u015fkan\u0131 \u00d6mer E\u015fki\u2019nin 6 \u015eubat deprem anma programlar\u0131 nedeniyle t\u00f6rene kat\u0131lamad\u0131\u011f\u0131n\u0131 ve selamlar\u0131n\u0131 iletti\u011fini s\u00f6yledi. Projenin uzun soluklu ve \u00e7ok payda\u015fl\u0131 yap\u0131s\u0131na dikkat \u00e7eken Barut, \u00f6zellikle kad\u0131nlar\u0131n g\u00fc\u00e7lenmesine y\u00f6nelik projelere destek vermeyi s\u00fcrd\u00fcreceklerini ifade etti.<\/p>\n<p>\u00a0<\/p>\n<p>Kaynak: (BYZHA) Beyaz Haber Ajans\u0131<\/p>\n","protected":false},"excerpt":{"rendered":"<p>Bornova Belediyesi\u2019nin \u0130zmir \u015eekerciler ve Pastac\u0131lar Odas\u0131 i\u015fbirli\u011fi ve \u0130zmir Soroptimist Kul\u00fcb\u00fc\u2019n\u00fcn deste\u011fiyle hayata ge\u00e7irilen \u0130stihdam Garantili Pastac\u0131l\u0131k ve Ekmek\u00e7ilik Kursu ba\u015far\u0131yla tamamland\u0131.<\/p>\n","protected":false},"author":1,"featured_media":28067,"comment_status":"open","ping_status":"open","sticky":false,"template":"","format":"standard","meta":{"footnotes":""},"categories":[4],"tags":[233,1276,380,4264,237],"class_list":["post-28066","post","type-post","status-publish","format-standard","has-post-thumbnail","hentry","category-gundem","tag-egitim","tag-hayat","tag-kadin","tag-kursiyer","tag-proje"],"_links":{"self":[{"href":"https:\/\/bihavadis.com\/index.php\/wp-json\/wp\/v2\/posts\/28066","targetHints":{"allow":["GET"]}}],"collection":[{"href":"https:\/\/bihavadis.com\/index.php\/wp-json\/wp\/v2\/posts"}],"about":[{"href":"https:\/\/bihavadis.com\/index.php\/wp-json\/wp\/v2\/types\/post"}],"author":[{"embeddable":true,"href":"https:\/\/bihavadis.com\/index.php\/wp-json\/wp\/v2\/users\/1"}],"replies":[{"embeddable":true,"href":"https:\/\/bihavadis.com\/index.php\/wp-json\/wp\/v2\/comments?post=28066"}],"version-history":[{"count":1,"href":"https:\/\/bihavadis.com\/index.php\/wp-json\/wp\/v2\/posts\/28066\/revisions"}],"predecessor-version":[{"id":28068,"href":"https:\/\/bihavadis.com\/index.php\/wp-json\/wp\/v2\/posts\/28066\/revisions\/28068"}],"wp:featuredmedia":[{"embeddable":true,"href":"https:\/\/bihavadis.com\/index.php\/wp-json\/wp\/v2\/media\/28067"}],"wp:attachment":[{"href":"https:\/\/bihavadis.com\/index.php\/wp-json\/wp\/v2\/media?parent=28066"}],"wp:term":[{"taxonomy":"category","embeddable":true,"href":"https:\/\/bihavadis.com\/index.php\/wp-json\/wp\/v2\/categories?post=28066"},{"taxonomy":"post_tag","embeddable":true,"href":"https:\/\/bihavadis.com\/index.php\/wp-json\/wp\/v2\/tags?post=28066"}],"curies":[{"name":"wp","href":"https:\/\/api.w.org\/{rel}","templated":true}]}}