{"id":28138,"date":"2026-02-11T20:36:04","date_gmt":"2026-02-11T20:36:04","guid":{"rendered":"https:\/\/bihavadis.com\/?p=28138"},"modified":"2026-02-11T20:36:04","modified_gmt":"2026-02-11T20:36:04","slug":"uluslararasi-genc-isadamlari-kongresi-ugik26-is-dunyasi-sivil-toplum-ve-fikir-dunyasi-liderlerini-istanbulda-bulusturdu","status":"publish","type":"post","link":"https:\/\/bihavadis.com\/index.php\/2026\/02\/11\/uluslararasi-genc-isadamlari-kongresi-ugik26-is-dunyasi-sivil-toplum-ve-fikir-dunyasi-liderlerini-istanbulda-bulusturdu\/","title":{"rendered":"Uluslararas\u0131 Gen\u00e7 \u0130\u015fadamlar\u0131 Kongresi (UG\u0130K&#8217;26) i\u015f d\u00fcnyas\u0131, sivil toplum ve fikir d\u00fcnyas\u0131 liderlerini \u0130stanbul&#8217;da bulu\u015fturdu"},"content":{"rendered":"<p>T\u00fcrkiye\u2019nin en b\u00fcy\u00fck gen\u00e7lik sivil toplum kurulu\u015flar\u0131ndan biri olan Gen\u00e7 M\u00dcS\u0130AD, iki y\u0131lda bir d\u00fczenledi\u011fi UG\u0130K\u2019in 9\u2019uncusunu Wyndham Grand \u0130stanbul Levent Hotel\u2019de ger\u00e7ekle\u015ftirdi.\u00a0<\/p>\n<p><strong>\u201cFuture: Today\u201d<\/strong>\u00a0temas\u0131yla d\u00fczenlenen kongrede gelece\u011fin h\u0131zla bug\u00fcne yakla\u015ft\u0131\u011f\u0131 bu d\u00f6nemde, i\u015f d\u00fcnyas\u0131n\u0131n d\u00f6n\u00fc\u015fen dinamiklerinin nas\u0131l do\u011fru okunup bug\u00fcnden y\u00f6netebilece\u011fi ele al\u0131nd\u0131. G\u00fcn boyu s\u00fcren oturumlara ev sahipli\u011fi yapan\u00a0kongrenin a\u00e7\u0131l\u0131\u015f konu\u015fmalar\u0131\u00a0T.C. Cumhurba\u015fkanl\u0131\u011f\u0131 Yat\u0131r\u0131m ve Finans Ofisi Ba\u015fkan\u0131 A. Burak Da\u011fl\u0131o\u011flu, M\u00dcS\u0130AD Genel Ba\u015fkan\u0131 Burhan \u00d6zdemir, Gen\u00e7 M\u00dcS\u0130AD Ba\u015fkan\u0131 Ma\u011fsum Usta ve UG\u0130K \u0130cra Kurulu Ba\u015fkan\u0131 \u00d6mer Faruk \u00c7elik taraf\u0131ndan yap\u0131ld\u0131.<\/p>\n<p>Kongrenin a\u00e7\u0131l\u0131\u015f konu\u015fmalar\u0131n\u0131 yapan Da\u011fl\u0131o\u011flu, kongrenin mottosuna dikkati \u00e7ekerek, gelecekle bug\u00fcn aras\u0131nda zaman\u0131n getirdi\u011fi bir belirsizlik oldu\u011funu dile getirdi. \u00c7ok b\u00fcy\u00fck bir d\u00f6n\u00fc\u015f\u00fcm\u00fcn i\u00e7erisinden ge\u00e7ildi\u011fini ve bunun da getirdi\u011fi belirsizliklerin oldu\u011funu kaydeden Da\u011fl\u0131o\u011flu, bu ortam\u0131nda i\u015f yapman\u0131n, yol bulman\u0131n ve yol y\u00fcr\u00fcmenin herkesin yapabilece\u011fi bir i\u015f olmad\u0131\u011f\u0131n\u0131 s\u00f6yleyerek s\u00f6zlerine \u015f\u00f6yle devam etti:<\/p>\n<p>&#8220;Burada liderlik g\u00f6sterecek fig\u00fcrlere ihtiya\u00e7 var. Kimler belirsizlikte yol y\u00fcr\u00fcme cesaretine sahip? En \u00f6nemlisi giri\u015fimciler. Giri\u015fimci denince sadece i\u015f insan\u0131 olarak giri\u015fimcilik anla\u015f\u0131lmamas\u0131 laz\u0131m. Say\u0131n Cumhurba\u015fkan\u0131m\u0131z siyasette, diplomaside bence en b\u00fcy\u00fck giri\u015fimci \u00f6rne\u011fi. Bu bir ruh hali, bu bir zihin hali; bunu unutmayal\u0131m. &#8216;Sosyal giri\u015fimcilik&#8217; diye bir kavram var. Arkada\u015f \u00e7evrenizde de g\u00f6r\u00fcrs\u00fcn\u00fcz, o giri\u015fimci karakter vard\u0131r, hepimizi bir organize eder, bir yere do\u011fru g\u00f6t\u00fcr\u00fcr. Bunun ayn\u0131s\u0131 i\u015f d\u00fcnyas\u0131 i\u00e7in de ge\u00e7erli tabii ki sizlerin yapt\u0131\u011f\u0131 bu \u00e7al\u0131\u015fmalar bir giri\u015fimcilik \u00f6rne\u011fi olarak \u00e7ok k\u0131ymetli.&#8221;\u00a0<\/p>\n<p><strong>Burak Da\u011fl\u0131o\u011flu:\u00a0<\/strong><\/p>\n<p><strong>\u201cSadece 2025&#8217;te, erken a\u015famadaki teknoloji giri\u015fimlerine bu \u00fclkede 700 milyon dolara yak\u0131n yat\u0131r\u0131m yap\u0131ld\u0131&#8221;<\/strong><\/p>\n<p>Burak Da\u011fl\u0131o\u011flu, giri\u015fimcilerin maalesef bir toplumda \u00e7ok fazla bulunan bir profil olmad\u0131\u011f\u0131n\u0131 belirterek, bu y\u00fczden iyi giri\u015fimcinin en k\u0131ymetli varl\u0131klardan biri oldu\u011funu vurgulad\u0131.<\/p>\n<p>Ekonomide dinamonun asl\u0131nda iyi giri\u015fimciler ile ger\u00e7ekle\u015fti\u011fine dikkati \u00e7ekerek, sebebini \u015f\u00f6yle a\u00e7\u0131klad\u0131: \u201cB\u00fct\u00fcn o \u00fcretim fakt\u00f6rlerini bir araya getirecek, o i\u015fte liderlik etti\u011fi tak\u0131ma bir de\u011fer ortaya koydurtup bunu da bir ticari gelire d\u00f6n\u00fc\u015ft\u00fcrecek ki\u015fi asl\u0131nda bu iyi giri\u015fimci oluyor. Biz de kamu perspektifiyle devlet olarak bunun fark\u0131nday\u0131z ve sizlerin, giri\u015fimcilerin, iyi giri\u015fimcilerin yan\u0131nday\u0131z. Burada kamunun ve kamu i\u015ftiraki olan \u015firketlerimizin uygulad\u0131\u011f\u0131 bir\u00e7ok programla, politikayla \u00fclkemiz son d\u00f6nemde, \u00f6zellikle son 10-15 y\u0131lda b\u00fcy\u00fck mesafe katetti. \u00d6zellikle teknoloji giri\u015fimcili\u011fi alan\u0131ndaki b\u00fcy\u00fck ba\u015far\u0131lar\u0131 biliyoruz.&#8221; Unicorn olman\u0131n tek bir hedef olmad\u0131\u011f\u0131n\u0131, burada \u00f6nemli olan\u0131n nas\u0131l bir de\u011fer \u00fcretildi\u011fi, o etkinin nas\u0131l bir sonu\u00e7 do\u011furdu\u011fu oldu\u011funu kaydeden Da\u011fl\u0131o\u011flu, b\u00fct\u00fcn bu giri\u015fimcilik maceras\u0131nda devletin b\u00fct\u00fcn imkanlar\u0131yla, politikalar\u0131yla giri\u015fimcilerin yan\u0131nda oldu\u011funa i\u015faret ederek \u015f\u00f6yle konu\u015ftu: &#8220;\u015eimdi salonda uluslararas\u0131 misafirlerimiz de var; \u00d6zellikle biz T\u00fcrkiye&#8217;yi, \u0130stanbul&#8217;u yaln\u0131zca yerel giri\u015fimciler i\u00e7in de\u011fil, uluslararas\u0131 giri\u015fimciler i\u00e7in de bir merkez olarak g\u00f6r\u00fcyoruz. Son y\u0131llarda T\u00fcrkiye&#8217;nin b\u00f6lgesel bir giri\u015fimcilik merkezi oldu\u011funa dair \u00e7ok ba\u015far\u0131 hikayesi var. Ge\u00e7ti\u011fimiz y\u0131l sadece 2025&#8217;te, sadece erken a\u015famadaki teknoloji giri\u015fimlerine bu \u00fclkede\u00a0<strong>700 milyon dolara<\/strong>\u00a0yak\u0131n yat\u0131r\u0131m yap\u0131ld\u0131.&#8221;\u00a0<\/p>\n<p><strong>M\u00dcS\u0130AD Genel Ba\u015fkan\u0131 Burhan \u00d6zdemir:\u00a0<\/strong><\/p>\n<p><strong>\u201cGen\u00e7 i\u015f insanlar\u0131 sadece ekonomik akt\u00f6r de\u011fil, ayn\u0131 zamanda jeopolitik akt\u00f6r olmak zorundad\u0131r\u201d<\/strong><\/p>\n<p>A\u00e7\u0131l\u0131\u015f konu\u015fmalar\u0131n\u0131 yapan Burhan \u00d6zdemir, gen\u00e7 i\u015f insanlar\u0131n\u0131n yaln\u0131zca \u015firket kuran de\u011fil; etik kurallar in\u015fa eden, veriyi ve teknolojiyi adaletle y\u00f6neten, ekonomik g\u00fcc\u00fc toplumsal etkiye d\u00f6n\u00fc\u015ft\u00fcren ve oyunu yeniden yazan k\u00fcresel akt\u00f6rler olmas\u0131 gerekti\u011fini vurgulad\u0131. \u00a0 Veri ekonomisini kontrol edenlerin t\u00fcm d\u00fcnyadaki k\u00fclt\u00fcr\u00fc ve siyaseti belirleyeceklerini ifade eden Burhan \u00d6zdemir, \u201cSiz yaln\u0131zca \u015firket kuran de\u011fil, ayn\u0131 zamanda pazarlar sekt\u00f6rler hatta etik ticarette etik kurallar in\u015fa eden olmal\u0131s\u0131n\u0131z. Al\u0131nan, \u00fcretmeyen sadece rakamlarda kalan b\u00fcy\u00fcmeyi reddetmeli, sosyal ekonomik katmanlara da\u011f\u0131lmayan b\u00fcy\u00fcmeyi dikkate almamal\u0131, insan omurunu zedeleyen modeli terk etmelisiniz. \u0130\u015f insanlar\u0131n\u0131n g\u00f6revi sadece \u015firket kurmak de\u011fil, yeni toplum modelleri ve yeni toplum anlay\u0131\u015f\u0131 olu\u015fturmakt\u0131r. Ge\u00e7mi\u015fin cesaret verdi\u011fi risk almak demekti, bug\u00fcn ise cesaret etik kalabilmek, k\u0131sa vadeli kazanca hay\u0131r diyebilmek ve daha adil bir d\u00fczen i\u00e7in mevcut sistemin i\u00e7erisinde zorlay\u0131c\u0131 olabilmek. Bug\u00fcn cesaret UN\u0130CORN olmak de\u011fil, mevcut oyun alan\u0131n\u0131 de\u011fi\u015ftirebilmektir\u201d dedi.\u00a0<\/p>\n<p>\u00d6n\u00fcm\u00fczdeki y\u0131llar \u015firketlerin de\u011fil, teknolojinin, etik kurallar\u0131n ve finans bloklar\u0131n\u0131n belirleyici oldu\u011funu s\u00f6yleyen \u00d6zdemir, \u201cYapay zeka alt yap\u0131s\u0131n\u0131 kuran \u015firketler bug\u00fcn oldu\u011fu gibi devletlerden daha g\u00fc\u00e7l\u00fc. Enerji d\u00f6n\u00fc\u015f\u00fcm\u00fcn\u00fc y\u00f6neten giri\u015fimciler devletlerden daha \u00e7ok jeopoliti\u011fi de\u011fi\u015ftirme kapasitesine sahip olacaklar. Veri ekonomisini kontrol edenler t\u00fcm d\u00fcnyadaki k\u00fclt\u00fcr\u00fc ve siyaseti belirleyecekler. Gen\u00e7 i\u015f insanlar\u0131 sadece ekonomik akt\u00f6r de\u011fil, ayn\u0131 zamanda jeopolitik akt\u00f6r olmak zorundad\u0131r. Bunlar siz olmal\u0131s\u0131n\u0131z. Sizden \u00f6nceki ku\u015faklar sadece oyuna kat\u0131ld\u0131 siz ise oyunu yeniden yazmal\u0131s\u0131n\u0131z. Sizden \u00f6nceki ku\u015faklar servet biriktirdi siz g\u00fc\u00e7 ve anlam mimarisi kurgulamal\u0131s\u0131n\u0131z\u201d \u015feklinde konu\u015ftu.<\/p>\n<p><strong>Gen\u00e7 M\u00dcS\u0130AD Ba\u015fkan\u0131 Ma\u011fsum Usta: \u201cMesele ba\u015farmak de\u011fil, ba\u015far\u0131rken \u00f6z\u00fcn\u00fc kaybetmemektir\u201d<\/strong><\/p>\n<p>A\u00e7\u0131l\u0131\u015f konu\u015fmalar\u0131n\u0131 ger\u00e7ekle\u015ftiren Gen\u00e7 M\u00dcS\u0130AD Ba\u015fkan\u0131 Ma\u011fsum Usta, \u201cYeni nesil inan\u0131lmaz yetenekli; h\u0131zl\u0131 \u00f6\u011freniyor, cesur ve \u00f6zg\u00fcveni y\u00fcksek. Ama sahada en s\u0131k kar\u015f\u0131la\u015ft\u0131\u011f\u0131m\u0131z eksiklik ne biliyor musunuz? Sab\u0131r. Hemen cevap verme d\u00fcrt\u00fcs\u00fc, h\u0131zla fikir belirtme arzusu, \u00e7abucak \u00f6ne \u00e7\u0131kma iste\u011fi. Oysa b\u00fcy\u00fck liderlerin ortak bir al\u0131\u015fkanl\u0131\u011f\u0131 var: \u00d6nce susarlar, dinlerler, sonra da konu\u015furlar. Ve i\u015fte o al\u0131\u015fkanl\u0131k onlar\u0131 kalabal\u0131ktan ay\u0131r\u0131r. Bu fark\u0131 tarihte en net g\u00f6rd\u00fc\u011f\u00fcm\u00fcz \u00f6rnek; Fatih Sultan Mehmet\u2019in \u0130stanbul\u2019un fethindeki yakla\u015f\u0131m\u0131d\u0131r. \u00d6yle ki; &#8216;olmaz&#8217; diyen tecr\u00fcbeli isimleri neden olmaz dediklerini anlayacak kadar dinlemeyi bilmi\u015f, sonra da fikirlerini hayata ge\u00e7irecek cesareti ve metaneti g\u00f6stermi\u015ftir. \u00d6zetle; dinleyen lider sahay\u0131 okur ve hayali ger\u00e7e\u011fe d\u00f6n\u00fc\u015ft\u00fcr\u00fcr. Mevlana\u2019n\u0131n da bildi\u011fi gibi; &#8216;D\u00fcn d\u00fcnle kald\u0131 canca\u011f\u0131z\u0131m, bug\u00fcn yeni \u015feyler s\u00f6ylemek laz\u0131m&#8217; \u015fiar\u0131yla hareket ederek, bug\u00fcn buradan ayr\u0131l\u0131rken yan\u0131m\u0131za bilgi de\u011fil, bir niyet alal\u0131m. Daha iyi ve daha faydal\u0131 olmak i\u00e7in y\u00fcr\u00fcyelim. \u00c7\u00fcnk\u00fc insan\u0131n en b\u00fcy\u00fck yolculu\u011fu kendine do\u011fru olan\u0131d\u0131r. Ger\u00e7ek mesele ba\u015farmak de\u011fil, ba\u015far\u0131rken \u00f6z\u00fcn\u00fc kaybetmemektir\u201d ifadelerini kulland\u0131.<\/p>\n<p><strong>UG\u0130K \u0130cra Kurulu Ba\u015fkan\u0131 \u00d6mer Faruk<\/strong>\u00a0<strong>\u00c7elik:\u00a0<\/strong><\/p>\n<p><strong>\u201cH\u0131zl\u0131 t\u00fcketme arzusu, hayatlar\u0131m\u0131zdan m\u00fccadele ruhunu sessizce \u00e7ekip al\u0131yor\u201d<\/strong><\/p>\n<p>A\u00e7\u0131l\u0131\u015f konu\u015fmas\u0131nda konu\u015fan \u00c7elik, gen\u00e7lerin ya\u015fad\u0131\u011f\u0131 kimlik krizi, m\u00fccadele eksikli\u011fi ve etki odakl\u0131 ya\u015fam sorunlar\u0131na neden bug\u00fcnden \u00e7\u00f6z\u00fcm \u00fcretmesi gerekti\u011fini \u015fu ifadelerle anlatt\u0131: \u201cUG\u0130K, 18 y\u0131ll\u0131k k\u00f6kl\u00fc yolculu\u011funda her kongre d\u00f6neminde d\u00fcnya gen\u00e7li\u011fine g\u00fc\u00e7l\u00fc mesajlar vermi\u015f; her bir kat\u0131l\u0131mc\u0131s\u0131na yeni ufuklar, yeni vizyon pencereleri a\u00e7m\u0131\u015ft\u0131r. Biz de UG\u0130K 2026 i\u00e7in ekibimizle yeniden yola \u00e7\u0131kt\u0131\u011f\u0131m\u0131zda kendimize tek hedef koyduk; D\u00fcnya gen\u00e7li\u011fine yeniden g\u00fc\u00e7l\u00fc bir ses olmak, her bir kat\u0131l\u0131mc\u0131m\u0131z\u0131n hayat\u0131nda yeni vizyon kap\u0131lar\u0131 aralamak. Bu do\u011frultuda yapt\u0131\u011f\u0131m\u0131z saha ara\u015ft\u0131rmalar\u0131, odak grup \u00e7al\u0131\u015fmalar\u0131 ve k\u00fcresel trend analizleri neticesinde bu y\u0131l\u0131n mottosunu \u201cFuture:Today \/ \u201cGelecek:Bug\u00fcn\u201d olarak belirledik. Bu temay\u0131 se\u00e7erken bizler, yapt\u0131\u011f\u0131m\u0131z \u00e7al\u0131\u015fmalarda g\u00fcn\u00fcm\u00fcz gen\u00e7li\u011finin kar\u015f\u0131 kar\u015f\u0131ya oldu\u011fu \u00fc\u00e7 temel problem tespit ettik: Birincisi; gen\u00e7lerin kendini anlamland\u0131rma ve kimlik karma\u015fas\u0131 ya\u015famas\u0131. \u0130kincisi: M\u00fccadele k\u00fclt\u00fcr\u00fcn\u00fcn zay\u0131flamas\u0131. Haz ve h\u0131z \u00e7a\u011f\u0131nda ya\u015fad\u0131\u011f\u0131m\u0131z bu d\u00f6nemde her \u015feyi h\u0131zl\u0131 edinme ve h\u0131zl\u0131 t\u00fcketme arzusu, hayatlar\u0131m\u0131zdan m\u00fccadele ruhunu sessizce \u00e7ekip al\u0131yor. \u00dc\u00e7\u00fcnc\u00fc ve son problem ise etki odakl\u0131 bir ya\u015fam bi\u00e7iminin gen\u00e7lerin hayat\u0131nda yeterince yer bulamamas\u0131. Yani benmerkezci bir hayattan; d\u00fcnyaya kar\u015f\u0131 sorumluluk ta\u015f\u0131yan, \u00e7evresi \u00fczerinde etki b\u0131rakan bir gen\u00e7lik anlay\u0131\u015f\u0131na ge\u00e7i\u015f ihtiyac\u0131. \u0130\u015fte tam da bu noktada Gen\u00e7 M\u00dcS\u0130AD olarak \u015funu savunuyoruz: E\u011fer bug\u00fcn kendini bulmazsan, bug\u00fcn m\u00fccadele etmezsen, bug\u00fcn etki odakl\u0131 ya\u015famazsan gelece\u011fi ka\u00e7\u0131r\u0131rs\u0131n. \u00c7\u00fcnk\u00fc biz inan\u0131yoruz ki gelecek art\u0131k 3 y\u0131l sonra, 5 y\u0131l sonra yahut 10 y\u0131l sonra de\u011fil; gelecek tam da bug\u00fcn\u00fcn i\u00e7erisinde, hi\u00e7 olmad\u0131\u011f\u0131 kadar h\u0131zl\u0131 bir bi\u00e7imde ak\u0131yor. \u0130\u015fte bu y\u00fczden bu kongremizin mottosu: \u201cGelecek:Bug\u00fcn\u201d dedi.<\/p>\n<p><strong>Fuat Tosyal\u0131:\u00a0<\/strong><\/p>\n<p><strong>\u201cAvrupa&#8217;daki b\u00fct\u00fcn boru i\u015flerini; b\u00fct\u00fcn gaz, su, altyap\u0131lar\u0131n\u0131n borular\u0131n\u0131n tamam\u0131n\u0131 kar\u015f\u0131l\u0131yoruz\u201d<\/strong><\/p>\n<p>A\u00e7\u0131l\u0131\u015f konu\u015fmalar\u0131n\u0131n ard\u0131ndan, Sunucu \u015eafak T\u00fckle Uysal moderat\u00f6rl\u00fc\u011f\u00fcnde \u201cS\u00fcreklilik ve Yenilik\u201d ba\u015fl\u0131kl\u0131 oturumda\u00a0<strong>Tosyal\u0131 Holding Y\u00f6netim Kurulu Ba\u015fkan\u0131 Fuat Tosyal\u0131<\/strong>\u00a0yer ald\u0131.\u00a0<\/p>\n<p>Gen\u00e7lere i\u015flerini nas\u0131l b\u00fcy\u00fctt\u00fc\u011f\u00fcn\u00fc ve ilk sanayi yat\u0131r\u0131m\u0131na nas\u0131l ad\u0131m att\u0131\u011f\u0131n\u0131 anlatan Fuat Tosyal\u0131, \u201c\u00dc\u00e7-be\u015f tane boru daha fazla nas\u0131l yapar\u0131z, soba nas\u0131l yapar\u0131z, f\u0131r\u0131n nas\u0131l yapar\u0131z derken, ilk presi ald\u0131k. Fakat onu indirmeye \u0130skenderun&#8217;da vin\u00e7 bulamad\u0131k. Presi, Adana&#8217;dan vin\u00e7 getirttik ve indirdik. Elektrik yoktu, elektrik ba\u011flatt\u0131k d\u00fckkan\u0131m\u0131za. Velhas\u0131l daha fazla \u00fcretim yapay\u0131m ki oradan daha fazla ne alabilirim diye d\u00fc\u015f\u00fcnd\u00fcm. Bug\u00fcn dakikada 5000 metrenin \u00fczerinde boru \u00fcreten i\u015fletmelerimiz var. Avrupa&#8217;n\u0131n en b\u00fcy\u00fck \u00e7elik boru \u00fcreticisiyiz. Avrupa&#8217;daki b\u00fct\u00fcn boru i\u015flerini, b\u00fct\u00fcn gaz, su, altyap\u0131lar\u0131n\u0131n borular\u0131n\u0131n tamam\u0131n\u0131 kar\u015f\u0131l\u0131yoruz. \u00dclkemizde de biliyorsunuz TANAP&#8217;tan gelen Azerbaycan-T\u00fcrkiye boru hatt\u0131n\u0131n borular\u0131ndan tutun da hayat\u0131n i\u00e7erisindeki her \u015fey, \u015fu oturdu\u011funuz sandalyelerin profillerine kadar devaml\u0131 bizde \u00fcr\u00fcn i\u015fleniyor&#8221; dedi.<\/p>\n<p><strong>\u201cD\u00fcnyan\u0131n her taraf\u0131ndaki bu s\u00fcrd\u00fcr\u00fclebilir yat\u0131r\u0131mlar\u0131m\u0131zla gelece\u011fi kurguluyoruz\u201d<\/strong><\/p>\n<p>D\u00fcnyan\u0131n her taraf\u0131nda s\u00fcrd\u00fcr\u00fclebilir, \u00e7evreci ve teknoloji odakl\u0131 bir yap\u0131ya d\u00f6n\u00fc\u015ft\u00fcklerini ifade eden Tosyal\u0131, \u2018Gelecek:Bug\u00fcn&#8217; dedik. Biz bug\u00fcn asl\u0131nda gelece\u011fimizi in\u015fa ediyoruz. Bizim bug\u00fcn sadece \u00fclkemizde de\u011fil, d\u00fcnyan\u0131n her taraf\u0131ndaki bu s\u00fcrd\u00fcr\u00fclebilir yat\u0131r\u0131mlar\u0131m\u0131zla gelece\u011fi kurguluyoruz. Ama bunu yaparken de bir \u015feyi unutmuyoruz: D\u00fcnyan\u0131n en \u00e7evreci \u00e7eli\u011fini \u00fcretme hedefiyle yola \u00e7\u0131kt\u0131k. Bug\u00fcn d\u00fcnyan\u0131n en d\u00fc\u015f\u00fck karbon ayak izine sahip \u00e7eli\u011fini Tosyal\u0131 Holding \u00fcretiyor. Cezayir&#8217;deki tesisimiz, d\u00fcnyada do\u011fal gazla \u00e7al\u0131\u015fan ve hidrojen d\u00f6n\u00fc\u015f\u00fcm\u00fcne uygun en b\u00fcy\u00fck tesis. T\u00fcrkiye&#8217;deki tesisimiz tamamen yenilenebilir enerjiyle, g\u00fcne\u015f enerjisiyle beslenen bir yap\u0131ya sahip. \u0130\u015fin \u00f6zeti; o g\u00fcn o 9 metrekarelik d\u00fckkanda Fatih amcam\u0131n verdi\u011fi o vizyonla, &#8216;bu paradan ne kadar pay alabilirsin&#8217; hedefinden, bug\u00fcn d\u00fcnyan\u0131n her taraf\u0131nda s\u00fcrd\u00fcr\u00fclebilir, \u00e7evreci ve teknoloji odakl\u0131 bir yap\u0131ya d\u00f6n\u00fc\u015ft\u00fck. Ama heyecan\u0131m\u0131z hi\u00e7 bitmedi. Hala o g\u00fcnk\u00fc heyecanla her sabah i\u015fimize ba\u015fl\u0131yoruz.&#8221;<\/p>\n<p><strong>\u201cDost ve m\u00fcttefik \u00fclkelerimizin kendi tanklar\u0131n\u0131 da modernize etmeye ba\u015flad\u0131k\u201d<\/strong><\/p>\n<p>D\u00fcnyan\u0131n en ileri teknolojili tanklar\u0131n\u0131 \u00fcrettiklerini ifade eden Fuat Tosyal\u0131, \u201c43-44 sene evvel ben tank\u00e7\u0131yd\u0131m. Tank\u0131n arkas\u0131nda bir konu\u015fma tu\u015fu var; d\u0131\u015far\u0131dan tank\u0131n i\u00e7iyle i\u00e7 haberle\u015fme sistemi. Ama biz \u00f6yle bir hayal kuruyorduk ki &#8216;Ya bu telefonla acaba bir g\u00fcn d\u0131\u015far\u0131yla konu\u015fulur mu?&#8217; dedik. Fakat bug\u00fcn nasip oldu tank\u0131m\u0131z\u0131 \u00fcretmek. \u00a0\u00fclkemizin, d\u00fcnyan\u0131n en ileri teknolojili tanklar\u0131n\u0131 \u00fcretiyoruz. Kendi milli uydular\u0131m\u0131zla haberle\u015fen ve milli hava sistemlerimizle entegre olan, hi\u00e7 tamamen insan kontrol\u00fc olmayan, g\u00f6z hizas\u0131nda olmayan, g\u00f6r\u00fclmeyen hedefleri de vurabilen tamamen uydu kontrolle bir milli arac\u0131m\u0131z\u0131 \u00fcrettik. Sadece bunu \u00fcretmekle de kalm\u0131yoruz. B\u00fct\u00fcn dost ve m\u00fcttefik \u00fclkelerimizin kendi tanklar\u0131n\u0131 da modernize etmeye ba\u015flad\u0131k. Tabii bu savunma sanayindeki konular detayl\u0131 anlat\u0131lamaz ama geldi\u011fimiz nokta hakikaten kafam\u0131z\u0131 yast\u0131\u011f\u0131m\u0131za rahat koyabilmemizi sa\u011flayacak bir nokta diyebilirim\u201d diye konu\u015ftu.\u00a0<\/p>\n<p>Oturumda ayr\u0131ca gen\u00e7lere tavsiye olarak g\u00f6r\u00fc\u015f bildiren Fuat Tosyal\u0131, \u201cAnl\u0131k f\u0131rsatlardansa uzun vadeli vizyonun, b\u00fcy\u00fcmenin de\u011fil de s\u00fcrd\u00fcr\u00fclebilirli\u011fin, temkinli ad\u0131mlardansa cesur yat\u0131r\u0131m\u0131n, g\u00fc\u00e7l\u00fc ekiplerin \u00f6nemine dikkat \u00e7ekti.<\/p>\n<p><strong>T\u00fcrkiye Ye\u015filay Cemiyeti Genel Ba\u015fkan\u0131 Do\u00e7. Dr. Mehmet Din\u00e7:\u00a0<\/strong><\/p>\n<p><strong>\u201cSaadet dedi\u011fimiz \u015feyi parada, g\u00fc\u00e7te, \u00e7evrede, imk\u00e2nda, hazda arayabiliyoruz\u201d<\/strong><\/p>\n<p>Adem Metan moderat\u00f6rl\u00fc\u011f\u00fcnde ger\u00e7ekle\u015fen \u201cKendini Bul\u201d panelinde T\u00fcrkiye Ye\u015filay Cemiyeti Genel Ba\u015fkan\u0131 Do\u00e7. Dr. Mehmet Din\u00e7 ile \u0130hsan Fazl\u0131o\u011flu yer ald\u0131.\u00a0<\/p>\n<p>Saadetin para ve ba\u015far\u0131da de\u011fil; insan\u0131n anlam\u0131n\u0131 fark etmesinde yatt\u0131\u011f\u0131n\u0131, \u2018kendini bulma\u2019n\u0131n ise sonradan in\u015fa edilen bir ba\u015far\u0131 de\u011fil, do\u011fru yerde durmay\u0131 bilmek oldu\u011funu ifade eden Din\u00e7 \u015f\u00f6yle konu\u015ftu: \u201cSaadet dedi\u011fimiz \u015fey mutluk de\u011fil. Saadet dedi\u011fimiz \u015feyi parada, g\u00fc\u00e7te, \u00e7evrede, imk\u00e2nda, hazda arayabiliyoruz. Bu sefer de iyice kendimizi kaybediyoruz. Kelimelerin bir felsefesi derinli\u011fi var. Vukufiyet, bir konu \u00fczerine durmak demek. Maalesef biz kelimelerin felsefesini, derinli\u011fini, d\u00fc\u015f\u00fcnmeyle ilgili hakk\u0131n\u0131 vermedik. Kendini bul s\u00f6z\u00fc bizi \u015funu s\u00f6yl\u00fcyor; kendimizi kay\u0131p m\u0131 ettik? Bat\u0131 k\u00fclt\u00fcr\u00fcnde kendini bul ifadesi \u00e7ok yoktur. Giri\u015fimcilerde kendini yapm\u0131\u015f adam derler. \u00c7\u00fcnk\u00fc insan\u0131n kendini sonradan in\u015fa etti\u011fini bir alg\u0131 var. Bu alg\u0131 insan\u0131 kald\u0131ramayaca\u011f\u0131 y\u00fckler alt\u0131na s\u0131kan bir \u015fey. Ba\u015far\u0131y\u0131 da bu \u015fekilde d\u00fc\u015f\u00fcnmemiz laz\u0131m\u201d dedi.\u00a0<\/p>\n<p>\u0130hsan Fazl\u0131o\u011flu ise insan\u0131n kendini bulmas\u0131n\u0131n ney(e) tutundu\u011fuyla ilgili oldu\u011funu s\u00f6yleyerek \u015fu ifadeleri kulland\u0131: \u201cBir insan\u0131n kendini bulmas\u0131 hangi s\u00f6ze tutundu\u011fu ile alakal\u0131d\u0131r. Neye tutundu\u011funuz kendinizle alakal\u0131 kanaatinizin s\u0131f\u0131r zeminidir. Paraya tutunuyorsan\u0131z kendinizi orada bulursunuz. Makama tutunuyorsan\u0131z kendinizi orada bulursunuz. \u015eahsiyetin kelime anlam\u0131 \u2018\u00e7\u0131k\u0131nt\u0131\u2019 demek. Varl\u0131k sahnesinde i\u015faret edilebilir var olabilir haline d\u00f6n\u00fc\u015f\u00fcyorsunuz. Sizin \u015fahsiyetinizi tutundu\u011funuz dal, tutundu\u011funuz s\u00f6z veriyor.\u201d\u00a0<\/p>\n<p><strong>Akfen Holding\u2019in gelecek stratejileri konu\u015fuldu:Deneyim, yenilenme ve dijital d\u00f6n\u00fc\u015f\u00fcm<\/strong><\/p>\n<p>\u201cGe\u00e7mi\u015fi Kaybetmeden Gelece\u011fi Yeniden Yazmak\u201d panelinde; Rauf Ate\u015f moderat\u00f6rl\u00fc\u011f\u00fcnde,\u00a0<strong>Akfen Holding Y\u00f6netim Kurulu Ba\u015fkan\u0131 Hamdi Ak\u0131n<\/strong>,\u00a0<strong>Akfen Holding Y\u00f6netim Kurulu Ba\u015fkan Vekili Selim Ak\u0131n<\/strong>\u00a0ve\u00a0<strong>Akfen Holding Y\u00f6netim Kurulu \u00dcyesi Pelin Ak\u0131n \u00d6zalp<\/strong>\u00a0yer ald\u0131.<\/p>\n<p>Panelde konu\u015fma yapan Hamdi Ak\u0131n, kariyer yolculu\u011funda ya\u015f\u0131tlar\u0131ndan \u00e7ok kendisinden daha tecr\u00fcbeli isimlerle isti\u015fare etmeyi tercih etti\u011fini belirterek, ileriye d\u00f6n\u00fck kararlar\u0131nda deneyimli ki\u015filerin g\u00f6r\u00fc\u015flerini \u00f6nemseyerek hareket etti\u011fini s\u00f6yledi.<\/p>\n<p>Yenilenmeyi temel strateji olarak benimsediklerini belirterek, ge\u00e7mi\u015fte odaklanmad\u0131klar\u0131 alanlara yo\u011funla\u015ft\u0131klar\u0131n\u0131 ifade eden Akfen Holding Y\u00f6netim Kurulu Ba\u015fkan Vekili Selim Ak\u0131n ise mevcut g\u00fc\u00e7 ve verimliliklerini daha ileriye ta\u015f\u0131yacak yeni ad\u0131mlar \u00fczerinde s\u00fcrekli \u00e7al\u0131\u015ft\u0131klar\u0131n\u0131 s\u00f6yledi.\u00a0<\/p>\n<p>Pelin Ak\u0131n \u00d6zalp ise aile \u015firketlerinin k\u00f6kl\u00fc g\u00fcc\u00fcn\u00fc teknolojiyle modernize ederek holdingi dijital d\u00fcnyaya entegre etmeyi ve bu sayede gelece\u011fe haz\u0131rlamay\u0131 hedeflediklerini ifade etti. \u00d6zalp, \u201cArt\u0131k teknoloji diye bir ger\u00e7ek var ve \u00f6nlenemez bir \u015fey. Biz a\u00e7\u0131k\u00e7as\u0131 abimle ne kadar bunun i\u00e7inde olabiliriz, \u015firketlerimizi ne kadar buna katabiliriz ya da onlarla nas\u0131l bir i\u015f birli\u011fi yapabiliriz diye d\u00fc\u015f\u00fcn\u00fcyoruz. \u00a0Bizim katk\u0131 de\u011ferimizde teknoloji taraf\u0131nda ve gelece\u011fe haz\u0131rlanmak a\u00e7\u0131s\u0131ndan oluyor&#8221; ifadelerini kulland\u0131.\u00a0<\/p>\n<p><strong>Dev kongreye g\u00fc\u00e7l\u00fc sponsor deste\u011fi<\/strong><\/p>\n<p>Kongrenin Platin Sponsoru\u00a0<strong>RAMS T\u00fcrkiye<\/strong>, G\u00fcm\u00fc\u015f Sponsoru\u00a0<strong>Emlak Kat\u0131l\u0131m<\/strong>\u00a0ve\u00a0<strong>T\u00fcrkiye Sigorta,\u00a0<\/strong>Lounge Sponsoru\u00a0<strong>BAU HUB Incubation<\/strong>, Oturum Sponsoru\u00a0<strong>Trendyol go by Uber Eats,\u00a0<\/strong>Destek Sponsoru\u00a0<strong>Cabir Holding\u00a0<\/strong>oldu. Kongrenin Resmi \u0130leti\u015fim Sponsoru\u00a0<strong>TRT<\/strong>\u00a0olurken, Global \u0130leti\u015fim Orta\u011f\u0131\u00a0<strong>Anadolu Ajans\u0131 (AA)<\/strong>, Medya Sponsoru\u00a0<strong>Albayrak Medya<\/strong>\u00a0oldu.\u00a0<\/p>\n<p><strong>\u00a0<\/strong><\/p>\n<p>\u00a0<\/p>\n<p>Kaynak: (BYZHA) Beyaz Haber Ajans\u0131<\/p>\n","protected":false},"excerpt":{"rendered":"<p>T\u00fcrkiye\u2019nin en b\u00fcy\u00fck gen\u00e7lik sivil toplum kurulu\u015flar\u0131ndan biri olan Gen\u00e7 M\u00dcS\u0130AD, iki y\u0131lda bir d\u00fczenledi\u011fi UG\u0130K\u2019in 9\u2019uncusunu Wyndham Grand \u0130stanbul Levent Hotel\u2019de ger\u00e7ekle\u015ftirdi.\u00a0<\/p>\n","protected":false},"author":1,"featured_media":28139,"comment_status":"open","ping_status":"open","sticky":false,"template":"","format":"standard","meta":{"footnotes":""},"categories":[8],"tags":[437,340,2428,395,191],"class_list":["post-28138","post","type-post","status-publish","format-standard","has-post-thumbnail","hentry","category-ekonomi","tag-dunya","tag-genc","tag-girisimci","tag-is","tag-teknoloji"],"_links":{"self":[{"href":"https:\/\/bihavadis.com\/index.php\/wp-json\/wp\/v2\/posts\/28138","targetHints":{"allow":["GET"]}}],"collection":[{"href":"https:\/\/bihavadis.com\/index.php\/wp-json\/wp\/v2\/posts"}],"about":[{"href":"https:\/\/bihavadis.com\/index.php\/wp-json\/wp\/v2\/types\/post"}],"author":[{"embeddable":true,"href":"https:\/\/bihavadis.com\/index.php\/wp-json\/wp\/v2\/users\/1"}],"replies":[{"embeddable":true,"href":"https:\/\/bihavadis.com\/index.php\/wp-json\/wp\/v2\/comments?post=28138"}],"version-history":[{"count":1,"href":"https:\/\/bihavadis.com\/index.php\/wp-json\/wp\/v2\/posts\/28138\/revisions"}],"predecessor-version":[{"id":28140,"href":"https:\/\/bihavadis.com\/index.php\/wp-json\/wp\/v2\/posts\/28138\/revisions\/28140"}],"wp:featuredmedia":[{"embeddable":true,"href":"https:\/\/bihavadis.com\/index.php\/wp-json\/wp\/v2\/media\/28139"}],"wp:attachment":[{"href":"https:\/\/bihavadis.com\/index.php\/wp-json\/wp\/v2\/media?parent=28138"}],"wp:term":[{"taxonomy":"category","embeddable":true,"href":"https:\/\/bihavadis.com\/index.php\/wp-json\/wp\/v2\/categories?post=28138"},{"taxonomy":"post_tag","embeddable":true,"href":"https:\/\/bihavadis.com\/index.php\/wp-json\/wp\/v2\/tags?post=28138"}],"curies":[{"name":"wp","href":"https:\/\/api.w.org\/{rel}","templated":true}]}}