{"id":28165,"date":"2026-02-11T21:01:10","date_gmt":"2026-02-11T21:01:10","guid":{"rendered":"https:\/\/bihavadis.com\/?p=28165"},"modified":"2026-02-11T21:01:10","modified_gmt":"2026-02-11T21:01:10","slug":"arda-gulerin-nefis-pasinda-mbappe-imkansizi-basardi","status":"publish","type":"post","link":"https:\/\/bihavadis.com\/index.php\/2026\/02\/11\/arda-gulerin-nefis-pasinda-mbappe-imkansizi-basardi\/","title":{"rendered":"Arda G\u00fcler&#8217;in nefis pas\u0131nda Mbappe imkans\u0131z\u0131 ba\u015fard\u0131"},"content":{"rendered":"<p>\u0130spanya La Liga&#8217;n\u0131n 22. haftas\u0131nda Real Madrid, Santiago Berbabeu Stadyumu&#8217;nda Rayo Vallecona ile kar\u015f\u0131 kar\u015f\u0131ya geldi.<\/p>\n<p><b>ARDA&#8217;DAN NEF\u0130S B\u0130R PAS<\/b><\/p>\n<p>Skorun 1-1 devam etti\u011fi kar\u015f\u0131la\u015fman\u0131n 68. dakikas\u0131 oynan\u0131rken milli oyuncumuz Arda G\u00fcler, Frans\u0131z oyuncu Kylian Mbappe&#8217;ye nefis bir pas atarak y\u0131ld\u0131z ismi golle burun buruna b\u0131rakt\u0131. <\/p>\n<p><b>MBAPPE ZORU BA\u015eARDI<\/b><\/p>\n<p>Kaleciyle kar\u015f\u0131 kar\u015f\u0131ya kalan Mbappe, kalesini terk eden kaleciyi \u00e7al\u0131mlayarak ceza sahas\u0131 i\u00e7ine girdi. Frans\u0131z oyuncunun bo\u015f kaleye \u015futu \u00fcst direkten oyun alan\u0131na geri d\u00f6nd\u00fc. Mbappe, ka\u00e7\u0131rd\u0131\u011f\u0131 gol sonras\u0131 b\u00fcy\u00fck bir \u00fcz\u00fcnt\u00fc ya\u015fad\u0131. <\/p>\n<p><strong>\u0130\u015fte ka\u00e7an o pozisyon:<\/strong><\/p>\n<div>\n<figure><img decoding=\"async\" src=\"https:\/\/bihavadis.com\/wp-content\/uploads\/2026\/02\/arda-gulerin-nefis-pasinda-mbappe-imkansizi-basardi-0-EBDHnTyL.jpg\"\/><\/figure>\n<\/div>\n<div>\n<figure><img decoding=\"async\" src=\"https:\/\/bihavadis.com\/wp-content\/uploads\/2026\/02\/arda-gulerin-nefis-pasinda-mbappe-imkansizi-basardi-1-OpYO2t8O.jpg\"\/><\/figure>\n<\/div>\n<div>\n<figure><img decoding=\"async\" src=\"https:\/\/bihavadis.com\/wp-content\/uploads\/2026\/02\/arda-gulerin-nefis-pasinda-mbappe-imkansizi-basardi-2-qlhWO11a.jpg\"\/><\/figure>\n<\/div>\n<div>\n<figure><img decoding=\"async\" src=\"https:\/\/bihavadis.com\/wp-content\/uploads\/2026\/02\/arda-gulerin-nefis-pasinda-mbappe-imkansizi-basardi-3-U6Nbn1Hp.jpg\"\/><\/figure>\n<\/div>\n","protected":false},"excerpt":{"rendered":"<p>\u0130spanya La Liga&#8217;n\u0131n 22. haftas\u0131nda Real Madrid sahas\u0131nda Rayo Vallecona&#8217;yu konuk etti. Kar\u015f\u0131la\u015fman\u0131n 68. dakikas\u0131nda Arda G\u00fcler&#8217;in verdi\u011fi pasta topla bulu\u015fan Kylian Mbappe&#8217;nin bo\u015f kaleye \u015futunda kaleye isabet sa\u011flayamad\u0131.<\/p>\n","protected":false},"author":1,"featured_media":28166,"comment_status":"open","ping_status":"open","sticky":false,"template":"","format":"standard","meta":{"footnotes":""},"categories":[14],"tags":[],"class_list":["post-28165","post","type-post","status-publish","format-standard","has-post-thumbnail","hentry","category-spor"],"_links":{"self":[{"href":"https:\/\/bihavadis.com\/index.php\/wp-json\/wp\/v2\/posts\/28165","targetHints":{"allow":["GET"]}}],"collection":[{"href":"https:\/\/bihavadis.com\/index.php\/wp-json\/wp\/v2\/posts"}],"about":[{"href":"https:\/\/bihavadis.com\/index.php\/wp-json\/wp\/v2\/types\/post"}],"author":[{"embeddable":true,"href":"https:\/\/bihavadis.com\/index.php\/wp-json\/wp\/v2\/users\/1"}],"replies":[{"embeddable":true,"href":"https:\/\/bihavadis.com\/index.php\/wp-json\/wp\/v2\/comments?post=28165"}],"version-history":[{"count":1,"href":"https:\/\/bihavadis.com\/index.php\/wp-json\/wp\/v2\/posts\/28165\/revisions"}],"predecessor-version":[{"id":28171,"href":"https:\/\/bihavadis.com\/index.php\/wp-json\/wp\/v2\/posts\/28165\/revisions\/28171"}],"wp:featuredmedia":[{"embeddable":true,"href":"https:\/\/bihavadis.com\/index.php\/wp-json\/wp\/v2\/media\/28166"}],"wp:attachment":[{"href":"https:\/\/bihavadis.com\/index.php\/wp-json\/wp\/v2\/media?parent=28165"}],"wp:term":[{"taxonomy":"category","embeddable":true,"href":"https:\/\/bihavadis.com\/index.php\/wp-json\/wp\/v2\/categories?post=28165"},{"taxonomy":"post_tag","embeddable":true,"href":"https:\/\/bihavadis.com\/index.php\/wp-json\/wp\/v2\/tags?post=28165"}],"curies":[{"name":"wp","href":"https:\/\/api.w.org\/{rel}","templated":true}]}}