{"id":28257,"date":"2026-02-11T22:03:04","date_gmt":"2026-02-11T22:03:04","guid":{"rendered":"https:\/\/bihavadis.com\/?p=28257"},"modified":"2026-02-11T22:03:04","modified_gmt":"2026-02-11T22:03:04","slug":"karabaglar-surdurulebilir-ve-esit-bir-gelecek-icin-yola-cikti","status":"publish","type":"post","link":"https:\/\/bihavadis.com\/index.php\/2026\/02\/11\/karabaglar-surdurulebilir-ve-esit-bir-gelecek-icin-yola-cikti\/","title":{"rendered":"Karaba\u011flar, S\u00fcrd\u00fcr\u00fclebilir ve E\u015fit Bir Gelecek \u0130\u00e7in Yola \u00c7\u0131kt\u0131"},"content":{"rendered":"<p>Karaba\u011flar Belediyesi, taraf oldu\u011fu ulusal ve uluslararas\u0131 s\u00f6zle\u015fmeler do\u011frultusunda y\u00fcr\u00fctt\u00fc\u011f\u00fc iklim, e\u015fitlik ve sa\u011fl\u0131kl\u0131 kent \u00e7al\u0131\u015fmalar\u0131n\u0131 i\u00e7 payda\u015f toplant\u0131s\u0131nda de\u011ferlendirdi. SECAP, Yerel E\u015fitlik Eylem Plan\u0131 ile Sa\u011fl\u0131kl\u0131 Kent Profili ve Geli\u015fim Plan\u0131 ba\u015fl\u0131klar\u0131n\u0131n ele al\u0131nd\u0131\u011f\u0131 toplant\u0131da, mevcut \u00e7al\u0131\u015fmalar\u0131n geldi\u011fi a\u015fama ve izlenecek yol haritas\u0131 ele al\u0131nd\u0131.<\/p>\n<p>Belediye Ba\u015fkan\u0131 Helil K\u0131nay, ba\u015fkan yard\u0131mc\u0131lar\u0131, birim m\u00fcd\u00fcrleri ve amirlerin kat\u0131l\u0131m\u0131yla ger\u00e7ekle\u015ftirilen toplant\u0131da; Karaba\u011flar Belediyesi\u2019nin imzac\u0131s\u0131 oldu\u011fu Covenant of Mayors ve \u00fcyesi bulundu\u011fu T\u00fcrkiye Sa\u011fl\u0131kl\u0131 Kentler Birli\u011fi kapsam\u0131nda \u00fcstlendi\u011fi y\u00fck\u00fcml\u00fcl\u00fckler do\u011frultusunda haz\u0131rlanan planlar\u0131n, kurumsal sorumluluklar\u0131n bir gere\u011fi oldu\u011fu vurguland\u0131.<\/p>\n<p><b>SECAP\u2019ta Sona Yakla\u015f\u0131ld\u0131<\/b><\/p>\n<p>Toplant\u0131da, S\u00fcrd\u00fcr\u00fclebilir Enerji ve \u0130klim Eylem Plan\u0131 (SECAP) s\u00fcrecine ili\u015fkin g\u00fcncel bilgiler payla\u015f\u0131ld\u0131. Yap\u0131lan de\u011ferlendirmelerde, Karaba\u011flar\u2019da kentsel \u00f6l\u00e7ekte en y\u00fcksek karbon sal\u0131m\u0131n\u0131n ula\u015f\u0131m kaynakl\u0131 oldu\u011fu belirtildi. Kurumsal ve kentsel sera gaz\u0131 envanteri \u00e7al\u0131\u015fmalar\u0131n\u0131n b\u00fcy\u00fck \u00f6l\u00e7\u00fcde tamamland\u0131\u011f\u0131, kalan a\u015famalar\u0131n ard\u0131ndan SECAP raporunun tamamlanarak kamuoyuyla payla\u015f\u0131laca\u011f\u0131 ifade edildi.<\/p>\n<p>SECAP\u2019\u0131n tamamlanmas\u0131yla birlikte, Karaba\u011flar Belediyesi\u2019nin iklim kriziyle m\u00fccadele kapsam\u0131nda azalt\u0131m ve uyum eylemlerini i\u00e7eren yol haritas\u0131n\u0131n netle\u015fece\u011fi belirtildi.<\/p>\n<p><b>Yerel E\u015fitlik Eylem Plan\u0131 G\u00fcncelleniyor<\/b><\/p>\n<p>Yerel E\u015fitlik Eylem Plan\u0131 kapsam\u0131nda yap\u0131lan de\u011ferlendirmelerde, Karaba\u011flar Belediyesi\u2019nin bu alandaki kurumsal ge\u00e7mi\u015fine dikkat \u00e7ekildi. Daha \u00f6nce uygulanan eylem plan\u0131n\u0131n ard\u0131ndan yeni d\u00f6nemde e\u015fitlik \u00e7al\u0131\u015fmalar\u0131n\u0131n veriye dayal\u0131 bi\u00e7imde izlenmesi hedefleniyor.<\/p>\n<p>Yeni s\u00fcre\u00e7te; hizmetlere e\u015fit eri\u015fim, kad\u0131n-erkek kat\u0131l\u0131m oranlar\u0131, karar alma s\u00fcre\u00e7lerine kat\u0131l\u0131m ve kurumsal koordinasyonun g\u00fc\u00e7lendirilmesi planlan\u0131yor. Yerel E\u015fitlik Eylem Plan\u0131\u2019n\u0131n, d\u0131\u015f payda\u015flar\u0131n da dahil edilece\u011fi toplant\u0131larla birlikte tamamlanaca\u011f\u0131 belirtildi.<\/p>\n<p><b>Sa\u011fl\u0131kl\u0131 Kent Profili \u00c7al\u0131\u015fmalar\u0131 S\u00fcr\u00fcyor<\/b><\/p>\n<p>Toplant\u0131da ele al\u0131nan bir di\u011fer ba\u015fl\u0131k olan Sa\u011fl\u0131kl\u0131 Kent Profili ve Geli\u015fim Plan\u0131 kapsam\u0131nda ise; altyap\u0131, \u00e7evre, trafik g\u00fcvenli\u011fi, ya\u015fam kalitesi ve k\u0131r\u0131lgan gruplara y\u00f6nelik g\u00f6stergelerin b\u00fct\u00fcnc\u00fcl bir yakla\u015f\u0131mla ele al\u0131nd\u0131\u011f\u0131 ifade edildi.<\/p>\n<p>Bu \u00e7al\u0131\u015fmalar\u0131n, Karaba\u011flar Belediyesi\u2019nin T\u00fcrkiye Sa\u011fl\u0131kl\u0131 Kentler Birli\u011fi \u00fcyeli\u011fi kapsam\u0131nda y\u00fcr\u00fctt\u00fc\u011f\u00fc \u00e7al\u0131\u015fmalar\u0131n bir par\u00e7as\u0131 oldu\u011fu ve kentin sa\u011fl\u0131k alan\u0131ndaki mevcut durumunun verilerle ortaya konmas\u0131n\u0131 ama\u00e7lad\u0131\u011f\u0131 belirtildi.<\/p>\n<p><b>Ba\u015fkan K\u0131nay: \u201cPlanlar, Taahh\u00fctlerimizin Kar\u015f\u0131l\u0131\u011f\u0131d\u0131r\u201d<\/b><\/p>\n<p>Toplant\u0131n\u0131n kapan\u0131\u015f\u0131nda de\u011ferlendirmelerde bulunan Belediye Ba\u015fkan\u0131 Helil K\u0131nay, Karaba\u011flar\u2019\u0131n \u00f6nemli yap\u0131sal sorunlarla m\u00fccadele etti\u011fini ancak g\u00fc\u00e7l\u00fc bir d\u00f6n\u00fc\u015f\u00fcm potansiyeline sahip oldu\u011funu belirtti. Yap\u0131lan planlar\u0131n, ulusal ve uluslararas\u0131 d\u00fczeyde \u00fcstlenilen taahh\u00fctlerin gere\u011fi olarak haz\u0131rland\u0131\u011f\u0131n\u0131 ifade eden Ba\u015fkan K\u0131nay, \u00e7al\u0131\u015fmalar\u0131n veriyle desteklenmesinin \u00f6nemine dikkat \u00e7ekti.<\/p>\n<p><b>Mart Ay\u0131 Sonuna Kadar Tamamlanacak<\/b><\/p>\n<p>Toplant\u0131 sonunda al\u0131nan kararlar do\u011frultusunda; SECAP, Yerel E\u015fitlik Eylem Plan\u0131 ve Sa\u011fl\u0131kl\u0131 Kent Profili ve Geli\u015fim Plan\u0131 belgelerinin Mart ay\u0131 sonuna kadar tamamlanmas\u0131, y\u0131l i\u00e7erisinde d\u0131\u015f payda\u015f toplant\u0131lar\u0131n\u0131n yap\u0131lmas\u0131 ve planlar\u0131n kamuoyuna a\u00e7\u0131klanmas\u0131 hedefleniyor.<\/p>\n<p>Kaynak: (BYZHA) Beyaz Haber Ajans\u0131<\/p>\n","protected":false},"excerpt":{"rendered":"<p>Karaba\u011flar Belediyesi, taraf oldu\u011fu ulusal ve uluslararas\u0131 s\u00f6zle\u015fmeler do\u011frultusunda y\u00fcr\u00fctt\u00fc\u011f\u00fc iklim, e\u015fitlik ve sa\u011fl\u0131kl\u0131 kent \u00e7al\u0131\u015fmalar\u0131n\u0131 i\u00e7 payda\u015f toplant\u0131s\u0131nda de\u011ferlendirdi.<\/p>\n","protected":false},"author":1,"featured_media":28258,"comment_status":"open","ping_status":"open","sticky":false,"template":"","format":"standard","meta":{"footnotes":""},"categories":[4],"tags":[372,2846,1479,1004,4114],"class_list":["post-28257","post","type-post","status-publish","format-standard","has-post-thumbnail","hentry","category-gundem","tag-belediye","tag-calismalarin","tag-kapsaminda","tag-karabaglar","tag-plani"],"_links":{"self":[{"href":"https:\/\/bihavadis.com\/index.php\/wp-json\/wp\/v2\/posts\/28257","targetHints":{"allow":["GET"]}}],"collection":[{"href":"https:\/\/bihavadis.com\/index.php\/wp-json\/wp\/v2\/posts"}],"about":[{"href":"https:\/\/bihavadis.com\/index.php\/wp-json\/wp\/v2\/types\/post"}],"author":[{"embeddable":true,"href":"https:\/\/bihavadis.com\/index.php\/wp-json\/wp\/v2\/users\/1"}],"replies":[{"embeddable":true,"href":"https:\/\/bihavadis.com\/index.php\/wp-json\/wp\/v2\/comments?post=28257"}],"version-history":[{"count":1,"href":"https:\/\/bihavadis.com\/index.php\/wp-json\/wp\/v2\/posts\/28257\/revisions"}],"predecessor-version":[{"id":28259,"href":"https:\/\/bihavadis.com\/index.php\/wp-json\/wp\/v2\/posts\/28257\/revisions\/28259"}],"wp:featuredmedia":[{"embeddable":true,"href":"https:\/\/bihavadis.com\/index.php\/wp-json\/wp\/v2\/media\/28258"}],"wp:attachment":[{"href":"https:\/\/bihavadis.com\/index.php\/wp-json\/wp\/v2\/media?parent=28257"}],"wp:term":[{"taxonomy":"category","embeddable":true,"href":"https:\/\/bihavadis.com\/index.php\/wp-json\/wp\/v2\/categories?post=28257"},{"taxonomy":"post_tag","embeddable":true,"href":"https:\/\/bihavadis.com\/index.php\/wp-json\/wp\/v2\/tags?post=28257"}],"curies":[{"name":"wp","href":"https:\/\/api.w.org\/{rel}","templated":true}]}}