{"id":28501,"date":"2026-02-12T00:54:06","date_gmt":"2026-02-12T00:54:06","guid":{"rendered":"https:\/\/bihavadis.com\/?p=28501"},"modified":"2026-02-12T00:54:06","modified_gmt":"2026-02-12T00:54:06","slug":"abdnin-iran-politikalarina-protesto","status":"publish","type":"post","link":"https:\/\/bihavadis.com\/index.php\/2026\/02\/12\/abdnin-iran-politikalarina-protesto\/","title":{"rendered":"ABD&#8217;nin \u0130ran Politikalar\u0131na Protesto"},"content":{"rendered":"<p>K\u00fcresel Direni\u015f Platformu \u00fcyeleri, ABD&#8217;nin \u0130ran&#8217;a y\u00f6nelik politikalar\u0131n\u0131 protesto etmek i\u00e7in bas\u0131n a\u00e7\u0131klamas\u0131 yapt\u0131.<\/p>\n<p> Sar\u0131yer&#8217;deki ABD&#8217;nin \u0130stanbul Ba\u015fkonsoloslu\u011fu \u00f6n\u00fcnde bir araya gelen grup, ABD ve \u0130srail aleyhine sloganlar att\u0131.<\/p>\n<p>Grup ad\u0131na bas\u0131n a\u00e7\u0131klamas\u0131n\u0131 yapan K\u00fcresel Direni\u015f Platformu \u00dcyesi Birol Birgin, ABD&#8217;nin \u00f6zellikle \u0130ran&#8217;a y\u00f6nelik politikalar\u0131n\u0131n b\u00f6lgedeki \u00e7at\u0131\u015fmalar\u0131 derinle\u015ftirdi\u011fini s\u00f6yledi.<\/p>\n<p>Birgin, &#8220;ABD&#8217;nin \u0130ran&#8217;a y\u00f6nelik sald\u0131rgan politikalar\u0131, Irak&#8217;tan Filistin&#8217;e kadar co\u011frafyam\u0131zda d\u00f6k\u00fclen kanlar\u0131n devam\u0131d\u0131r. B\u00f6lge halklar\u0131 bu emperyalist dayatmalara kar\u015f\u0131 sessiz kalmayacakt\u0131r.&#8221; dedi.<\/p>\n<p>Birgin, t\u00fcm b\u00f6lge halklar\u0131na birlik \u00e7a\u011fr\u0131s\u0131nda bulunarak, ABD&#8217;nin &#8220;b\u00f6l ve par\u00e7ala&#8221; politikalar\u0131na kar\u015f\u0131 dayan\u0131\u015fman\u0131n \u00f6nemini dile getirdi.<\/p>\n<p>Gazeteci Nurettin \u015eirin ise insanl\u0131k vicdan\u0131 ve d\u00fcnya M\u00fcsl\u00fcmanlar\u0131 ad\u0131na bas\u0131n a\u00e7\u0131klamas\u0131nda bir araya geldiklerini s\u00f6yledi.<\/p>\n<p>\u015eirin, \u0130ran&#8217;da meydana gelen baz\u0131 olaylar\u0131n arkas\u0131nda ABD ve \u0130srail&#8217;in oldu\u011funu \u00f6ne s\u00fcrerek, &#8220;Bug\u00fcn d\u00fcnya halklar\u0131n\u0131n, \u0130slam \u00fcmmetinin \u00f6fkesini yans\u0131tmak ve y\u00fckseltmek i\u00e7in buraday\u0131z.&#8221; diye konu\u015ftu.<\/p>\n<p>Platform \u00fcyeleri, bir s\u00fcre slogan att\u0131ktan sonra da\u011f\u0131ld\u0131.<\/p>\n","protected":false},"excerpt":{"rendered":"<p>K\u00fcresel Direni\u015f Platformu, ABD&#8217;nin \u0130ran&#8217;a y\u00f6nelik politikalar\u0131n\u0131 protesto etti.<\/p>\n","protected":false},"author":1,"featured_media":28502,"comment_status":"open","ping_status":"open","sticky":false,"template":"","format":"standard","meta":{"footnotes":""},"categories":[9,4,13],"tags":[2075],"class_list":["post-28501","post","type-post","status-publish","format-standard","has-post-thumbnail","hentry","category-genel","category-gundem","category-son-dakika","tag-abdnin"],"_links":{"self":[{"href":"https:\/\/bihavadis.com\/index.php\/wp-json\/wp\/v2\/posts\/28501","targetHints":{"allow":["GET"]}}],"collection":[{"href":"https:\/\/bihavadis.com\/index.php\/wp-json\/wp\/v2\/posts"}],"about":[{"href":"https:\/\/bihavadis.com\/index.php\/wp-json\/wp\/v2\/types\/post"}],"author":[{"embeddable":true,"href":"https:\/\/bihavadis.com\/index.php\/wp-json\/wp\/v2\/users\/1"}],"replies":[{"embeddable":true,"href":"https:\/\/bihavadis.com\/index.php\/wp-json\/wp\/v2\/comments?post=28501"}],"version-history":[{"count":1,"href":"https:\/\/bihavadis.com\/index.php\/wp-json\/wp\/v2\/posts\/28501\/revisions"}],"predecessor-version":[{"id":28503,"href":"https:\/\/bihavadis.com\/index.php\/wp-json\/wp\/v2\/posts\/28501\/revisions\/28503"}],"wp:featuredmedia":[{"embeddable":true,"href":"https:\/\/bihavadis.com\/index.php\/wp-json\/wp\/v2\/media\/28502"}],"wp:attachment":[{"href":"https:\/\/bihavadis.com\/index.php\/wp-json\/wp\/v2\/media?parent=28501"}],"wp:term":[{"taxonomy":"category","embeddable":true,"href":"https:\/\/bihavadis.com\/index.php\/wp-json\/wp\/v2\/categories?post=28501"},{"taxonomy":"post_tag","embeddable":true,"href":"https:\/\/bihavadis.com\/index.php\/wp-json\/wp\/v2\/tags?post=28501"}],"curies":[{"name":"wp","href":"https:\/\/api.w.org\/{rel}","templated":true}]}}