{"id":28522,"date":"2026-02-12T01:12:04","date_gmt":"2026-02-12T01:12:04","guid":{"rendered":"https:\/\/bihavadis.com\/?p=28522"},"modified":"2026-02-12T01:12:04","modified_gmt":"2026-02-12T01:12:04","slug":"sosyal-inovasyon-ajansi-asrin-insasi-guclu-turkiyenin-ihya-vizyonu-paneline-katildi","status":"publish","type":"post","link":"https:\/\/bihavadis.com\/index.php\/2026\/02\/12\/sosyal-inovasyon-ajansi-asrin-insasi-guclu-turkiyenin-ihya-vizyonu-paneline-katildi\/","title":{"rendered":"Sosyal \u0130novasyon Ajans\u0131 &#8220;Asr\u0131n \u0130n\u015fas\u0131: G\u00fc\u00e7l\u00fc T\u00fcrkiye&#8217;nin \u0130hya Vizyonu Paneli&#8221;ne Kat\u0131ld\u0131"},"content":{"rendered":"<p><strong>Konya B\u00fcy\u00fck\u015fehir Belediyesi Sosyal \u0130novasyon Ajans\u0131, Cumhurba\u015fkanl\u0131\u011f\u0131 \u0130leti\u015fim Ba\u015fkanl\u0131\u011f\u0131 taraf\u0131ndan Ankara\u2019da d\u00fczenlenen \u201cAsr\u0131n \u0130n\u015fas\u0131: G\u00fc\u00e7l\u00fc T\u00fcrkiye\u2019nin \u0130hya Vizyonu Paneli\u201dne kat\u0131ld\u0131. \u00c7evre, \u015eehircilik ve \u0130klim De\u011fi\u015fikli\u011fi Bakan\u0131 Murat Kurum ile Cumhurba\u015fkanl\u0131\u011f\u0131 \u0130leti\u015fim Ba\u015fkan\u0131 Burhanettin Duran\u2019\u0131n da kat\u0131ld\u0131\u011f\u0131 panel, afet sonras\u0131 ileti\u015fim stratejileri, toplumsal dayan\u0131\u015fma ve gelece\u011fe d\u00f6n\u00fck vizyonun aktar\u0131lmas\u0131 amac\u0131yla ger\u00e7ekle\u015ftirildi.<\/strong><\/p>\n<hr\/>\n<p>Konya B\u00fcy\u00fck\u015fehir Belediyesi ve Necmettin Erbakan \u00dcniversitesi i\u015f birli\u011fiyle faaliyetlerini y\u00fcr\u00fcten Sosyal \u0130novasyon Ajans\u0131 (S\u0130A), \u201cAsr\u0131n \u0130n\u015fas\u0131: G\u00fc\u00e7l\u00fc T\u00fcrkiye\u2019nin \u0130hya Vizyonu Paneli\u201dne kat\u0131ld\u0131.<\/p>\n<p>Ankara\u2019da Cumhurba\u015fkanl\u0131\u011f\u0131 \u0130leti\u015fim Ba\u015fkanl\u0131\u011f\u0131 taraf\u0131ndan d\u00fczenlenen \u201cAsr\u0131n \u0130n\u015fas\u0131: G\u00fc\u00e7l\u00fc T\u00fcrkiye\u2019nin \u0130hya Vizyonu Paneli\u201d, afet sonras\u0131 ileti\u015fim stratejileri, toplumsal dayan\u0131\u015fma ve gelece\u011fe d\u00f6n\u00fck vizyonun aktar\u0131lmas\u0131 amac\u0131yla ger\u00e7ekle\u015ftirildi.\u00a0<\/p>\n<p>\u00c7evre, \u015eehircilik ve \u0130klim De\u011fi\u015fikli\u011fi Bakan\u0131 Murat Kurum ile Cumhurba\u015fkanl\u0131\u011f\u0131 \u0130leti\u015fim Ba\u015fkan\u0131 Burhanettin Duran\u2019\u0131n da kat\u0131ld\u0131\u011f\u0131 panelde Konya B\u00fcy\u00fck\u015fehir Belediyesi Sosyal \u0130novasyon Ajans\u0131, uluslararas\u0131 d\u00fczeyde y\u00fcr\u00fctt\u00fc\u011f\u00fc Disaster Journalism (Afet Habercili\u011fi) projesi \u00e7er\u00e7evesinde \u201cAfet Habercili\u011fi: Haberi Felakete D\u00f6n\u00fc\u015ft\u00fcrmeden \u00d6nleme\u201d ba\u015fl\u0131kl\u0131 bir sunum yapt\u0131.<\/p>\n<p>Sunumda; afet anlar\u0131nda medyan\u0131n rol\u00fc, do\u011fru ve sorumlu haber dilinin \u00f6nemi ile kriz ileti\u015fiminin esaslar\u0131 ele al\u0131nd\u0131. Bu yakla\u015f\u0131m\u0131n, afet s\u00fcre\u00e7lerinde bilgi kirlili\u011fini \u00f6nlemede ve toplumun bilin\u00e7lendirilmesi de kritik rol oynad\u0131\u011f\u0131 vurguland\u0131.<\/p>\n<p>S\u0130A\u2019n\u0131n yer ald\u0131\u011f\u0131 bu proje; Konya B\u00fcy\u00fck\u015fehir Belediyesi, Sel\u00e7uk \u00dcniversitesi \u0130leti\u015fim Fak\u00fcltesi, RT\u00dcK ile Slovenya Primorska \u00dcniversitesi, Ukrayna Kiev \u00dcniversitesi ve \u0130spanya Vigo \u00dcniversitesi gibi uluslararas\u0131 akademik kurumlar\u0131n ortakl\u0131\u011f\u0131yla devam ediyor.\u00a0<\/p>\n<p>Bu i\u015f birli\u011fi, afet ileti\u015fimi alan\u0131nda nitelikli e\u011fitim, standartlar geli\u015ftirme ve medya profesyonellerini haz\u0131rlama hedefiyle s\u00fcrd\u00fcr\u00fcl\u00fcyor.<\/p>\n<p>\u00a0<\/p>\n<p>\u00a0<\/p>\n<p>Kaynak: (BYZHA) Beyaz Haber Ajans\u0131<\/p>\n","protected":false},"excerpt":{"rendered":"<p>Konya B\u00fcy\u00fck\u015fehir Belediyesi Sosyal \u0130novasyon Ajans\u0131, Cumhurba\u015fkanl\u0131\u011f\u0131 \u0130leti\u015fim Ba\u015fkanl\u0131\u011f\u0131 taraf\u0131ndan Ankara\u2019da d\u00fczenlenen \u201cAsr\u0131n \u0130n\u015fas\u0131: G\u00fc\u00e7l\u00fc T\u00fcrkiye\u2019nin \u0130hya Vizyonu Paneli\u201dne kat\u0131ld\u0131.<\/p>\n","protected":false},"author":1,"featured_media":28523,"comment_status":"open","ping_status":"open","sticky":false,"template":"","format":"standard","meta":{"footnotes":""},"categories":[4],"tags":[1194,1414,932,4555],"class_list":["post-28522","post","type-post","status-publish","format-standard","has-post-thumbnail","hentry","category-gundem","tag-afet","tag-iletisim","tag-universitesi","tag-vizyonu"],"_links":{"self":[{"href":"https:\/\/bihavadis.com\/index.php\/wp-json\/wp\/v2\/posts\/28522","targetHints":{"allow":["GET"]}}],"collection":[{"href":"https:\/\/bihavadis.com\/index.php\/wp-json\/wp\/v2\/posts"}],"about":[{"href":"https:\/\/bihavadis.com\/index.php\/wp-json\/wp\/v2\/types\/post"}],"author":[{"embeddable":true,"href":"https:\/\/bihavadis.com\/index.php\/wp-json\/wp\/v2\/users\/1"}],"replies":[{"embeddable":true,"href":"https:\/\/bihavadis.com\/index.php\/wp-json\/wp\/v2\/comments?post=28522"}],"version-history":[{"count":1,"href":"https:\/\/bihavadis.com\/index.php\/wp-json\/wp\/v2\/posts\/28522\/revisions"}],"predecessor-version":[{"id":28524,"href":"https:\/\/bihavadis.com\/index.php\/wp-json\/wp\/v2\/posts\/28522\/revisions\/28524"}],"wp:featuredmedia":[{"embeddable":true,"href":"https:\/\/bihavadis.com\/index.php\/wp-json\/wp\/v2\/media\/28523"}],"wp:attachment":[{"href":"https:\/\/bihavadis.com\/index.php\/wp-json\/wp\/v2\/media?parent=28522"}],"wp:term":[{"taxonomy":"category","embeddable":true,"href":"https:\/\/bihavadis.com\/index.php\/wp-json\/wp\/v2\/categories?post=28522"},{"taxonomy":"post_tag","embeddable":true,"href":"https:\/\/bihavadis.com\/index.php\/wp-json\/wp\/v2\/tags?post=28522"}],"curies":[{"name":"wp","href":"https:\/\/api.w.org\/{rel}","templated":true}]}}