{"id":28529,"date":"2026-02-12T01:18:05","date_gmt":"2026-02-12T01:18:05","guid":{"rendered":"https:\/\/bihavadis.com\/?p=28529"},"modified":"2026-02-12T01:18:05","modified_gmt":"2026-02-12T01:18:05","slug":"yeni-adalet-binalari-ihalesi-yapilacak","status":"publish","type":"post","link":"https:\/\/bihavadis.com\/index.php\/2026\/02\/12\/yeni-adalet-binalari-ihalesi-yapilacak\/","title":{"rendered":"Yeni Adalet Binalar\u0131 \u0130halesi Yap\u0131lacak"},"content":{"rendered":"<p>Adalet Bakan\u0131 Y\u0131lmaz Tun\u00e7, &#8220;Adalet binam\u0131z, 22 bin 100 metrekare kullan\u0131m alan\u0131, bodrum, zemin ve 4 kat, 45 hakim ve cumhuriyet savc\u0131s\u0131 odas\u0131, 19 duru\u015fma salonu, 100 ki\u015filik toplant\u0131 ve konferans salonu, 200 ara\u00e7l\u0131k otoparktan olu\u015facak&#8221; dedi.<\/p>\n<p>Adalet Bakan\u0131 Y\u0131lmaz Tun\u00e7, Bilecik ve Manisa&#8217;n\u0131n Ala\u015fehir il\u00e7esinde yap\u0131lacak adalet binalar\u0131n\u0131n ihalesinin yar\u0131n ger\u00e7ekle\u015ftirilece\u011fini duyurdu. Sosyal medya hesab\u0131ndan yapt\u0131\u011f\u0131 payla\u015f\u0131mda adalet hizmetlerinin sunumunun kalitesini art\u0131rmak i\u00e7in ad\u0131mlar\u0131 kararl\u0131l\u0131kla atmaya devam ettiklerini belirten Bakan Tun\u00e7, \u015fehirlere yeni adalet binalar\u0131 kazand\u0131rd\u0131klar\u0131n\u0131 ve fiziki kapasiteyi g\u00fc\u00e7lendirdiklerini belirtti. Bilecik adalet binas\u0131n\u0131n yap\u0131m ihalesinin yar\u0131n ger\u00e7ekle\u015ftirilece\u011fini ifade eden Bakan Tun\u00e7, \u015funlar\u0131 kaydetti: <\/p>\n<p>&#8220;Adalet binam\u0131z, 22 bin 100 metrekare kullan\u0131m alan\u0131, bodrum, zemin ve 4 kat, 45 hakim ve cumhuriyet savc\u0131s\u0131 odas\u0131, 19 duru\u015fma salonu, 100 ki\u015filik toplant\u0131 ve konferans salonu, 200 ara\u00e7l\u0131k otoparktan olu\u015facak. Depreme dayan\u0131kl\u0131, modern, teknolojinin t\u00fcm imkanlar\u0131n\u0131n kullan\u0131laca\u011f\u0131 Bilecik adalet binam\u0131z\u0131n \u015fimdiden \u015fehrimize ve \u00fclkemize hay\u0131rl\u0131 olmas\u0131n\u0131 diliyorum.&#8221;<\/p>\n<p>Manisa Ala\u015fehir adalet binas\u0131n\u0131n yap\u0131m ihalesinin de yar\u0131n ger\u00e7ekle\u015ftirilece\u011fini belirten Bakan Tun\u00e7, &#8220;Ala\u015fehir adalet binam\u0131z, 21 bin 776 metrekare kullan\u0131m alan\u0131, bodrum, zemin ve 4 kat, 39 hakim ve cumhuriyet savc\u0131s\u0131 odas\u0131, 12 duru\u015fma salonu, 106 ki\u015filik toplant\u0131 ve konferans salonu, 186 ara\u00e7l\u0131k kapal\u0131 ve a\u00e7\u0131k otoparktan olu\u015facak. \u0130halenin ard\u0131ndan en k\u0131sa s\u00fcrede temelini ataca\u011f\u0131m\u0131z Ala\u015fehir adalet binam\u0131z\u0131n il\u00e7emize, \u015fehrimize ve \u00fclkemize hay\u0131rl\u0131 u\u011furlu olmas\u0131n\u0131 diliyorum&#8221; ifadelerini kulland\u0131. &#8211; ANKARA<\/p>\n","protected":false},"excerpt":{"rendered":"<p>Bakan Tun\u00e7, Bilecik ve Ala\u015fehir&#8217;de yeni adalet binalar\u0131n\u0131n ihalesinin yar\u0131n yap\u0131laca\u011f\u0131n\u0131 duyurdu.<\/p>\n","protected":false},"author":1,"featured_media":28530,"comment_status":"open","ping_status":"open","sticky":false,"template":"","format":"standard","meta":{"footnotes":""},"categories":[12],"tags":[3234,436,4434,2204],"class_list":["post-28529","post","type-post","status-publish","format-standard","has-post-thumbnail","hentry","category-siyaset","tag-adalet","tag-bakan","tag-salonu","tag-tunc"],"_links":{"self":[{"href":"https:\/\/bihavadis.com\/index.php\/wp-json\/wp\/v2\/posts\/28529","targetHints":{"allow":["GET"]}}],"collection":[{"href":"https:\/\/bihavadis.com\/index.php\/wp-json\/wp\/v2\/posts"}],"about":[{"href":"https:\/\/bihavadis.com\/index.php\/wp-json\/wp\/v2\/types\/post"}],"author":[{"embeddable":true,"href":"https:\/\/bihavadis.com\/index.php\/wp-json\/wp\/v2\/users\/1"}],"replies":[{"embeddable":true,"href":"https:\/\/bihavadis.com\/index.php\/wp-json\/wp\/v2\/comments?post=28529"}],"version-history":[{"count":1,"href":"https:\/\/bihavadis.com\/index.php\/wp-json\/wp\/v2\/posts\/28529\/revisions"}],"predecessor-version":[{"id":28531,"href":"https:\/\/bihavadis.com\/index.php\/wp-json\/wp\/v2\/posts\/28529\/revisions\/28531"}],"wp:featuredmedia":[{"embeddable":true,"href":"https:\/\/bihavadis.com\/index.php\/wp-json\/wp\/v2\/media\/28530"}],"wp:attachment":[{"href":"https:\/\/bihavadis.com\/index.php\/wp-json\/wp\/v2\/media?parent=28529"}],"wp:term":[{"taxonomy":"category","embeddable":true,"href":"https:\/\/bihavadis.com\/index.php\/wp-json\/wp\/v2\/categories?post=28529"},{"taxonomy":"post_tag","embeddable":true,"href":"https:\/\/bihavadis.com\/index.php\/wp-json\/wp\/v2\/tags?post=28529"}],"curies":[{"name":"wp","href":"https:\/\/api.w.org\/{rel}","templated":true}]}}