{"id":28583,"date":"2026-02-12T02:03:08","date_gmt":"2026-02-12T02:03:08","guid":{"rendered":"https:\/\/bihavadis.com\/?p=28583"},"modified":"2026-02-12T02:03:08","modified_gmt":"2026-02-12T02:03:08","slug":"marmara-ve-trakya-icin-olumsuz-hava-uyarisi","status":"publish","type":"post","link":"https:\/\/bihavadis.com\/index.php\/2026\/02\/12\/marmara-ve-trakya-icin-olumsuz-hava-uyarisi\/","title":{"rendered":"Marmara ve Trakya i\u00e7in olumsuz hava uyar\u0131s\u0131"},"content":{"rendered":"<p>Meteoroloji yar\u0131n Marmara i\u00e7in kuvvetli f\u0131rt\u0131na, Trakya i\u00e7in de yo\u011fun kar ya\u011f\u0131\u015f\u0131 uyar\u0131s\u0131 yapt\u0131. \u0130stanbul Valili\u011fi de saatteki h\u0131z\u0131 yer yer 80 kilometreye ula\u015facak f\u0131rt\u0131nada ya\u015fanabilecek \u00e7at\u0131 u\u00e7mas\u0131, a\u011fa\u00e7 devrilmesi gibi olumsuzluklara kar\u015f\u0131 dikkatli olunmas\u0131n\u0131 istedi.<\/p>\n<p>Meteoroloji Genel M\u00fcd\u00fcrl\u00fc\u011f\u00fc, pazartesi g\u00fcn\u00fc, Marmara&#8217;da beklenen r\u00fczgar\u0131n \u0130stanbul, Yalova, K\u0131rklareli, Tekirda\u011f ve \u00c7anakkale \u00e7evreleri ile Edirne&#8217;nin g\u00fcney, Bursa ve Bal\u0131kesir&#8217;in kuzey kesimlerinde kuzey y\u00f6nlerden kuvvetli r\u00fczgar ve yer yer f\u0131rt\u0131na (50-70 km\/saat, yer yer 80 km\/saat) \u015feklinde esmesinin beklendi\u011fini duyurdu. Duyuruda, f\u0131rt\u0131nayla birlikte ula\u015f\u0131mda aksamalar, \u00e7at\u0131 u\u00e7mas\u0131 ve a\u011fa\u00e7 devrilmesi gibi olumsuzluklara kar\u015f\u0131 dikkatli ve tedbirli olunmas\u0131 istendi.<\/p>\n<p><b>METEOROLOJ\u0130DEN KUVVETL\u0130 KAR UYARISI<\/b><\/p>\n<p>Meteoroloji Trakya i\u00e7in de yo\u011fun kar uyar\u0131s\u0131 yapt\u0131, kar kal\u0131nl\u0131\u011f\u0131n\u0131n 10-20 santimetreye ula\u015fabilece\u011fini duyurdu. A\u00e7\u0131klama \u015f\u00f6yle: &#8220;Trakya&#8217;da ya\u011fmur \u015feklinde ba\u015flayacak ya\u011f\u0131\u015flar\u0131n, yar\u0131n (02.02.2026 Pazartesi) sabah saatlerinden itibaren Edirne&#8217;nin g\u00fcney kesimleri ba\u015fta olmak \u00fczere il geneli, Tekirda\u011f&#8217;\u0131n kuzey ve bat\u0131 kesimleri ile K\u0131rklareli&#8217;nin kuzey kesimlerinde kuvvetli (10-20 cm) karla kar\u0131\u015f\u0131k ya\u011fmur ve kar \u015feklinde olmas\u0131 bekleniyor. Ya\u011f\u0131\u015flar\u0131n ak\u015fam saatlerine kadar etkisini s\u00fcrd\u00fcrmesi beklendi\u011finden ula\u015f\u0131mda aksamalar, buzlanma ve don ile y\u00fckseklerde tipi gibi olumsuzluklara kar\u015f\u0131 dikkatli ve tedbirli olunmal\u0131d\u0131r.&#8221;<\/p>\n<p><b>\u0130STANBUL VAL\u0130L\u0130\u011e\u0130&#8217;NDEN UYARI GELD\u0130<\/b><\/p>\n<p>\u0130stanbul Valili\u011fi&#8217;nin ilgili uyar\u0131s\u0131 da \u015fu \u015fekilde: &#8220;Meteoroloji Genel M\u00fcd\u00fcrl\u00fc\u011f\u00fc&#8217;n\u00fcn de\u011ferlendirmelerine g\u00f6re; 02 \u015eubat Pazartesi g\u00fcn\u00fc (Yar\u0131n), b\u00f6lgemizde beklenen r\u00fczgar\u0131n kuzeyli y\u00f6nlerden; kuvvetli r\u00fczgar ve yer yer f\u0131rt\u0131na (50-70 km\/saat, yer yer 80 km\/saat) \u015feklinde esmesi bekleniyor. F\u0131rt\u0131nayla birlikte ula\u015f\u0131mda aksamalar, \u00e7at\u0131 u\u00e7mas\u0131 ve a\u011fa\u00e7 devrilmesi gibi olumsuzluklara kar\u015f\u0131 dikkatli ve tedbirli olunmal\u0131d\u0131r.&#8221;<\/p>\n","protected":false},"excerpt":{"rendered":"<p>Meteoroloji, Marmara&#8217;da f\u0131rt\u0131na, Trakya&#8217;da yo\u011fun kar uyar\u0131s\u0131 yapt\u0131; dikkatli olunmas\u0131 gerekti\u011fini bildirdi.<\/p>\n","protected":false},"author":1,"featured_media":28584,"comment_status":"open","ping_status":"open","sticky":false,"template":"","format":"standard","meta":{"footnotes":""},"categories":[9,4,13],"tags":[2600,297,1849,2853,2466],"class_list":["post-28583","post","type-post","status-publish","format-standard","has-post-thumbnail","hentry","category-genel","category-gundem","category-son-dakika","tag-firtina","tag-kar","tag-kuvvetli","tag-kuzey","tag-uyari"],"_links":{"self":[{"href":"https:\/\/bihavadis.com\/index.php\/wp-json\/wp\/v2\/posts\/28583","targetHints":{"allow":["GET"]}}],"collection":[{"href":"https:\/\/bihavadis.com\/index.php\/wp-json\/wp\/v2\/posts"}],"about":[{"href":"https:\/\/bihavadis.com\/index.php\/wp-json\/wp\/v2\/types\/post"}],"author":[{"embeddable":true,"href":"https:\/\/bihavadis.com\/index.php\/wp-json\/wp\/v2\/users\/1"}],"replies":[{"embeddable":true,"href":"https:\/\/bihavadis.com\/index.php\/wp-json\/wp\/v2\/comments?post=28583"}],"version-history":[{"count":1,"href":"https:\/\/bihavadis.com\/index.php\/wp-json\/wp\/v2\/posts\/28583\/revisions"}],"predecessor-version":[{"id":28585,"href":"https:\/\/bihavadis.com\/index.php\/wp-json\/wp\/v2\/posts\/28583\/revisions\/28585"}],"wp:featuredmedia":[{"embeddable":true,"href":"https:\/\/bihavadis.com\/index.php\/wp-json\/wp\/v2\/media\/28584"}],"wp:attachment":[{"href":"https:\/\/bihavadis.com\/index.php\/wp-json\/wp\/v2\/media?parent=28583"}],"wp:term":[{"taxonomy":"category","embeddable":true,"href":"https:\/\/bihavadis.com\/index.php\/wp-json\/wp\/v2\/categories?post=28583"},{"taxonomy":"post_tag","embeddable":true,"href":"https:\/\/bihavadis.com\/index.php\/wp-json\/wp\/v2\/tags?post=28583"}],"curies":[{"name":"wp","href":"https:\/\/api.w.org\/{rel}","templated":true}]}}