{"id":28594,"date":"2026-02-12T02:12:35","date_gmt":"2026-02-12T02:12:35","guid":{"rendered":"https:\/\/bihavadis.com\/?p=28594"},"modified":"2026-02-12T02:12:35","modified_gmt":"2026-02-12T02:12:35","slug":"medvedev-trump-baris-icin-cabaliyor","status":"publish","type":"post","link":"https:\/\/bihavadis.com\/index.php\/2026\/02\/12\/medvedev-trump-baris-icin-cabaliyor\/","title":{"rendered":"Medvedev: Trump Bar\u0131\u015f \u0130\u00e7in \u00c7abal\u0131yor"},"content":{"rendered":"<p> Rusya G\u00fcvenlik Konseyi Ba\u015fkan Yard\u0131mc\u0131s\u0131 Dmitriy Medvedev, ABD Ba\u015fkan\u0131 Donald Trump&#8217;\u0131n Rusya-Ukrayna Sava\u015f\u0131&#8217;nda \u00fcstlendi\u011fi rol ve Washington ile Moskova aras\u0131ndaki temaslara ili\u015fkin de\u011ferlendirmelerde bulundu. Medvedev, Trump&#8217;\u0131n tarihe bar\u0131\u015f getiren bir lider olarak ge\u00e7meyi hedefledi\u011fini belirterek, bu yakla\u015f\u0131m\u0131n ABD ile y\u00fcr\u00fct\u00fclen g\u00f6r\u00fc\u015fmelere de yans\u0131d\u0131\u011f\u0131n\u0131 s\u00f6yledi.<\/p>\n<p><b>&#8220;TRUMP ETK\u0130L\u0130 B\u0130R L\u0130DER&#8221;<\/b><\/p>\n<p>Moskova yak\u0131nlar\u0131ndaki konutunda bas\u0131n mensuplar\u0131n\u0131n sorular\u0131n\u0131 yan\u0131tlayan Medvedev, Trump&#8217;\u0131 &#8220;etkili bir lider&#8221; olarak tan\u0131mlad\u0131. ABD Ba\u015fkan\u0131&#8217;n\u0131n bar\u0131\u015f aray\u0131\u015f\u0131nda samimi oldu\u011funu savunan Medvedev, Trump&#8217;\u0131n zaman zaman &#8220;kaba&#8221; olarak nitelendirilen tarz\u0131n\u0131n asl\u0131nda sonu\u00e7 almaya y\u00f6nelik oldu\u011funu ifade etti.<\/p>\n<p>Trump&#8217;\u0131n duygusal bir ki\u015fili\u011fe sahip oldu\u011funu dile getiren Medvedev, &#8220;Faaliyetlerinin kaosa yol a\u00e7t\u0131\u011f\u0131 y\u00f6n\u00fcndeki de\u011ferlendirmeler tamamen do\u011fru de\u011fil. Bunun arkas\u0131nda bilin\u00e7li ve yetkin bir siyasi \u00e7izgi oldu\u011fu a\u00e7\u0131k&#8221; dedi.<\/p>\n<p><b>&#8220;ABD HALKININ TERC\u0130H\u0130NE SAYGI DUYUYORUZ&#8221;<\/b><\/p>\n<p>Medvedev, Trump&#8217;\u0131n Rusya i\u00e7in olumlu ya da olumsuz bir fig\u00fcr olup olmad\u0131\u011f\u0131na ve &#8220;Rusya ile ba\u011flant\u0131l\u0131&#8221; oldu\u011fu y\u00f6n\u00fcndeki iddialara da de\u011findi. ABD halk\u0131n\u0131n Trump&#8217;\u0131 se\u00e7ti\u011fini hat\u0131rlatan Medvedev, Moskova y\u00f6netiminin bu demokratik tercihe sayg\u0131 duydu\u011funu vurgulad\u0131.<\/p>\n<p><b>&#8220;AMER\u0130KALILARLA TEMASLAR DAHA VER\u0130ML\u0130&#8221;<\/b><\/p>\n<p>Trump&#8217;\u0131n tarihe bar\u0131\u015f getiren bir lider olarak ge\u00e7mek istedi\u011fini a\u00e7\u0131k\u00e7a ortaya koydu\u011funu s\u00f6yleyen Medvedev, &#8220;Bunu ger\u00e7ekten istiyor ve bu y\u00f6nde \u00e7aba g\u00f6steriyor. Bu nedenle Amerikal\u0131larla temaslar \u00e7ok daha verimli hale geldi&#8221; ifadelerini kulland\u0131.<\/p>\n<p>Trump&#8217;\u0131 anlaman\u0131n anahtar\u0131n\u0131n i\u015f d\u00fcnyas\u0131ndan gelen ge\u00e7mi\u015fini dikkate almak oldu\u011funu belirten Medvedev, Rusya&#8217;da yayg\u0131n olan &#8220;Eski KGB ajan\u0131 olmaz&#8221; esprisine g\u00f6nderme yaparak, &#8220;Eski i\u015f insan\u0131 diye bir \u015fey yoktur&#8221; dedi.<\/p>\n<p><b>&#8220;N\u00dcKLEER DEN\u0130ZALTILARI HALA BULAMADIK&#8221; <\/b><\/p>\n<p>Medvedev, Trump&#8217;\u0131n daha \u00f6nce ABD&#8217;ye ait n\u00fckleer denizalt\u0131lar\u0131n Rusya k\u0131y\u0131lar\u0131na yakla\u015ft\u0131r\u0131ld\u0131\u011f\u0131 y\u00f6n\u00fcndeki a\u00e7\u0131klamas\u0131na da de\u011findi. Rusya&#8217;n\u0131n bu denizalt\u0131lara dair herhangi bir iz tespit etmedi\u011fini s\u00f6yleyen Medvedev, &#8220;H\u00e2l\u00e2 onlar\u0131 bulamad\u0131k&#8221; ifadesini kulland\u0131.<\/p>\n<p>ABD Ba\u015fkan\u0131 Trump, A\u011fustos 2025&#8217;te, Medvedev&#8217;in taraflar aras\u0131nda olas\u0131 bir sava\u015f riskine ili\u015fkin &#8220;son derece provokatif&#8221; a\u00e7\u0131klamalar yapt\u0131\u011f\u0131n\u0131 savunmu\u015f ve buna kar\u015f\u0131l\u0131k iki ABD n\u00fckleer denizalt\u0131s\u0131n\u0131n Rusya&#8217;ya yak\u0131n b\u00f6lgelere konu\u015fland\u0131r\u0131lmas\u0131 talimat\u0131n\u0131 verdi\u011fini a\u00e7\u0131klam\u0131\u015ft\u0131.<\/p>\n","protected":false},"excerpt":{"rendered":"<p>Medvedev, Trump&#8217;\u0131n bar\u0131\u015f aray\u0131\u015f\u0131n\u0131 ve ABD ile temaslar\u0131n verimlili\u011fini vurgulad\u0131.<\/p>\n","protected":false},"author":1,"featured_media":28595,"comment_status":"open","ping_status":"open","sticky":false,"template":"","format":"standard","meta":{"footnotes":""},"categories":[12],"tags":[272,4563,154,2185],"class_list":["post-28594","post","type-post","status-publish","format-standard","has-post-thumbnail","hentry","category-siyaset","tag-abd","tag-medvedev","tag-rusya","tag-trumpi"],"_links":{"self":[{"href":"https:\/\/bihavadis.com\/index.php\/wp-json\/wp\/v2\/posts\/28594","targetHints":{"allow":["GET"]}}],"collection":[{"href":"https:\/\/bihavadis.com\/index.php\/wp-json\/wp\/v2\/posts"}],"about":[{"href":"https:\/\/bihavadis.com\/index.php\/wp-json\/wp\/v2\/types\/post"}],"author":[{"embeddable":true,"href":"https:\/\/bihavadis.com\/index.php\/wp-json\/wp\/v2\/users\/1"}],"replies":[{"embeddable":true,"href":"https:\/\/bihavadis.com\/index.php\/wp-json\/wp\/v2\/comments?post=28594"}],"version-history":[{"count":1,"href":"https:\/\/bihavadis.com\/index.php\/wp-json\/wp\/v2\/posts\/28594\/revisions"}],"predecessor-version":[{"id":28596,"href":"https:\/\/bihavadis.com\/index.php\/wp-json\/wp\/v2\/posts\/28594\/revisions\/28596"}],"wp:featuredmedia":[{"embeddable":true,"href":"https:\/\/bihavadis.com\/index.php\/wp-json\/wp\/v2\/media\/28595"}],"wp:attachment":[{"href":"https:\/\/bihavadis.com\/index.php\/wp-json\/wp\/v2\/media?parent=28594"}],"wp:term":[{"taxonomy":"category","embeddable":true,"href":"https:\/\/bihavadis.com\/index.php\/wp-json\/wp\/v2\/categories?post=28594"},{"taxonomy":"post_tag","embeddable":true,"href":"https:\/\/bihavadis.com\/index.php\/wp-json\/wp\/v2\/tags?post=28594"}],"curies":[{"name":"wp","href":"https:\/\/api.w.org\/{rel}","templated":true}]}}