{"id":28623,"date":"2026-02-12T02:30:04","date_gmt":"2026-02-12T02:30:04","guid":{"rendered":"https:\/\/bihavadis.com\/?p=28623"},"modified":"2026-02-12T02:30:04","modified_gmt":"2026-02-12T02:30:04","slug":"erenin-hayati-beyaz-baston-egitimiyle-degisti","status":"publish","type":"post","link":"https:\/\/bihavadis.com\/index.php\/2026\/02\/12\/erenin-hayati-beyaz-baston-egitimiyle-degisti\/","title":{"rendered":"Eren&#8217;in hayat\u0131 &#8220;beyaz baston&#8221; e\u011fitimiyle de\u011fi\u015fti"},"content":{"rendered":"<p>Kocaeli B\u00fcy\u00fck\u015fehir Belediyesi b\u00fcnyesinde hizmet veren Gonca Engelsiz Ya\u015fam Merkezi, aylar s\u00fcren e\u011fitim \u00e7al\u0131\u015fmalar\u0131n\u0131n meyvelerini almaya ba\u015flad\u0131. Merkezde e\u011fitim g\u00f6ren 24 ya\u015f\u0131ndaki g\u00f6rme engelli Eren Alada\u011f, ald\u0131\u011f\u0131 \u201cbeyaz baston\u201d e\u011fitimiyle g\u00fcnl\u00fck ya\u015fam\u0131nda daha ba\u011f\u0131ms\u0131z ve \u00f6zg\u00fcvenli ad\u0131mlar atmaya ba\u015flad\u0131.<\/p>\n<p><b>YA\u015eADI\u011eI S\u00dcREC\u0130 ANLATTI<\/b><br \/>Kocaeli B\u00fcy\u00fck\u015fehir Belediyesi\u2019ne ba\u011fl\u0131 Gonca Engelsiz Ya\u015fam Merkezi, aylar s\u00fcren e\u011fitim \u00e7al\u0131\u015fmalar\u0131n\u0131n meyvelerini birer birer al\u0131yor. Merkez b\u00fcnyesinde faaliyet g\u00f6steren G\u00f6rme Engelliler S\u0131n\u0131f\u0131\u2019nda verilen e\u011fitimler sayesinde \u00f6zel gereksinimli bireyler, hem g\u00fcnl\u00fck ya\u015famda hem de sosyal hayatta daha ba\u011f\u0131ms\u0131z h\u00e2le geliyor. Bu ba\u015far\u0131 hik\u00e2yelerinden biri de 24 ya\u015f\u0131ndaki Eren Alada\u011f. Merkezde ald\u0131\u011f\u0131 \u201cbeyaz baston\u201d e\u011fitimi sayesinde hayat\u0131nda b\u00fcy\u00fck bir de\u011fi\u015fim ya\u015fad\u0131\u011f\u0131n\u0131 dile getiren Eren, s\u00fcreci kendi s\u00f6zleriyle anlatt\u0131.<\/p>\n<p><b>\u201cOTOB\u00dcSE B\u0130LE B\u0130NEM\u0130YORDUM\u201d<\/b><br \/>Daha \u00f6nce yaln\u0131zca yak\u0131n mesafelere gidebildi\u011fini belirten Eren, ya\u015fad\u0131\u011f\u0131 s\u00fcreci \u015fu s\u00f6zlerle anlatt\u0131: \u201cEski tip baston kullan\u0131yordum, tekerle\u011fi yoktu. Geli\u015fig\u00fczel kullan\u0131yordum. Sadece bakkala kadar gidebiliyordum. Otob\u00fcse ve tramvaya binemiyordum.\u201d Merkezde ald\u0131\u011f\u0131 e\u011fitimlerin ard\u0131ndan g\u00fcnl\u00fck ya\u015famda \u00e7ok daha aktif h\u00e2le geldi\u011fini dile getiren Eren, yeni bastonunun ve do\u011fru kullan\u0131m tekniklerinin kendisine b\u00fcy\u00fck katk\u0131 sa\u011flad\u0131\u011f\u0131n\u0131 s\u00f6yledi.<\/p>\n<p><b>BEYAZ BASTON E\u011e\u0130T\u0130M\u0130YLE G\u00dcVENL\u0130 ADIMLAR<\/b><br \/>Merkezde verilen \u201cbeyaz baston\u201d e\u011fitimi, bireylerin bastonu do\u011fru kullanma, engelleri alg\u0131lama, merdiven ve kald\u0131r\u0131mlarda g\u00fcvenli y\u00f6n bulma gibi becerilerini geli\u015ftirmeyi ama\u00e7l\u0131yor. E\u011fitimlerde ayn\u0131 zamanda toplu ta\u015f\u0131ma kullan\u0131m\u0131 ve al\u0131\u015fveri\u015f gibi g\u00fcnl\u00fck ya\u015fam senaryolar\u0131 da uygulamal\u0131 olarak \u00f6\u011fretiliyor. \u00d6\u011frenciler, zaman zaman servisle AVM gibi kamusal alanlara g\u00f6t\u00fcr\u00fclerek sosyal hayat\u0131n rutinlerine al\u0131\u015ft\u0131r\u0131l\u0131yor. Bu e\u011fitimlerin kendisine \u00f6zg\u00fcven kazand\u0131rd\u0131\u011f\u0131n\u0131 belirten Eren Alada\u011f, \u201cKendi ba\u015f\u0131ma camiye gitmek istiyordum ama gidemiyordum. \u015eimdi al\u0131\u015ft\u0131m, yava\u015f yava\u015f gidiyorum. Ba\u015fard\u0131k\u00e7a daha mutlu ve \u00f6zg\u00fcvenli hissediyorum\u201d dedi.<\/p>\n<p><b>\u201cBURASI EV\u0130M\u0130Z G\u0130B\u0130\u201d<\/b><br \/>Gonca Engelsiz Ya\u015fam Merkezi\u2019ne girdi\u011fi ilk andan itibaren s\u0131n\u0131f\u0131n\u0131 kimseden yard\u0131m almadan bulabilen Eren Alada\u011f, merkeze duydu\u011fu sevgiyi dile getiriyor. Merkezin yaln\u0131zca bir e\u011fitim alan\u0131 de\u011fil, ayn\u0131 zamanda s\u0131cak bir ortam oldu\u011funu vurgulayan Alada\u011f, haftada bir g\u00fcn gelmesine ra\u011fmen burayla g\u00fc\u00e7l\u00fc bir ba\u011f kurdu\u011funu ifade ediyor. \u201cBuraya o kadar al\u0131\u015ft\u0131m ki evimiz gibi oldu. S\u0131n\u0131f\u0131m\u0131z ev gibi. G\u00fcnl\u00fck ya\u015fam dersini g\u00f6rd\u00fc\u011f\u00fcm\u00fcz yer de evimiz gibi geliyor. Her g\u00fcn gelmek istiyoruz.\u201d s\u00f6zleriyle duygular\u0131n\u0131 payla\u015fan Eren Alada\u011f, hayat\u0131na katt\u0131\u011f\u0131 katk\u0131lardan dolay\u0131 Kocaeli B\u00fcy\u00fck\u015fehir Belediyesi\u2019ne te\u015fekk\u00fcr etti.<\/p>\n<p><b>BRA\u0130LLE ALFABES\u0130YLE KUR\u2019AN-I KER\u0130M OKUYOR<\/b><br \/>Merkezde \u201cBraille Alfabesi\u201d, \u201cBraille Daktilo\u201d ve \u201cKabartma Kur\u2019an-\u0131 Kerim\u201d e\u011fitimleri de veriliyor. Bu e\u011fitimler sayesinde g\u00f6rme engelli bireyler, bilgiye kimseye ihtiya\u00e7 duymadan ula\u015fabiliyor. Eren Alada\u011f\u2019\u0131n istekli ve marifetli y\u00f6nleri bunlarla da s\u0131n\u0131rl\u0131 de\u011fil. Merkezde Braille alfabesiyle okudu\u011fu Kur\u2019an-\u0131 Kerim, dinleyenleri hayran b\u0131rak\u0131yor. Eren bu konudaki sevincini ise \u015fu s\u00f6zlerle dile getirdi: \u201cKur\u2019an okumay\u0131 okulda \u00f6\u011frendim. Daha sonra kabartma Kur\u2019an-\u0131 Kerim ile devam ettim. \u015eimdi burada da okuyabiliyorum.\u201d<\/p>\n<p><b>\u201cBU KURUMU A\u00c7ANLARDAN ALLAH RAZI OLSUN\u201d<\/b><br \/>Gonca Engelsiz Ya\u015fam Merkezi\u2019nin hayata ge\u00e7irilmesinde eme\u011fi ge\u00e7en herkese te\u015fekk\u00fcr eden Eren Alada\u011f,\u00a0 s\u00f6zlerini \u015fu \u015fekilde tamamlad\u0131: \u201cBa\u015fta Say\u0131n B\u00fcy\u00fck\u015fehir Belediye Ba\u015fkan\u0131m\u0131z Tahir B\u00fcy\u00fckak\u0131n\u2019a, hocalar\u0131m\u0131za ve t\u00fcm ekibe \u00e7ok te\u015fekk\u00fcr ediyorum. Sinan hocam, Fatih hocam ve di\u011fer \u00f6\u011fretmenlerimiz sayesinde kendimi geli\u015ftirmeye devam ediyorum. Bu merkezi a\u00e7anlardan Allah raz\u0131 olsun.\u201d<\/p>\n<p>\u00a0<\/p>\n<p>Kaynak: (BYZHA) Beyaz Haber Ajans\u0131<\/p>\n","protected":false},"excerpt":{"rendered":"<p>Kocaeli B\u00fcy\u00fck\u015fehir Belediyesi b\u00fcnyesinde hizmet veren Gonca Engelsiz Ya\u015fam Merkezi, aylar s\u00fcren e\u011fitim \u00e7al\u0131\u015fmalar\u0131n\u0131n meyvelerini almaya ba\u015flad\u0131.<\/p>\n","protected":false},"author":1,"featured_media":28624,"comment_status":"open","ping_status":"open","sticky":false,"template":"","format":"standard","meta":{"footnotes":""},"categories":[7],"tags":[4565,233,3907,4566,234],"class_list":["post-28623","post","type-post","status-publish","format-standard","has-post-thumbnail","hentry","category-egitim","tag-baston","tag-egitim","tag-eren","tag-gunluk-yasam","tag-merkez"],"_links":{"self":[{"href":"https:\/\/bihavadis.com\/index.php\/wp-json\/wp\/v2\/posts\/28623","targetHints":{"allow":["GET"]}}],"collection":[{"href":"https:\/\/bihavadis.com\/index.php\/wp-json\/wp\/v2\/posts"}],"about":[{"href":"https:\/\/bihavadis.com\/index.php\/wp-json\/wp\/v2\/types\/post"}],"author":[{"embeddable":true,"href":"https:\/\/bihavadis.com\/index.php\/wp-json\/wp\/v2\/users\/1"}],"replies":[{"embeddable":true,"href":"https:\/\/bihavadis.com\/index.php\/wp-json\/wp\/v2\/comments?post=28623"}],"version-history":[{"count":1,"href":"https:\/\/bihavadis.com\/index.php\/wp-json\/wp\/v2\/posts\/28623\/revisions"}],"predecessor-version":[{"id":28625,"href":"https:\/\/bihavadis.com\/index.php\/wp-json\/wp\/v2\/posts\/28623\/revisions\/28625"}],"wp:featuredmedia":[{"embeddable":true,"href":"https:\/\/bihavadis.com\/index.php\/wp-json\/wp\/v2\/media\/28624"}],"wp:attachment":[{"href":"https:\/\/bihavadis.com\/index.php\/wp-json\/wp\/v2\/media?parent=28623"}],"wp:term":[{"taxonomy":"category","embeddable":true,"href":"https:\/\/bihavadis.com\/index.php\/wp-json\/wp\/v2\/categories?post=28623"},{"taxonomy":"post_tag","embeddable":true,"href":"https:\/\/bihavadis.com\/index.php\/wp-json\/wp\/v2\/tags?post=28623"}],"curies":[{"name":"wp","href":"https:\/\/api.w.org\/{rel}","templated":true}]}}