{"id":28680,"date":"2026-02-12T03:15:05","date_gmt":"2026-02-12T03:15:05","guid":{"rendered":"https:\/\/bihavadis.com\/?p=28680"},"modified":"2026-02-12T03:15:05","modified_gmt":"2026-02-12T03:15:05","slug":"trabzonun-2025te-yabanci-ziyaretci-sayisi-yuzde-14-artti","status":"publish","type":"post","link":"https:\/\/bihavadis.com\/index.php\/2026\/02\/12\/trabzonun-2025te-yabanci-ziyaretci-sayisi-yuzde-14-artti\/","title":{"rendered":"Trabzon&#8217;un 2025&#8217;te yabanc\u0131 ziyaret\u00e7i say\u0131s\u0131 y\u00fczde 14 artt\u0131"},"content":{"rendered":"<p>Trabzon \u0130l K\u00fclt\u00fcr ve Turizm M\u00fcd\u00fcrl\u00fc\u011f\u00fc verilerine g\u00f6re, da\u011f ve yayla turizminin yan\u0131 s\u0131ra tarihi S\u00fcmela Manast\u0131r\u0131 ve Uzung\u00f6l gibi \u00e7ok say\u0131da turistik de\u011fere sahip Trabzon&#8217;un yabanc\u0131 ziyaret\u00e7i say\u0131s\u0131 2025&#8217;te, \u00f6nceki y\u0131la k\u0131yasla yakla\u015f\u0131k y\u00fczde 14 artt\u0131.<\/p>\n<p>M\u00fcd\u00fcrl\u00fc\u011f\u00fcn verilerinden derledi\u011fi bilgiye g\u00f6re, Trabzon&#8217;u 2025&#8217;te 639 bin 564 yerli, 808 bin 9&#8217;u da yabanc\u0131 olmak \u00fczere 1 milyon 447 bin 573 ki\u015fi ziyaret etti.<\/p>\n<p>Kent, 2024&#8217;te ise 634 bin 634 yerli, 711 bin 626 yabanc\u0131 olmak \u00fczere 1 milyon 346 bin 260 ki\u015fiye ev sahipli\u011fi yapt\u0131.<\/p>\n<p>Buna g\u00f6re Trabzon&#8217;a gelen ziyaret\u00e7i say\u0131s\u0131 yabanc\u0131da yakla\u015f\u0131k y\u00fczde 14, yerlide y\u00fczde 1, genel toplamda ise yakla\u015f\u0131k y\u00fczde 8 artt\u0131.<\/p>\n<p><strong>TES\u0130S SAYISI ARTTI<\/strong><\/p>\n<p>Trabzon&#8217;da tesis, konut ve yatak kapasitesinde de art\u0131\u015f ya\u015fand\u0131. Tesis say\u0131s\u0131 383&#8217;e, konut say\u0131s\u0131 800&#8217;e, yatak kapasitesi ise 35 bin 984&#8217;e y\u00fckseldi.<\/p>\n<p>Trabzon&#8217;a gelen ziyaret\u00e7iler, m\u00fcze ve \u00f6ren yerlerine ilgi g\u00f6sterdi.<\/p>\n<p>Bu kapsamda kentin \u00f6nemli turizm de\u011ferlerinden S\u00fcmela Manast\u0131r\u0131 514 bin 596 ziyaret\u00e7iyi a\u011f\u0131rlarken, \u00c7al Ma\u011faras\u0131 178 bin 500, Atat\u00fcrk K\u00f6\u015fk\u00fc 373 bin 920, \u015eehir M\u00fczesi de 28 bin 493 ki\u015fiye ev sahipli\u011fi yapt\u0131.<\/p>\n<p><img decoding=\"async\" src=\"https:\/\/bihavadis.com\/wp-content\/uploads\/2026\/02\/trabzonun-2025te-yabanci-ziyaretci-sayisi-yuzde-14-artti-0-vtH9Bpfc.jpg\"\/><\/p>\n<p><strong>&#8220;BU YIL Z\u0130YARET\u00c7\u0130 SAYISI OLARAK REKOR KIRDIK&#8221;<\/strong><\/p>\n<p>\u0130l K\u00fclt\u00fcr ve Turizm M\u00fcd\u00fcr\u00fc Tamer Erdo\u011fan, Trabzon&#8217;un, Karadeniz&#8217;in en \u00f6nemli turizm destinasyonlar\u0131n\u0131n ba\u015f\u0131na geldi\u011fini s\u00f6yledi.<\/p>\n<p>Kentin yo\u011fun ilgi g\u00f6rd\u00fc\u011f\u00fcn\u00fc belirten Erdo\u011fan, <b><em>&#8220;Trabzon \u00f6nceki y\u0131la g\u00f6re bakt\u0131\u011f\u0131m\u0131zda, yabanc\u0131 ziyaret\u00e7ide y\u00fczde 14&#8217;l\u00fck art\u0131\u015fla rekor k\u0131rd\u0131. 808 bin 9 yabanc\u0131 misafirimizi a\u011f\u0131rlad\u0131k. Yerli de 639 bin 564 misafirimizi a\u011f\u0131rlad\u0131k. Toplamda 1 milyon 447 bin 573 misafiri ilimiz a\u011f\u0131rlam\u0131\u015f oldu.&#8221;<\/em><\/b> dedi.<\/p>\n<p><img decoding=\"async\" src=\"https:\/\/bihavadis.com\/wp-content\/uploads\/2026\/02\/trabzonun-2025te-yabanci-ziyaretci-sayisi-yuzde-14-artti-1-EfkMfRrg.jpg\"\/><\/p>\n<p><strong>YEN\u0130 TUR\u0130ZM HEDEF\u0130<\/strong><\/p>\n<p>Erdo\u011fan, ziyaret\u00e7ilerin ilgisinden memnun olduklar\u0131n\u0131 ifade ederek, <b><em>&#8220;Amac\u0131m\u0131z yabanc\u0131 ziyaret\u00e7ide milyonlar\u0131 a\u015fmak. \u00d6n\u00fcm\u00fczdeki d\u00f6nemlerde 1,5 milyon hedefine do\u011fru gitmek istiyoruz.&#8221;<\/em><\/b> diye konu\u015ftu.<\/p>\n<p>Trabzon&#8217;un ge\u00e7en y\u0131l Suudi Arabistan ba\u015fta olmak \u00fczere, en fazla Orta Do\u011fu&#8217;dan gelen ziyaret\u00e7ilere ev sahipli\u011fi yapt\u0131\u011f\u0131na i\u015faret eden Erdo\u011fan, T\u00fcrk Cumhuriyetlerinden de her ge\u00e7en g\u00fcn daha fazla ziyaret\u00e7inin a\u011f\u0131rland\u0131\u011f\u0131n\u0131 dile getirdi.<\/p>\n<p><img decoding=\"async\" src=\"https:\/\/bihavadis.com\/wp-content\/uploads\/2026\/02\/trabzonun-2025te-yabanci-ziyaretci-sayisi-yuzde-14-artti-2-dAyascjJ.jpg\"\/><\/p>\n<p><strong>&#8220;20 B\u0130N \u00d6ZBEK M\u0130SAF\u0130R A\u011eIRLADIK&#8221; <\/strong><\/p>\n<p>Erdo\u011fan, bu kapsamda \u00d6zbekistan ile \u00e7al\u0131\u015fma i\u00e7erisinde olduklar\u0131n\u0131 vurgulayarak, \u015funlar\u0131 kaydetti:<\/p>\n<p>\u00c7al\u0131\u015fmalar neticesinde de 20 bin \u00d6zbek misafirimizi Trabzon&#8217;umuzda a\u011f\u0131rlad\u0131k. Bu memnuniyet verici durum. \u00d6n\u00fcm\u00fczdeki y\u0131llarda yapaca\u011f\u0131m\u0131z etkin tan\u0131t\u0131mlarla \u00e7ok farkl\u0131 mecralarda da \u00e7al\u0131\u015fmalar\u0131m\u0131z\u0131 y\u00fcr\u00fctece\u011fiz.<\/p>\n","protected":false},"excerpt":{"rendered":"<p>Trabzon \u0130l K\u00fclt\u00fcr ve Turizm M\u00fcd\u00fcrl\u00fc\u011f\u00fc verilerine g\u00f6re, 2025&#8217;te yabanc\u0131 ziyaret\u00e7i say\u0131s\u0131 \u00f6nemli \u00f6l\u00e7\u00fcde artt\u0131. S\u00fcmela Manast\u0131r\u0131 ve Uzung\u00f6l gibi turistik mekanlarla b\u00fcy\u00fck ilgi \u00e7eken \u015fehir, yerli ve yabanc\u0131 turistlerin ra\u011fbet g\u00f6sterdi\u011fi bir destinasyon haline geldi.<\/p>\n","protected":false},"author":1,"featured_media":28681,"comment_status":"open","ping_status":"open","sticky":false,"template":"","format":"standard","meta":{"footnotes":""},"categories":[8],"tags":[4539,1788,511,4035,1267],"class_list":["post-28680","post","type-post","status-publish","format-standard","has-post-thumbnail","hentry","category-ekonomi","tag-misafir","tag-trabzon","tag-turizm","tag-yabanci","tag-ziyaretci"],"_links":{"self":[{"href":"https:\/\/bihavadis.com\/index.php\/wp-json\/wp\/v2\/posts\/28680","targetHints":{"allow":["GET"]}}],"collection":[{"href":"https:\/\/bihavadis.com\/index.php\/wp-json\/wp\/v2\/posts"}],"about":[{"href":"https:\/\/bihavadis.com\/index.php\/wp-json\/wp\/v2\/types\/post"}],"author":[{"embeddable":true,"href":"https:\/\/bihavadis.com\/index.php\/wp-json\/wp\/v2\/users\/1"}],"replies":[{"embeddable":true,"href":"https:\/\/bihavadis.com\/index.php\/wp-json\/wp\/v2\/comments?post=28680"}],"version-history":[{"count":1,"href":"https:\/\/bihavadis.com\/index.php\/wp-json\/wp\/v2\/posts\/28680\/revisions"}],"predecessor-version":[{"id":28685,"href":"https:\/\/bihavadis.com\/index.php\/wp-json\/wp\/v2\/posts\/28680\/revisions\/28685"}],"wp:featuredmedia":[{"embeddable":true,"href":"https:\/\/bihavadis.com\/index.php\/wp-json\/wp\/v2\/media\/28681"}],"wp:attachment":[{"href":"https:\/\/bihavadis.com\/index.php\/wp-json\/wp\/v2\/media?parent=28680"}],"wp:term":[{"taxonomy":"category","embeddable":true,"href":"https:\/\/bihavadis.com\/index.php\/wp-json\/wp\/v2\/categories?post=28680"},{"taxonomy":"post_tag","embeddable":true,"href":"https:\/\/bihavadis.com\/index.php\/wp-json\/wp\/v2\/tags?post=28680"}],"curies":[{"name":"wp","href":"https:\/\/api.w.org\/{rel}","templated":true}]}}