{"id":28699,"date":"2026-02-12T03:27:04","date_gmt":"2026-02-12T03:27:04","guid":{"rendered":"https:\/\/bihavadis.com\/?p=28699"},"modified":"2026-02-12T03:27:04","modified_gmt":"2026-02-12T03:27:04","slug":"kadikoy-belediyesi-eloge-markasini-ikinci-kez-aldi","status":"publish","type":"post","link":"https:\/\/bihavadis.com\/index.php\/2026\/02\/12\/kadikoy-belediyesi-eloge-markasini-ikinci-kez-aldi\/","title":{"rendered":"Kad\u0131k\u00f6y Belediyesi ELOGE Markas\u0131n\u0131 \u0130kinci Kez Ald\u0131"},"content":{"rendered":"<p><b>Kad\u0131k\u00f6y Belediyesi, Avrupa Konseyi taraf\u0131ndan verilen Avrupa Y\u00f6neti\u015fim M\u00fckemmelli\u011fi Markas\u0131\u2019na (ELoGE) ikinci defa lay\u0131k g\u00f6r\u00fcld\u00fc.<\/b><\/p>\n<p>\u00a0<br \/>Avrupa Y\u00f6neti\u015fim M\u00fckemmelli\u011fi Markas\u0131 (ELoGE-European Label of Governance Excellence), iyi y\u00f6neti\u015fim ilkelerine uygun hareket eden ve bu anlay\u0131\u015f\u0131 s\u00fcrekli olarak geli\u015ftirmeyi taahh\u00fct eden belediyelere verilen bir marka. Avrupa Konseyi taraf\u0131ndan geli\u015ftirilen marka, 12 iyi y\u00f6neti\u015fim ilkesine dayanarak, kamu kurumlar\u0131nda iyi y\u00f6neti\u015fim k\u00fclt\u00fcr\u00fcn\u00fc yayg\u0131nla\u015ft\u0131rmay\u0131, kalite standartlar\u0131 olu\u015fturmay\u0131 ve yenilik\u00e7i uygulamalar\u0131 te\u015fvik ederek g\u00fc\u00e7lendirmeyi ama\u00e7l\u0131yor. 2024 y\u0131l\u0131nda bu markay\u0131 almaya lay\u0131k g\u00f6r\u00fclen Kad\u0131k\u00f6y Belediyesi, markay\u0131 ikinci kez kazanm\u0131\u015f oldu.<\/p>\n<p>\u00a0<br \/><b>16 BELED\u0130YE L\u0130STEYE G\u0130RD\u0130<\/b><br \/>ELoGE 2025 sonu\u00e7lar\u0131, 10 \u015eubat\u2019ta T\u00fcrkiye Belediyeler Birli\u011fi (TBB) ev sahipli\u011finde d\u00fczenlenen t\u00f6rende a\u00e7\u0131kland\u0131. S\u00fcre\u00e7, Avrupa Konseyi taraf\u0131ndan yetkilendirilen Arg\u00fcden Y\u00f6neti\u015fim Akademisi koordinat\u00f6rl\u00fc\u011f\u00fcnde; Avrupa Yerel Demokrasi Derne\u011fi (ALDA) ve \u00d6zye\u011fin \u00dcniversitesi\u2019nin kat\u0131l\u0131m\u0131yla olu\u015fturulan Ulusal Platform taraf\u0131ndan y\u00fcr\u00fct\u00fcld\u00fc.<br \/>Ba\u015fvurular, Avrupa Konseyi\u2019nin belirledi\u011fi iyi y\u00f6neti\u015fim kriterleri \u00e7er\u00e7evesinde; deneyimli b\u00fcrokratlar, akademisyenler ve sivil toplum temsilcilerinden olu\u015fan ba\u011f\u0131ms\u0131z bir j\u00fcri taraf\u0131ndan de\u011ferlendirildi. De\u011ferlendirmede; \u015feffafl\u0131k, hesap verebilirlik, kat\u0131l\u0131mc\u0131l\u0131k, hukukun \u00fcst\u00fcnl\u00fc\u011f\u00fc, etik y\u00f6netim ve s\u00fcrd\u00fcr\u00fclebilirlik gibi temel ilkeler esas al\u0131nd\u0131.<br \/>Bu y\u0131l T\u00fcrkiye genelinde 6 b\u00fcy\u00fck\u015fehir ve 10 il\u00e7e belediyesi olmak \u00fczere toplam 16 belediye ELoGE Markas\u0131\u2019n\u0131 kullan\u0131m hakk\u0131 kazand\u0131. 2026 y\u0131l\u0131 i\u00e7in markay\u0131 kullanma hakk\u0131n\u0131 elde eden di\u011fer belediyeler; Avc\u0131lar, Adana, Ankara, Ba\u011fc\u0131lar, Bak\u0131rk\u00f6y, Bal\u0131kesir, Bornova, Eski\u015fehir, Etimesgut, Fatih, Gaziantep, Manisa, Odunpazar\u0131, Sultanbeyli, Tepeba\u015f\u0131 oldu.<\/p>\n<p><b>AVRUPA Y\u00d6NET\u0130\u015e\u0130M M\u00dcKEMMELL\u0130\u011e\u0130 MARKASI (ELOGE) NED\u0130R?<\/b><\/p>\n<p>Avrupa Y\u00f6neti\u015fim M\u00fckemmelli\u011fi Markas\u0131 (ELoGE &#8211; European Label of Governance Excellence), yerel y\u00f6netimlerde iyi y\u00f6neti\u015fimde 12 ilkeye uygun hareket eden ve bu ilkeleri s\u00fcrekli geli\u015ftirmeyi taahh\u00fct eden belediyelere verilen bir prestij markas\u0131. Bu ilkeler, \u015feffafl\u0131k, kat\u0131l\u0131mc\u0131l\u0131k, hesap verebilirlik, etkinlik ve kapsay\u0131c\u0131l\u0131k gibi y\u00f6neti\u015fimde kaliteyi art\u0131ran unsurlar\u0131 kaps\u0131yor. Bu marka, yerel y\u00f6netimlerin uluslararas\u0131 \u00f6l\u00e7ekte tan\u0131n\u0131rl\u0131\u011f\u0131n\u0131 art\u0131r\u0131rken, ayn\u0131 zamanda vatanda\u015flarla g\u00fc\u00e7l\u00fc bir g\u00fcven ili\u015fkisi kurulmas\u0131na da katk\u0131da bulunuyor.<\/p>\n<p>\u00a0<\/p>\n<p>\u00a0<\/p>\n<p>Kaynak: (BYZHA) Beyaz Haber Ajans\u0131<\/p>\n","protected":false},"excerpt":{"rendered":"<p>Kad\u0131k\u00f6y Belediyesi, Avrupa Konseyi taraf\u0131ndan verilen Avrupa Y\u00f6neti\u015fim M\u00fckemmelli\u011fi Markas\u0131\u2019na (ELoGE) ikinci defa lay\u0131k g\u00f6r\u00fcld\u00fc.<\/p>\n","protected":false},"author":1,"featured_media":28700,"comment_status":"open","ping_status":"open","sticky":false,"template":"","format":"standard","meta":{"footnotes":""},"categories":[4],"tags":[1090,372,2034,4576,4577],"class_list":["post-28699","post","type-post","status-publish","format-standard","has-post-thumbnail","hentry","category-gundem","tag-avrupa","tag-belediye","tag-eden","tag-markasi","tag-yonetisim"],"_links":{"self":[{"href":"https:\/\/bihavadis.com\/index.php\/wp-json\/wp\/v2\/posts\/28699","targetHints":{"allow":["GET"]}}],"collection":[{"href":"https:\/\/bihavadis.com\/index.php\/wp-json\/wp\/v2\/posts"}],"about":[{"href":"https:\/\/bihavadis.com\/index.php\/wp-json\/wp\/v2\/types\/post"}],"author":[{"embeddable":true,"href":"https:\/\/bihavadis.com\/index.php\/wp-json\/wp\/v2\/users\/1"}],"replies":[{"embeddable":true,"href":"https:\/\/bihavadis.com\/index.php\/wp-json\/wp\/v2\/comments?post=28699"}],"version-history":[{"count":1,"href":"https:\/\/bihavadis.com\/index.php\/wp-json\/wp\/v2\/posts\/28699\/revisions"}],"predecessor-version":[{"id":28701,"href":"https:\/\/bihavadis.com\/index.php\/wp-json\/wp\/v2\/posts\/28699\/revisions\/28701"}],"wp:featuredmedia":[{"embeddable":true,"href":"https:\/\/bihavadis.com\/index.php\/wp-json\/wp\/v2\/media\/28700"}],"wp:attachment":[{"href":"https:\/\/bihavadis.com\/index.php\/wp-json\/wp\/v2\/media?parent=28699"}],"wp:term":[{"taxonomy":"category","embeddable":true,"href":"https:\/\/bihavadis.com\/index.php\/wp-json\/wp\/v2\/categories?post=28699"},{"taxonomy":"post_tag","embeddable":true,"href":"https:\/\/bihavadis.com\/index.php\/wp-json\/wp\/v2\/tags?post=28699"}],"curies":[{"name":"wp","href":"https:\/\/api.w.org\/{rel}","templated":true}]}}